{"id":1042,"date":"2022-04-29T10:27:39","date_gmt":"2022-04-29T13:27:39","guid":{"rendered":"https:\/\/infosports.com.ar\/web\/?p=1042"},"modified":"2022-04-29T10:46:11","modified_gmt":"2022-04-29T13:46:11","slug":"catriel-rugby-va-frente-a-patagonia-por-el-campeonato-en-casa","status":"publish","type":"post","link":"https:\/\/infosports.com.ar\/web\/catriel-rugby-va-frente-a-patagonia-por-el-campeonato-en-casa\/","title":{"rendered":"Catriel Rugby va frente a Patagonia por el campeonato en casa"},"content":{"rendered":"<p>El CRC recibir\u00e1 a Patagonia por la sexta fecha del torneo apertura de la URAV. La fecha 6, que debi\u00f3 postergarse debido a las condiciones clim\u00e1ticas del pasado fin de semana, tendr\u00e1 lugar este s\u00e1bado 30 a las 16:00hs.<!--more--><\/p>\n<p>El conjunto catrielence, que viene con un andar arrollador con 4 partidos jugados y cuatro ganados, se ubica como \u00fanico l\u00edder en la tabla de posiciones con 20 unidades y de medir\u00e1 ante su principal perseguidor, Patagonia de Neuqu\u00e9n que suma 19 puntos.<\/p>\n<p>Si bien no es la \u00faltima fecha del torneo, este partido puede coronar a Catriel, ya que la fecha siguiente (\u00faltima fecha) Patagonia tendr\u00e1 fecha libre y el CRC visitara a Allen.<\/p>\n<p>Se espera una gran concurrencia de p\u00fablico y se contara con servicio de cantina.<\/p>\n<p>Por su parte las chicas del rugby femenino tambi\u00e9n recuperaran la fecha postergada y viajaran a Centenario para enfrentar a Patos el d\u00eda domingo 1 de mayo.<\/p>\n<div dir=\"auto\">Citados Catriel vs Patagonia<\/div>\n<div dir=\"auto\"><\/div>\n<div dir=\"auto\"><em><strong>1 Ortiz Franco<\/strong><\/em><\/div>\n<div dir=\"auto\"><em><strong>2 Campos Pablo<\/strong><\/em><\/div>\n<div dir=\"auto\"><em><strong>3 Miguel Miranda<\/strong><\/em><\/div>\n<div dir=\"auto\"><em><strong>4 M\u00e9ndez Daniel<\/strong><\/em><\/div>\n<div dir=\"auto\"><em><strong>5 Manchini Javier<\/strong><\/em><\/div>\n<div dir=\"auto\"><em><strong>6 Ortiz Maximiliano<\/strong><\/em><\/div>\n<div dir=\"auto\"><em><strong>7 Duran Franco<\/strong><\/em><\/div>\n<div dir=\"auto\"><em><strong>8 Ortiz Federico<\/strong><\/em><\/div>\n<div dir=\"auto\"><em><strong>9 Riveira Juli\u00e1n<\/strong><\/em><\/div>\n<div dir=\"auto\"><em><strong>10 Navarro Tomas<\/strong><\/em><\/div>\n<div dir=\"auto\"><em><strong>11 Amieva Maximiliano<\/strong><\/em><\/div>\n<div dir=\"auto\"><em><strong>12 Miranda Hern\u00e1n<\/strong><\/em><\/div>\n<div dir=\"auto\"><em><strong>13 Tricanam Roque<\/strong><\/em><\/div>\n<div dir=\"auto\"><em><strong>14 Alexis Martinez<\/strong><\/em><\/div>\n<div dir=\"auto\"><em><strong>15 Daniel Gonzalez<\/strong><\/em><\/div>\n<div dir=\"auto\"><em><strong>16 Jairo Orellano<\/strong><\/em><\/div>\n<div dir=\"auto\"><em><strong>17 Javier Roco<\/strong><\/em><\/div>\n<div dir=\"auto\"><em><strong>18 Nicolas Riveira<\/strong><\/em><\/div>\n<div dir=\"auto\"><em><strong>19 Jose Duran<\/strong><\/em><\/div>\n<div dir=\"auto\"><em><strong>20 Cristian Ramirez<\/strong><\/em><\/div>\n<div dir=\"auto\"><em><strong>21 Isacc Cardenas<\/strong><\/em><\/div>\n<div dir=\"auto\"><em><strong>22 Diego Padellaro<\/strong><\/em><\/div>\n<div dir=\"auto\"><em><strong>23 Tomas Espinosa<\/strong><\/em><\/div>\n<div dir=\"auto\"><\/div>\n<div dir=\"auto\"><em><strong>24 Nico Duran\u00a0<\/strong><\/em><\/div>\n<div dir=\"auto\"><em><strong>25 Franco Barros\u00a0<\/strong><\/em><\/div>\n<div dir=\"auto\"><\/div>\n<div dir=\"auto\">Prensa CRC<\/div>\n","protected":false},"excerpt":{"rendered":"<p>El CRC recibir\u00e1 a Patagonia por la sexta fecha del torneo apertura de la URAV. La fecha 6, que debi\u00f3 postergarse debido a las condiciones clim\u00e1ticas del pasado fin de semana, tendr\u00e1 lugar este s\u00e1bado 30 a las 16:00hs.<\/p>\n","protected":false},"author":3,"featured_media":0,"comment_status":"open","ping_status":"open","sticky":false,"template":"","format":"standard","meta":{"_acf_changed":false,"footnotes":""},"categories":[],"tags":[],"class_list":["post-1042","post","type-post","status-publish","format-standard"],"acf":[],"aioseo_notices":[],"_links":{"self":[{"href":"https:\/\/infosports.com.ar\/web\/wp-json\/wp\/v2\/posts\/1042","targetHints":{"allow":["GET"]}}],"collection":[{"href":"https:\/\/infosports.com.ar\/web\/wp-json\/wp\/v2\/posts"}],"about":[{"href":"https:\/\/infosports.com.ar\/web\/wp-json\/wp\/v2\/types\/post"}],"author":[{"embeddable":true,"href":"https:\/\/infosports.com.ar\/web\/wp-json\/wp\/v2\/users\/3"}],"replies":[{"embeddable":true,"href":"https:\/\/infosports.com.ar\/web\/wp-json\/wp\/v2\/comments?post=1042"}],"version-history":[{"count":2,"href":"https:\/\/infosports.com.ar\/web\/wp-json\/wp\/v2\/posts\/1042\/revisions"}],"predecessor-version":[{"id":1045,"href":"https:\/\/infosports.com.ar\/web\/wp-json\/wp\/v2\/posts\/1042\/revisions\/1045"}],"wp:attachment":[{"href":"https:\/\/infosports.com.ar\/web\/wp-json\/wp\/v2\/media?parent=1042"}],"wp:term":[{"taxonomy":"category","embeddable":true,"href":"https:\/\/infosports.com.ar\/web\/wp-json\/wp\/v2\/categories?post=1042"},{"taxonomy":"post_tag","embeddable":true,"href":"https:\/\/infosports.com.ar\/web\/wp-json\/wp\/v2\/tags?post=1042"}],"curies":[{"name":"wp","href":"https:\/\/api.w.org\/{rel}","templated":true}]}}