{"id":1049,"date":"2022-05-01T00:49:37","date_gmt":"2022-05-01T03:49:37","guid":{"rendered":"https:\/\/infosports.com.ar\/web\/?p=1049"},"modified":"2022-05-02T12:47:13","modified_gmt":"2022-05-02T15:47:13","slug":"25-se-mueve-reconocimiento-de-circuito","status":"publish","type":"post","link":"https:\/\/infosports.com.ar\/web\/25-se-mueve-reconocimiento-de-circuito\/","title":{"rendered":"&#8220;25 se mueve&#8221;-Reconocimiento de Circuito para la 3\u00b0 fecha"},"content":{"rendered":"<p>El campeonato Pedestre de 25 de Mayo sigue a paso firme, con el tercer cap\u00edtulo a la vuelta de la esquina la organizaci\u00f3n ya demarca el circuito<!--more--><\/p>\n<p>La Direcci\u00f3n de Deportes del Municipio local as\u00ed lo confirm\u00f3 a trav\u00e9s de las redes, compartiendo fotos del reconocimiento del circuito a recorrer para la tercer fecha a disputarse el 8 de Mayo\u00a0 con 7 y 15k.<\/p>\n<p><a href=\"https:\/\/infosports.com.ar\/web\/wp-content\/uploads\/2022\/05\/FB_IMG_1651376699741.jpg\"><img loading=\"lazy\" decoding=\"async\" class=\"alignnone size-full wp-image-1050\" src=\"https:\/\/infosports.com.ar\/web\/wp-content\/uploads\/2022\/05\/FB_IMG_1651376699741.jpg\" alt=\"\" width=\"719\" height=\"540\" \/><\/a><\/p>\n<p>Las inscripciones ya est\u00e1n abiertas.<\/p>\n<p>Dale clic al link e inscribite<\/p>\n<p>https:\/\/forms.gle\/69ryExfkbT9eSgoC9<\/p>\n","protected":false},"excerpt":{"rendered":"<p>El campeonato Pedestre de 25 de Mayo sigue a paso firme, con el tercer cap\u00edtulo a la vuelta de la esquina la organizaci\u00f3n ya demarca el circuito<\/p>\n","protected":false},"author":3,"featured_media":0,"comment_status":"open","ping_status":"open","sticky":false,"template":"","format":"standard","meta":{"_acf_changed":false,"footnotes":""},"categories":[],"tags":[],"class_list":["post-1049","post","type-post","status-publish","format-standard"],"acf":[],"aioseo_notices":[],"_links":{"self":[{"href":"https:\/\/infosports.com.ar\/web\/wp-json\/wp\/v2\/posts\/1049","targetHints":{"allow":["GET"]}}],"collection":[{"href":"https:\/\/infosports.com.ar\/web\/wp-json\/wp\/v2\/posts"}],"about":[{"href":"https:\/\/infosports.com.ar\/web\/wp-json\/wp\/v2\/types\/post"}],"author":[{"embeddable":true,"href":"https:\/\/infosports.com.ar\/web\/wp-json\/wp\/v2\/users\/3"}],"replies":[{"embeddable":true,"href":"https:\/\/infosports.com.ar\/web\/wp-json\/wp\/v2\/comments?post=1049"}],"version-history":[{"count":2,"href":"https:\/\/infosports.com.ar\/web\/wp-json\/wp\/v2\/posts\/1049\/revisions"}],"predecessor-version":[{"id":1076,"href":"https:\/\/infosports.com.ar\/web\/wp-json\/wp\/v2\/posts\/1049\/revisions\/1076"}],"wp:attachment":[{"href":"https:\/\/infosports.com.ar\/web\/wp-json\/wp\/v2\/media?parent=1049"}],"wp:term":[{"taxonomy":"category","embeddable":true,"href":"https:\/\/infosports.com.ar\/web\/wp-json\/wp\/v2\/categories?post=1049"},{"taxonomy":"post_tag","embeddable":true,"href":"https:\/\/infosports.com.ar\/web\/wp-json\/wp\/v2\/tags?post=1049"}],"curies":[{"name":"wp","href":"https:\/\/api.w.org\/{rel}","templated":true}]}}