{"id":10751,"date":"2026-02-26T12:34:13","date_gmt":"2026-02-26T15:34:13","guid":{"rendered":"https:\/\/infosports.com.ar\/web\/?p=10751"},"modified":"2026-02-26T12:34:13","modified_gmt":"2026-02-26T15:34:13","slug":"destacada-actuacion-carielense-en-el-lanin-extremo-2026","status":"publish","type":"post","link":"https:\/\/infosports.com.ar\/web\/destacada-actuacion-carielense-en-el-lanin-extremo-2026\/","title":{"rendered":"Destacada actuaci\u00f3n Carielense en el Lan\u00edn Extremo 2026"},"content":{"rendered":"<p data-start=\"100\" data-end=\"428\">Jun\u00edn de Los Andes-Con un imponente marco natural en la zona del <strong data-start=\"146\" data-end=\"168\">Lago Huechulafquen<\/strong>, en Jun\u00edn de los Andes, se desarroll\u00f3 una nueva edici\u00f3n del <strong data-start=\"229\" data-end=\"246\">Lan\u00edn Extremo<\/strong>, una de las competencias de trail running m\u00e1s convocantes de la Patagonia, donde atletas de la comarca Catrielense tuvieron una sobresaliente participaci\u00f3n en la distancia de <strong data-start=\"410\" data-end=\"427\">13 kil\u00f3metros<\/strong>. (www.infosports.com.ar)<!--more--><\/p>\n<p data-start=\"430\" data-end=\"691\">El pasado 8 de febrero los runners Catrielenses se acercaron a Jun\u00edn de Los Andes para sortera el circuito, caracterizado por senderos t\u00e9cnicos, desniveles exigentes y paisajes dominados por el entorno del volc\u00e1n Lan\u00edn, volvi\u00f3 a poner a prueba la resistencia y estrategia de los corredores en un trazado de gran belleza pero tambi\u00e9n de alta demanda f\u00edsica.<\/p>\n<p data-start=\"430\" data-end=\"691\"><a href=\"http:\/\/infosports.com.ar\/web\/wp-content\/uploads\/2026\/02\/WhatsApp-Image-2026-02-26-at-12.25.44.jpg\"><img loading=\"lazy\" decoding=\"async\" class=\"alignnone size-full wp-image-10753\" src=\"http:\/\/infosports.com.ar\/web\/wp-content\/uploads\/2026\/02\/WhatsApp-Image-2026-02-26-at-12.25.44.jpg\" alt=\"\" width=\"743\" height=\"459\" srcset=\"https:\/\/infosports.com.ar\/web\/wp-content\/uploads\/2026\/02\/WhatsApp-Image-2026-02-26-at-12.25.44.jpg 743w, https:\/\/infosports.com.ar\/web\/wp-content\/uploads\/2026\/02\/WhatsApp-Image-2026-02-26-at-12.25.44-300x185.jpg 300w, https:\/\/infosports.com.ar\/web\/wp-content\/uploads\/2026\/02\/WhatsApp-Image-2026-02-26-at-12.25.44-680x420.jpg 680w, https:\/\/infosports.com.ar\/web\/wp-content\/uploads\/2026\/02\/WhatsApp-Image-2026-02-26-at-12.25.44-696x430.jpg 696w, https:\/\/infosports.com.ar\/web\/wp-content\/uploads\/2026\/02\/WhatsApp-Image-2026-02-26-at-12.25.44-356x220.jpg 356w, https:\/\/infosports.com.ar\/web\/wp-content\/uploads\/2026\/02\/WhatsApp-Image-2026-02-26-at-12.25.44-741x459.jpg 741w\" sizes=\"auto, (max-width: 743px) 100vw, 743px\" \/><\/a><\/p>\n<h3 data-start=\"693\" data-end=\"718\">Resultados destacados<\/h3>\n<ul data-start=\"720\" data-end=\"1441\">\n<li data-start=\"720\" data-end=\"905\">\n<p data-start=\"722\" data-end=\"751\"><strong data-start=\"722\" data-end=\"749\">Leandro Germ\u00e1n Antoniuk<\/strong><\/p>\n<ul data-start=\"754\" data-end=\"905\">\n<li data-start=\"754\" data-end=\"808\">\n<p data-start=\"756\" data-end=\"808\">&#x1f947; <strong data-start=\"759\" data-end=\"806\">1\u00b0 puesto en la categor\u00eda Masculino 30 a 39<\/strong><\/p>\n<\/li>\n<li data-start=\"811\" data-end=\"859\">\n<p data-start=\"813\" data-end=\"859\">&#x1f949; <strong data-start=\"816\" data-end=\"857\">3\u00b0 puesto en la clasificaci\u00f3n general<\/strong><\/p>\n<\/li>\n<li data-start=\"862\" data-end=\"887\">\n<p data-start=\"864\" data-end=\"887\">&#x23f1; Tiempo: <strong data-start=\"874\" data-end=\"885\">1:41:42<\/strong><\/p>\n<\/li>\n<li data-start=\"890\" data-end=\"905\">\n<p data-start=\"892\" data-end=\"905\">Dorsal: 164<\/p>\n<\/li>\n<\/ul>\n<\/li>\n<li data-start=\"907\" data-end=\"1080\">\n<p data-start=\"909\" data-end=\"929\"><strong data-start=\"909\" data-end=\"927\">Diego Antoniuk<\/strong><\/p>\n<ul data-start=\"932\" data-end=\"1080\">\n<li data-start=\"932\" data-end=\"986\">\n<p data-start=\"934\" data-end=\"986\">&#x1f949; <strong data-start=\"937\" data-end=\"984\">3\u00b0 puesto en la categor\u00eda Masculino 30 a 39<\/strong><\/p>\n<\/li>\n<li data-start=\"989\" data-end=\"1034\">\n<p data-start=\"991\" data-end=\"1034\"><strong data-start=\"991\" data-end=\"1032\">6\u00b0 puesto en la clasificaci\u00f3n general<\/strong><\/p>\n<\/li>\n<li data-start=\"1037\" data-end=\"1062\">\n<p data-start=\"1039\" data-end=\"1062\">&#x23f1; Tiempo: <strong data-start=\"1049\" data-end=\"1060\">1:48:52<\/strong><\/p>\n<\/li>\n<li data-start=\"1065\" data-end=\"1080\">\n<p data-start=\"1067\" data-end=\"1080\">Dorsal: 157<\/p>\n<\/li>\n<\/ul>\n<\/li>\n<li data-start=\"1082\" data-end=\"1266\">\n<p data-start=\"1084\" data-end=\"1104\"><strong data-start=\"1084\" data-end=\"1102\">Jimena Aliotti<\/strong><\/p>\n<ul data-start=\"1107\" data-end=\"1266\">\n<li data-start=\"1107\" data-end=\"1160\">\n<p data-start=\"1109\" data-end=\"1160\">&#x1f947; <strong data-start=\"1112\" data-end=\"1158\">1\u00b0 puesto en la categor\u00eda Femenino 30 a 39<\/strong><\/p>\n<\/li>\n<li data-start=\"1163\" data-end=\"1220\">\n<p data-start=\"1165\" data-end=\"1220\">&#x1f947; <strong data-start=\"1168\" data-end=\"1218\">1\u00b0 puesto en la clasificaci\u00f3n general femenina<\/strong><\/p>\n<\/li>\n<li data-start=\"1223\" data-end=\"1248\">\n<p data-start=\"1225\" data-end=\"1248\">&#x23f1; Tiempo: <strong data-start=\"1235\" data-end=\"1246\">1:56:41<\/strong><\/p>\n<\/li>\n<li data-start=\"1251\" data-end=\"1266\">\n<p data-start=\"1253\" data-end=\"1266\">Dorsal: 155<\/p>\n<\/li>\n<\/ul>\n<\/li>\n<li data-start=\"1268\" data-end=\"1441\">\n<p data-start=\"1270\" data-end=\"1292\"><strong data-start=\"1270\" data-end=\"1290\">Braian Guti\u00e9rrez<\/strong><\/p>\n<ul data-start=\"1295\" data-end=\"1441\">\n<li data-start=\"1295\" data-end=\"1346\">\n<p data-start=\"1297\" data-end=\"1346\"><strong data-start=\"1297\" data-end=\"1344\">6\u00b0 puesto en la categor\u00eda Masculino 30 a 39<\/strong><\/p>\n<\/li>\n<li data-start=\"1349\" data-end=\"1395\">\n<p data-start=\"1351\" data-end=\"1395\"><strong data-start=\"1351\" data-end=\"1393\">15\u00b0 puesto en la clasificaci\u00f3n general<\/strong><\/p>\n<\/li>\n<li data-start=\"1398\" data-end=\"1423\">\n<p data-start=\"1400\" data-end=\"1423\">&#x23f1; Tiempo: <strong data-start=\"1410\" data-end=\"1421\">2:15:31<\/strong><\/p>\n<\/li>\n<li data-start=\"1426\" data-end=\"1441\">\n<p data-start=\"1428\" data-end=\"1441\">Dorsal: 156<\/p>\n<\/li>\n<\/ul>\n<\/li>\n<\/ul>\n<h3 data-start=\"1443\" data-end=\"1477\">Trail patag\u00f3nico de alto nivel<\/h3>\n<p data-start=\"1479\" data-end=\"1864\">La competencia volvi\u00f3 a consolidarse como una de las citas m\u00e1s importantes del calendario regional, combinando exigencia t\u00e9cnica, terrenos naturales variados y la m\u00edstica del Parque Nacional Lan\u00edn. La actuaci\u00f3n de los representantes comarcales reafirma el crecimiento del trail running en la zona, con atletas que contin\u00faan posicion\u00e1ndose entre los protagonistas en pruebas de monta\u00f1a.<\/p>\n<p data-start=\"1866\" data-end=\"2065\" data-is-last-node=\"\" data-is-only-node=\"\">Los resultados obtenidos reflejan no s\u00f3lo el rendimiento individual, sino tambi\u00e9n el trabajo de preparaci\u00f3n y la fuerte presencia de corredores de la regi\u00f3n en escenarios patag\u00f3nicos de primer nivel.<\/p>\n","protected":false},"excerpt":{"rendered":"<p>Jun\u00edn de Los Andes-Con un imponente marco natural en la zona del Lago Huechulafquen, en Jun\u00edn de los Andes, se desarroll\u00f3 una nueva edici\u00f3n del Lan\u00edn Extremo, una de las competencias de trail running m\u00e1s convocantes de la Patagonia, donde atletas de la comarca Catrielense tuvieron una sobresaliente participaci\u00f3n en la distancia de 13 kil\u00f3metros. [&hellip;]<\/p>\n","protected":false},"author":3,"featured_media":10752,"comment_status":"open","ping_status":"open","sticky":false,"template":"","format":"standard","meta":{"_acf_changed":false,"footnotes":""},"categories":[67,61,66],"tags":[],"class_list":{"0":"post-10751","1":"post","2":"type-post","3":"status-publish","4":"format-standard","5":"has-post-thumbnail","7":"category-destacadas","8":"category-nacionales","9":"category-running"},"acf":[],"aioseo_notices":[],"_links":{"self":[{"href":"https:\/\/infosports.com.ar\/web\/wp-json\/wp\/v2\/posts\/10751","targetHints":{"allow":["GET"]}}],"collection":[{"href":"https:\/\/infosports.com.ar\/web\/wp-json\/wp\/v2\/posts"}],"about":[{"href":"https:\/\/infosports.com.ar\/web\/wp-json\/wp\/v2\/types\/post"}],"author":[{"embeddable":true,"href":"https:\/\/infosports.com.ar\/web\/wp-json\/wp\/v2\/users\/3"}],"replies":[{"embeddable":true,"href":"https:\/\/infosports.com.ar\/web\/wp-json\/wp\/v2\/comments?post=10751"}],"version-history":[{"count":1,"href":"https:\/\/infosports.com.ar\/web\/wp-json\/wp\/v2\/posts\/10751\/revisions"}],"predecessor-version":[{"id":10755,"href":"https:\/\/infosports.com.ar\/web\/wp-json\/wp\/v2\/posts\/10751\/revisions\/10755"}],"wp:featuredmedia":[{"embeddable":true,"href":"https:\/\/infosports.com.ar\/web\/wp-json\/wp\/v2\/media\/10752"}],"wp:attachment":[{"href":"https:\/\/infosports.com.ar\/web\/wp-json\/wp\/v2\/media?parent=10751"}],"wp:term":[{"taxonomy":"category","embeddable":true,"href":"https:\/\/infosports.com.ar\/web\/wp-json\/wp\/v2\/categories?post=10751"},{"taxonomy":"post_tag","embeddable":true,"href":"https:\/\/infosports.com.ar\/web\/wp-json\/wp\/v2\/tags?post=10751"}],"curies":[{"name":"wp","href":"https:\/\/api.w.org\/{rel}","templated":true}]}}