{"id":10756,"date":"2026-03-02T09:58:02","date_gmt":"2026-03-02T12:58:02","guid":{"rendered":"https:\/\/infosports.com.ar\/web\/?p=10756"},"modified":"2026-03-02T09:58:02","modified_gmt":"2026-03-02T12:58:02","slug":"el-desafio-doble-arrayanes-tendra-su-primera-edicion-y-se-proyecta-como-nueva-referencia-del-trail-running-patagonico","status":"publish","type":"post","link":"https:\/\/infosports.com.ar\/web\/el-desafio-doble-arrayanes-tendra-su-primera-edicion-y-se-proyecta-como-nueva-referencia-del-trail-running-patagonico\/","title":{"rendered":"El Desaf\u00edo Doble Arrayanes tendr\u00e1 su primera edici\u00f3n y se proyecta como nueva referencia del trail running patag\u00f3nico"},"content":{"rendered":"<p data-start=\"217\" data-end=\"467\">Villa La Angostura se prepara para recibir la <strong data-start=\"263\" data-end=\"310\">primera edici\u00f3n del Desaf\u00edo Doble Arrayanes<\/strong>, una competencia que busca posicionarse desde su nacimiento como una de las carreras con mayor proyecci\u00f3n dentro del calendario del trail running argentino.<!--more--><\/p>\n<p data-start=\"469\" data-end=\"751\">El evento se desarrollar\u00e1 en un escenario natural privilegiado: el Parque Nacional Los Arrayanes, con circuitos que recorrer\u00e1n senderos emblem\u00e1ticos de la pen\u00ednsula de Quetrihu\u00e9, combinando bosque nativo, vistas al lago Nahuel Huapi y tramos t\u00e9cnicos propios del terreno patag\u00f3nico.<\/p>\n<p data-start=\"753\" data-end=\"958\">La propuesta surge con un objetivo claro: integrar deporte, naturaleza y turismo en una experiencia que trascienda lo competitivo y ponga en valor uno de los paisajes m\u00e1s representativos del sur argentino.<\/p>\n<h3 data-start=\"960\" data-end=\"1014\">Distancias pensadas para corredores en crecimiento<\/h3>\n<p data-start=\"1058\" data-end=\"1288\">La competencia ofrecer\u00e1 distancias como 12K y 22K, dise\u00f1adas para convocar tanto a corredores que buscan iniciarse en desaf\u00edos de monta\u00f1a como a atletas experimentados que priorizan recorridos t\u00e9cnicos y entornos naturales \u00fanicos.<\/p>\n<p data-start=\"1058\" data-end=\"1288\"><a href=\"http:\/\/infosports.com.ar\/web\/wp-content\/uploads\/2026\/03\/WhatsApp-Image-2026-03-02-at-09.48.51-2.jpeg\"><img loading=\"lazy\" decoding=\"async\" class=\" wp-image-10758 aligncenter\" src=\"http:\/\/infosports.com.ar\/web\/wp-content\/uploads\/2026\/03\/WhatsApp-Image-2026-03-02-at-09.48.51-2.jpeg\" alt=\"\" width=\"351\" height=\"439\" srcset=\"https:\/\/infosports.com.ar\/web\/wp-content\/uploads\/2026\/03\/WhatsApp-Image-2026-03-02-at-09.48.51-2.jpeg 1080w, https:\/\/infosports.com.ar\/web\/wp-content\/uploads\/2026\/03\/WhatsApp-Image-2026-03-02-at-09.48.51-2-240x300.jpeg 240w, https:\/\/infosports.com.ar\/web\/wp-content\/uploads\/2026\/03\/WhatsApp-Image-2026-03-02-at-09.48.51-2-819x1024.jpeg 819w, https:\/\/infosports.com.ar\/web\/wp-content\/uploads\/2026\/03\/WhatsApp-Image-2026-03-02-at-09.48.51-2-768x960.jpeg 768w, https:\/\/infosports.com.ar\/web\/wp-content\/uploads\/2026\/03\/WhatsApp-Image-2026-03-02-at-09.48.51-2-336x420.jpeg 336w, https:\/\/infosports.com.ar\/web\/wp-content\/uploads\/2026\/03\/WhatsApp-Image-2026-03-02-at-09.48.51-2-696x870.jpeg 696w, https:\/\/infosports.com.ar\/web\/wp-content\/uploads\/2026\/03\/WhatsApp-Image-2026-03-02-at-09.48.51-2-1068x1335.jpeg 1068w\" sizes=\"auto, (max-width: 351px) 100vw, 351px\" \/><\/a><\/p>\n<p data-start=\"1290\" data-end=\"1541\">El trazado combinar\u00e1 sectores corribles, desniveles moderados y senderos caracter\u00edsticos del parque, generando un equilibrio entre exigencia f\u00edsica y disfrute del paisaje, una f\u00f3rmula que hoy marca tendencia en el desarrollo del trail running moderno.<\/p>\n<p data-start=\"1290\" data-end=\"1541\"><a href=\"http:\/\/infosports.com.ar\/web\/wp-content\/uploads\/2026\/03\/WhatsApp-Image-2026-03-02-at-09.48.52.jpeg\"><img loading=\"lazy\" decoding=\"async\" class=\" wp-image-10759 aligncenter\" src=\"http:\/\/infosports.com.ar\/web\/wp-content\/uploads\/2026\/03\/WhatsApp-Image-2026-03-02-at-09.48.52.jpeg\" alt=\"\" width=\"340\" height=\"425\" srcset=\"https:\/\/infosports.com.ar\/web\/wp-content\/uploads\/2026\/03\/WhatsApp-Image-2026-03-02-at-09.48.52.jpeg 1080w, https:\/\/infosports.com.ar\/web\/wp-content\/uploads\/2026\/03\/WhatsApp-Image-2026-03-02-at-09.48.52-240x300.jpeg 240w, https:\/\/infosports.com.ar\/web\/wp-content\/uploads\/2026\/03\/WhatsApp-Image-2026-03-02-at-09.48.52-819x1024.jpeg 819w, https:\/\/infosports.com.ar\/web\/wp-content\/uploads\/2026\/03\/WhatsApp-Image-2026-03-02-at-09.48.52-768x960.jpeg 768w, https:\/\/infosports.com.ar\/web\/wp-content\/uploads\/2026\/03\/WhatsApp-Image-2026-03-02-at-09.48.52-336x420.jpeg 336w, https:\/\/infosports.com.ar\/web\/wp-content\/uploads\/2026\/03\/WhatsApp-Image-2026-03-02-at-09.48.52-696x870.jpeg 696w, https:\/\/infosports.com.ar\/web\/wp-content\/uploads\/2026\/03\/WhatsApp-Image-2026-03-02-at-09.48.52-1068x1335.jpeg 1068w\" sizes=\"auto, (max-width: 340px) 100vw, 340px\" \/><\/a><\/p>\n<h3 data-start=\"1543\" data-end=\"1610\">Una carrera que apunta a consolidarse en el calendario nacional<\/h3>\n<p data-start=\"1612\" data-end=\"1913\">Aunque se trata de su debut, el Desaf\u00edo Doble Arrayanes nace con una fuerte impronta organizativa y tur\u00edstica, alineada con el crecimiento que viene mostrando el trail en la Patagonia, donde cada vez m\u00e1s eventos se convierten en motores de promoci\u00f3n regional y atracci\u00f3n de corredores de todo el pa\u00eds.<\/p>\n<p data-start=\"1612\" data-end=\"1913\"><a href=\"http:\/\/infosports.com.ar\/web\/wp-content\/uploads\/2026\/03\/WhatsApp-Image-2026-03-02-at-09.48.52-2.jpeg\"><img loading=\"lazy\" decoding=\"async\" class=\" wp-image-10760 aligncenter\" src=\"http:\/\/infosports.com.ar\/web\/wp-content\/uploads\/2026\/03\/WhatsApp-Image-2026-03-02-at-09.48.52-2.jpeg\" alt=\"\" width=\"386\" height=\"483\" srcset=\"https:\/\/infosports.com.ar\/web\/wp-content\/uploads\/2026\/03\/WhatsApp-Image-2026-03-02-at-09.48.52-2.jpeg 1080w, https:\/\/infosports.com.ar\/web\/wp-content\/uploads\/2026\/03\/WhatsApp-Image-2026-03-02-at-09.48.52-2-240x300.jpeg 240w, https:\/\/infosports.com.ar\/web\/wp-content\/uploads\/2026\/03\/WhatsApp-Image-2026-03-02-at-09.48.52-2-819x1024.jpeg 819w, https:\/\/infosports.com.ar\/web\/wp-content\/uploads\/2026\/03\/WhatsApp-Image-2026-03-02-at-09.48.52-2-768x960.jpeg 768w, https:\/\/infosports.com.ar\/web\/wp-content\/uploads\/2026\/03\/WhatsApp-Image-2026-03-02-at-09.48.52-2-336x420.jpeg 336w, https:\/\/infosports.com.ar\/web\/wp-content\/uploads\/2026\/03\/WhatsApp-Image-2026-03-02-at-09.48.52-2-696x870.jpeg 696w, https:\/\/infosports.com.ar\/web\/wp-content\/uploads\/2026\/03\/WhatsApp-Image-2026-03-02-at-09.48.52-2-1068x1335.jpeg 1068w\" sizes=\"auto, (max-width: 386px) 100vw, 386px\" \/><\/a><\/p>\n<p data-start=\"1915\" data-end=\"2166\">La elecci\u00f3n de Villa La Angostura no es casual: su geograf\u00eda, infraestructura y tradici\u00f3n en deportes al aire libre la posicionan como un escenario ideal para una prueba que aspira a consolidarse en los pr\u00f3ximos a\u00f1os como una cita fija del calendario.<\/p>\n<p data-start=\"2168\" data-end=\"2345\">Con esta primera edici\u00f3n, la carrera comienza a escribir su historia con la mirada puesta en el futuro, buscando transformarse en una nueva cl\u00e1sica del trail running patag\u00f3nico.<\/p>\n<p data-start=\"2168\" data-end=\"2345\">Inscribite: <a href=\"https:\/\/www.desafioarrayanes.com.ar\/\">DESAFIOARRAYANES &#8211; Desafio Arrayanes<\/a><\/p>\n","protected":false},"excerpt":{"rendered":"<p>Villa La Angostura se prepara para recibir la primera edici\u00f3n del Desaf\u00edo Doble Arrayanes, una competencia que busca posicionarse desde su nacimiento como una de las carreras con mayor proyecci\u00f3n dentro del calendario del trail running argentino.<\/p>\n","protected":false},"author":3,"featured_media":10757,"comment_status":"open","ping_status":"open","sticky":false,"template":"","format":"standard","meta":{"_acf_changed":false,"footnotes":""},"categories":[67,61,66],"tags":[],"class_list":{"0":"post-10756","1":"post","2":"type-post","3":"status-publish","4":"format-standard","5":"has-post-thumbnail","7":"category-destacadas","8":"category-nacionales","9":"category-running"},"acf":[],"aioseo_notices":[],"_links":{"self":[{"href":"https:\/\/infosports.com.ar\/web\/wp-json\/wp\/v2\/posts\/10756","targetHints":{"allow":["GET"]}}],"collection":[{"href":"https:\/\/infosports.com.ar\/web\/wp-json\/wp\/v2\/posts"}],"about":[{"href":"https:\/\/infosports.com.ar\/web\/wp-json\/wp\/v2\/types\/post"}],"author":[{"embeddable":true,"href":"https:\/\/infosports.com.ar\/web\/wp-json\/wp\/v2\/users\/3"}],"replies":[{"embeddable":true,"href":"https:\/\/infosports.com.ar\/web\/wp-json\/wp\/v2\/comments?post=10756"}],"version-history":[{"count":1,"href":"https:\/\/infosports.com.ar\/web\/wp-json\/wp\/v2\/posts\/10756\/revisions"}],"predecessor-version":[{"id":10762,"href":"https:\/\/infosports.com.ar\/web\/wp-json\/wp\/v2\/posts\/10756\/revisions\/10762"}],"wp:featuredmedia":[{"embeddable":true,"href":"https:\/\/infosports.com.ar\/web\/wp-json\/wp\/v2\/media\/10757"}],"wp:attachment":[{"href":"https:\/\/infosports.com.ar\/web\/wp-json\/wp\/v2\/media?parent=10756"}],"wp:term":[{"taxonomy":"category","embeddable":true,"href":"https:\/\/infosports.com.ar\/web\/wp-json\/wp\/v2\/categories?post=10756"},{"taxonomy":"post_tag","embeddable":true,"href":"https:\/\/infosports.com.ar\/web\/wp-json\/wp\/v2\/tags?post=10756"}],"curies":[{"name":"wp","href":"https:\/\/api.w.org\/{rel}","templated":true}]}}