{"id":10763,"date":"2026-03-03T09:32:36","date_gmt":"2026-03-03T12:32:36","guid":{"rendered":"https:\/\/infosports.com.ar\/web\/?p=10763"},"modified":"2026-03-03T09:32:36","modified_gmt":"2026-03-03T12:32:36","slug":"fiesta-del-motocross-en-neuquen-con-fuerte-presencia-catrielense-en-la-gran-final","status":"publish","type":"post","link":"https:\/\/infosports.com.ar\/web\/fiesta-del-motocross-en-neuquen-con-fuerte-presencia-catrielense-en-la-gran-final\/","title":{"rendered":"Fiesta del motocross en Neuqu\u00e9n con fuerte presencia catrielense en la gran final"},"content":{"rendered":"<p data-start=\"86\" data-end=\"487\">El Campeonato Nocturno de S\u00faper MotoCross vivi\u00f3 su gran cierre en el tradicional circuito Coliseo de las Bardas, en la ciudad de <span class=\"hover:entity-accent entity-underline inline cursor-pointer align-baseline\"><span class=\"whitespace-normal\">Neuqu\u00e9n<\/span><\/span>, con un imponente marco de p\u00fablico y un partidor colmado de motos. La fecha final reuni\u00f3 a pilotos de distintas provincias argentinas y tambi\u00e9n competidores del vecino pa\u00eds de Chile, ratificando el crecimiento del motocross regional. (infosports.com.ar \/ FM Alas)<!--more--><\/p>\n<figure id=\"attachment_10765\" aria-describedby=\"caption-attachment-10765\" style=\"width: 1600px\" class=\"wp-caption alignnone\"><a href=\"http:\/\/infosports.com.ar\/web\/wp-content\/uploads\/2026\/03\/WhatsApp-Image-2026-03-02-at-10.57.34.jpeg\"><img loading=\"lazy\" decoding=\"async\" class=\"wp-image-10765 size-full\" src=\"http:\/\/infosports.com.ar\/web\/wp-content\/uploads\/2026\/03\/WhatsApp-Image-2026-03-02-at-10.57.34.jpeg\" alt=\"\" width=\"1600\" height=\"1200\" srcset=\"https:\/\/infosports.com.ar\/web\/wp-content\/uploads\/2026\/03\/WhatsApp-Image-2026-03-02-at-10.57.34.jpeg 1600w, https:\/\/infosports.com.ar\/web\/wp-content\/uploads\/2026\/03\/WhatsApp-Image-2026-03-02-at-10.57.34-300x225.jpeg 300w, https:\/\/infosports.com.ar\/web\/wp-content\/uploads\/2026\/03\/WhatsApp-Image-2026-03-02-at-10.57.34-1024x768.jpeg 1024w, https:\/\/infosports.com.ar\/web\/wp-content\/uploads\/2026\/03\/WhatsApp-Image-2026-03-02-at-10.57.34-768x576.jpeg 768w, https:\/\/infosports.com.ar\/web\/wp-content\/uploads\/2026\/03\/WhatsApp-Image-2026-03-02-at-10.57.34-1536x1152.jpeg 1536w, https:\/\/infosports.com.ar\/web\/wp-content\/uploads\/2026\/03\/WhatsApp-Image-2026-03-02-at-10.57.34-560x420.jpeg 560w, https:\/\/infosports.com.ar\/web\/wp-content\/uploads\/2026\/03\/WhatsApp-Image-2026-03-02-at-10.57.34-80x60.jpeg 80w, https:\/\/infosports.com.ar\/web\/wp-content\/uploads\/2026\/03\/WhatsApp-Image-2026-03-02-at-10.57.34-696x522.jpeg 696w, https:\/\/infosports.com.ar\/web\/wp-content\/uploads\/2026\/03\/WhatsApp-Image-2026-03-02-at-10.57.34-1068x801.jpeg 1068w, https:\/\/infosports.com.ar\/web\/wp-content\/uploads\/2026\/03\/WhatsApp-Image-2026-03-02-at-10.57.34-265x198.jpeg 265w\" sizes=\"auto, (max-width: 1600px) 100vw, 1600px\" \/><\/a><figcaption id=\"caption-attachment-10765\" class=\"wp-caption-text\">Genaro Barroso<\/figcaption><\/figure>\n<p data-start=\"489\" data-end=\"628\">Catriel volvi\u00f3 a decir presente con tres j\u00f3venes representantes que dejaron todo en pista: Fausto Rosales, Disty Casanove y Genaro Barroso.<\/p>\n<h3 data-start=\"630\" data-end=\"667\">Fausto Rosales: coraje en la 65cc<\/h3>\n<p data-start=\"669\" data-end=\"825\">Fausto Rosales, a bordo de su KTM N\u00b0 222 en la categor\u00eda 65cc, logr\u00f3 una muy buena clasificaci\u00f3n en una divisional de alto nivel y numerosa participaci\u00f3n.<\/p>\n<p data-start=\"827\" data-end=\"1227\">En la final sufri\u00f3 un accidente en plena recta de largada que lo dej\u00f3 tendido algunos minutos y relegado en el clasificador. Sin embargo, mostr\u00f3 una enorme determinaci\u00f3n al levantarse, colocarse nuevamente el casco y regresar a pista para completar la carrera. M\u00e1s all\u00e1 del resultado, su actitud fue destacada por el p\u00fablico y el ambiente del motocross, reflejando su valent\u00eda y compromiso deportivo.<\/p>\n<h3 data-start=\"1229\" data-end=\"1276\">Disty Casanove: crecimiento en la Escuelita<\/h3>\n<p data-start=\"1278\" data-end=\"1541\">En la categor\u00eda Escuelita, Disty Casanove, con su m\u00e1quina N\u00b0 84, tambi\u00e9n fue parte de la jornada decisiva del campeonato. Con una importante cantidad de participantes en pista, Disty volvi\u00f3 a sumar experiencia y aprendizaje en un escenario competitivo y exigente.<\/p>\n<p data-start=\"1543\" data-end=\"1669\">Su participaci\u00f3n marca un paso m\u00e1s en su formaci\u00f3n dentro del motocross, incorporando confianza y rodaje en cada presentaci\u00f3n.<\/p>\n<h3 data-start=\"1671\" data-end=\"1718\">Genaro Barroso: podio en el campeonato 50cc<\/h3>\n<p data-start=\"1720\" data-end=\"2031\">Otro de los representantes catrielenses fue el joven Genaro Barroso, quien compiti\u00f3 en la categor\u00eda 50cc en la final del SX nocturno. Con un partidor repleto y presencia de pilotos chilenos, Genaro logr\u00f3 un muy buen desempe\u00f1o, finalizando cuarto en la fecha y alcanzando el tercer puesto en el campeonato anual.<\/p>\n<p data-start=\"2033\" data-end=\"2327\">El joven piloto cerr\u00f3 as\u00ed un campeonato completo, mostrando regularidad a lo largo de las cuatro fechas disputadas. El podio final de la categor\u00eda estuvo integrado por Josefina Zanotti en el primer lugar, Santino Roth en el segundo puesto y Genaro Barroso en la tercera posici\u00f3n del campeonato.<\/p>\n<p data-start=\"2329\" data-end=\"2569\">Desde su entorno destacaron la alegr\u00eda por el objetivo cumplido y agradecieron especialmente a los sponsors que acompa\u00f1aron durante toda la temporada, as\u00ed como a la familia, abuelos, t\u00edos y amigos que fueron parte fundamental en cada fecha.<\/p>\n<p data-start=\"2571\" data-end=\"2792\" data-is-last-node=\"\" data-is-only-node=\"\">El cierre del certamen dej\u00f3 emociones fuertes y reafirm\u00f3 el crecimiento de los j\u00f3venes talentos de Catriel, que siguen sumando experiencia y protagonismo en uno de los campeonatos m\u00e1s convocantes del motocross patag\u00f3nico.<\/p>\n","protected":false},"excerpt":{"rendered":"<p>El Campeonato Nocturno de S\u00faper MotoCross vivi\u00f3 su gran cierre en el tradicional circuito Coliseo de las Bardas, en la ciudad de Neuqu\u00e9n, con un imponente marco de p\u00fablico y un partidor colmado de motos. La fecha final reuni\u00f3 a pilotos de distintas provincias argentinas y tambi\u00e9n competidores del vecino pa\u00eds de Chile, ratificando el [&hellip;]<\/p>\n","protected":false},"author":3,"featured_media":10764,"comment_status":"open","ping_status":"open","sticky":false,"template":"","format":"standard","meta":{"_acf_changed":false,"footnotes":""},"categories":[67,65,63],"tags":[],"class_list":{"0":"post-10763","1":"post","2":"type-post","3":"status-publish","4":"format-standard","5":"has-post-thumbnail","7":"category-destacadas","8":"category-multidisciplinas","9":"category-regionales"},"acf":[],"aioseo_notices":[],"_links":{"self":[{"href":"https:\/\/infosports.com.ar\/web\/wp-json\/wp\/v2\/posts\/10763","targetHints":{"allow":["GET"]}}],"collection":[{"href":"https:\/\/infosports.com.ar\/web\/wp-json\/wp\/v2\/posts"}],"about":[{"href":"https:\/\/infosports.com.ar\/web\/wp-json\/wp\/v2\/types\/post"}],"author":[{"embeddable":true,"href":"https:\/\/infosports.com.ar\/web\/wp-json\/wp\/v2\/users\/3"}],"replies":[{"embeddable":true,"href":"https:\/\/infosports.com.ar\/web\/wp-json\/wp\/v2\/comments?post=10763"}],"version-history":[{"count":1,"href":"https:\/\/infosports.com.ar\/web\/wp-json\/wp\/v2\/posts\/10763\/revisions"}],"predecessor-version":[{"id":10767,"href":"https:\/\/infosports.com.ar\/web\/wp-json\/wp\/v2\/posts\/10763\/revisions\/10767"}],"wp:featuredmedia":[{"embeddable":true,"href":"https:\/\/infosports.com.ar\/web\/wp-json\/wp\/v2\/media\/10764"}],"wp:attachment":[{"href":"https:\/\/infosports.com.ar\/web\/wp-json\/wp\/v2\/media?parent=10763"}],"wp:term":[{"taxonomy":"category","embeddable":true,"href":"https:\/\/infosports.com.ar\/web\/wp-json\/wp\/v2\/categories?post=10763"},{"taxonomy":"post_tag","embeddable":true,"href":"https:\/\/infosports.com.ar\/web\/wp-json\/wp\/v2\/tags?post=10763"}],"curies":[{"name":"wp","href":"https:\/\/api.w.org\/{rel}","templated":true}]}}