{"id":10768,"date":"2026-03-03T10:56:09","date_gmt":"2026-03-03T13:56:09","guid":{"rendered":"https:\/\/infosports.com.ar\/web\/?p=10768"},"modified":"2026-03-03T10:56:09","modified_gmt":"2026-03-03T13:56:09","slug":"pelayo-competicion-dice-presente-en-la-primera-fecha-de-la-encrucijada","status":"publish","type":"post","link":"https:\/\/infosports.com.ar\/web\/pelayo-competicion-dice-presente-en-la-primera-fecha-de-la-encrucijada\/","title":{"rendered":"Pelayo Competici\u00f3n dice presente en la primera fecha de La Encrucijada"},"content":{"rendered":"<p data-start=\"75\" data-end=\"286\">La temporada vuelve a encender motores y el equipo Pelayo Competici\u00f3n ser\u00e1 protagonista en la primera fecha de <strong data-start=\"186\" data-end=\"204\">La Encrucijada<\/strong>, iniciando un nuevo campeonato con la ilusi\u00f3n intacta y el compromiso de siempre.<!--more--><\/p>\n<p data-start=\"288\" data-end=\"337\">La estructura estar\u00e1 representada por las duplas:<\/p>\n<ul data-start=\"339\" data-end=\"409\">\n<li data-start=\"339\" data-end=\"372\">\n<p data-start=\"341\" data-end=\"372\"><strong data-start=\"341\" data-end=\"370\">Antonio Pelayo \u2013 Dina Roa<\/strong><\/p>\n<\/li>\n<li data-start=\"373\" data-end=\"409\">\n<p data-start=\"375\" data-end=\"409\"><strong data-start=\"375\" data-end=\"409\">Miguel Pelayo \u2013 Conrado Mart\u00edn<\/strong><\/p>\n<\/li>\n<\/ul>\n<p data-start=\"411\" data-end=\"677\">Con el coraz\u00f3n puesto en cada largada, el equipo afronta este nuevo desaf\u00edo con esfuerzo, trabajo y una fuerte uni\u00f3n familiar que los caracteriza. Detr\u00e1s de cada competencia hay horas de preparaci\u00f3n, sacrificio y sue\u00f1os compartidos, construidos carrera tras carrera.<\/p>\n<p data-start=\"411\" data-end=\"677\">El evento dar\u00e1 apertura el d\u00eda 20-21-22 de marzo, abriendo as\u00ed la temporada con el 1\u00b0 capitulo en General Alvear, abierto el calendario para todas las categor\u00edas de motos, cuatriciclos, UTVs, camionetas y areneros.<\/p>\n<p data-start=\"679\" data-end=\"822\">Como en cada presentaci\u00f3n, la familia acompa\u00f1ar\u00e1 desde boxes y desde afuera de la pista, brindando apoyo constante en cada tramo del recorrido.<\/p>\n<p data-start=\"679\" data-end=\"822\"><a href=\"http:\/\/infosports.com.ar\/web\/wp-content\/uploads\/2026\/03\/644590900_977315391536472_7296818002926774135_n.jpg\"><img loading=\"lazy\" decoding=\"async\" class=\"alignnone size-full wp-image-10770\" src=\"http:\/\/infosports.com.ar\/web\/wp-content\/uploads\/2026\/03\/644590900_977315391536472_7296818002926774135_n.jpg\" alt=\"\" width=\"1024\" height=\"1280\" srcset=\"https:\/\/infosports.com.ar\/web\/wp-content\/uploads\/2026\/03\/644590900_977315391536472_7296818002926774135_n.jpg 1024w, https:\/\/infosports.com.ar\/web\/wp-content\/uploads\/2026\/03\/644590900_977315391536472_7296818002926774135_n-240x300.jpg 240w, https:\/\/infosports.com.ar\/web\/wp-content\/uploads\/2026\/03\/644590900_977315391536472_7296818002926774135_n-819x1024.jpg 819w, https:\/\/infosports.com.ar\/web\/wp-content\/uploads\/2026\/03\/644590900_977315391536472_7296818002926774135_n-768x960.jpg 768w, https:\/\/infosports.com.ar\/web\/wp-content\/uploads\/2026\/03\/644590900_977315391536472_7296818002926774135_n-336x420.jpg 336w, https:\/\/infosports.com.ar\/web\/wp-content\/uploads\/2026\/03\/644590900_977315391536472_7296818002926774135_n-696x870.jpg 696w\" sizes=\"auto, (max-width: 1024px) 100vw, 1024px\" \/><\/a><\/p>\n<p data-start=\"824\" data-end=\"960\" data-is-last-node=\"\" data-is-only-node=\"\">\n","protected":false},"excerpt":{"rendered":"<p>La temporada vuelve a encender motores y el equipo Pelayo Competici\u00f3n ser\u00e1 protagonista en la primera fecha de La Encrucijada, iniciando un nuevo campeonato con la ilusi\u00f3n intacta y el compromiso de siempre.<\/p>\n","protected":false},"author":3,"featured_media":10769,"comment_status":"open","ping_status":"open","sticky":false,"template":"","format":"standard","meta":{"_acf_changed":false,"footnotes":""},"categories":[67,65,61],"tags":[],"class_list":{"0":"post-10768","1":"post","2":"type-post","3":"status-publish","4":"format-standard","5":"has-post-thumbnail","7":"category-destacadas","8":"category-multidisciplinas","9":"category-nacionales"},"acf":[],"aioseo_notices":[],"_links":{"self":[{"href":"https:\/\/infosports.com.ar\/web\/wp-json\/wp\/v2\/posts\/10768","targetHints":{"allow":["GET"]}}],"collection":[{"href":"https:\/\/infosports.com.ar\/web\/wp-json\/wp\/v2\/posts"}],"about":[{"href":"https:\/\/infosports.com.ar\/web\/wp-json\/wp\/v2\/types\/post"}],"author":[{"embeddable":true,"href":"https:\/\/infosports.com.ar\/web\/wp-json\/wp\/v2\/users\/3"}],"replies":[{"embeddable":true,"href":"https:\/\/infosports.com.ar\/web\/wp-json\/wp\/v2\/comments?post=10768"}],"version-history":[{"count":1,"href":"https:\/\/infosports.com.ar\/web\/wp-json\/wp\/v2\/posts\/10768\/revisions"}],"predecessor-version":[{"id":10772,"href":"https:\/\/infosports.com.ar\/web\/wp-json\/wp\/v2\/posts\/10768\/revisions\/10772"}],"wp:featuredmedia":[{"embeddable":true,"href":"https:\/\/infosports.com.ar\/web\/wp-json\/wp\/v2\/media\/10769"}],"wp:attachment":[{"href":"https:\/\/infosports.com.ar\/web\/wp-json\/wp\/v2\/media?parent=10768"}],"wp:term":[{"taxonomy":"category","embeddable":true,"href":"https:\/\/infosports.com.ar\/web\/wp-json\/wp\/v2\/categories?post=10768"},{"taxonomy":"post_tag","embeddable":true,"href":"https:\/\/infosports.com.ar\/web\/wp-json\/wp\/v2\/tags?post=10768"}],"curies":[{"name":"wp","href":"https:\/\/api.w.org\/{rel}","templated":true}]}}