{"id":1077,"date":"2022-05-02T23:36:03","date_gmt":"2022-05-03T02:36:03","guid":{"rendered":"https:\/\/infosports.com.ar\/web\/?p=1077"},"modified":"2022-05-02T23:36:03","modified_gmt":"2022-05-03T02:36:03","slug":"la-catrielense-manuela-pereyra-entre-las-mejores-del-pais","status":"publish","type":"post","link":"https:\/\/infosports.com.ar\/web\/la-catrielense-manuela-pereyra-entre-las-mejores-del-pais\/","title":{"rendered":"La Catrielense Manuela Pereyra, entre las mejores del pa\u00eds"},"content":{"rendered":"<p>Seg\u00fan el \u00faltimo ranking nacional publicado el 29 de abril por la Federaci\u00f3n Argentina de Tenis de Mesa, Manuela se ubica en la segunda posici\u00f3n de su categor\u00eda (Sub 19) y primera en la clasificaci\u00f3n individual de todas las jugadoras.(Infosports.com.ar)<!--more--><span id=\"more-161844\"><\/span><\/p>\n<p>Este gran desempe\u00f1o la llev\u00f3 a integrar el equipo nacional que particip\u00f3 de los Juegos Sudamericanos de la Juventud en Rosario esta semana. En esta oportunidad el combinado tuvo varios traspi\u00e9s y se despidi\u00f3 de la competencia sin posibilidades de podios. Pereyra cosech\u00f3 dos victorias y dos derrotas.<\/p>\n<h6><strong><em>SU PR\u00d3XIMO OBJETIVO EST\u00c1 PUESTO EN EL SUDAMERICANO INFANTIL Y JUVENIL DE TENIS DE MESA QUE SE DISPUTAR\u00c1 EN LA CAPITAL PERUANA DEL 10 AL 16 DE ESTE MES.<\/em><\/strong><\/h6>\n<p><a href=\"https:\/\/catriel25noticias.com\/wp-content\/uploads\/2022\/05\/pereyra-manuela2.jpg\"><img loading=\"lazy\" decoding=\"async\" class=\"wp-image-161846 size-large aligncenter td-animation-stack-type0-2\" title=\"La Catrielense Manuela Pereyra, entre las mejores del pa\u00eds 1\" src=\"https:\/\/catriel25noticias.com\/wp-content\/uploads\/2022\/05\/pereyra-manuela2-645x363.jpg\" sizes=\"auto, (max-width: 640px) 100vw, 640px\" srcset=\"https:\/\/catriel25noticias.com\/wp-content\/uploads\/2022\/05\/pereyra-manuela2-645x363.jpg 645w, https:\/\/catriel25noticias.com\/wp-content\/uploads\/2022\/05\/pereyra-manuela2-293x165.jpg 293w, https:\/\/catriel25noticias.com\/wp-content\/uploads\/2022\/05\/pereyra-manuela2-768x432.jpg 768w, https:\/\/catriel25noticias.com\/wp-content\/uploads\/2022\/05\/pereyra-manuela2-746x420.jpg 746w, https:\/\/catriel25noticias.com\/wp-content\/uploads\/2022\/05\/pereyra-manuela2-640x360.jpg 640w, https:\/\/catriel25noticias.com\/wp-content\/uploads\/2022\/05\/pereyra-manuela2-681x383.jpg 681w, https:\/\/catriel25noticias.com\/wp-content\/uploads\/2022\/05\/pereyra-manuela2.jpg 1080w\" alt=\"pereyra manuela2\" width=\"640\" height=\"360\" \/><\/a><\/p>\n<p>Adem\u00e1s de la atleta rionegrina el equipo argentino femenino estar\u00e1 compuesto por las bonaerenses Camila P\u00e9rez y Alma Marcial y la mendocina Florencia Chirino. En tanto,\u00a0 Manuela ser\u00e1 tambi\u00e9n la \u00fanica representante de la Patagonia dentro del combinado.<\/p>\n<p>Cabe resaltar que adem\u00e1s de destacarse a la hora de salir a escena, la joven valletana hizo historia en el deporte provincial al convertirse en la primera atleta en ser beneficiada por la Ley de Patrocinio y Tutor\u00eda del Deporte (Ley N\u00ba 5245) a finales de 2020.<\/p>\n<p>Esta legislaci\u00f3n, impulsada por el Ministerio de Turismo y Deporte, al igual que el programa de becas deportivas le permitieron a la tenista de mesa contar con un acompa\u00f1amiento econ\u00f3mico para continuar demostrando sus grandes habilidades en las diferentes competencias nacionales e internacionales.<\/p>\n","protected":false},"excerpt":{"rendered":"<p>Seg\u00fan el \u00faltimo ranking nacional publicado el 29 de abril por la Federaci\u00f3n Argentina de Tenis de Mesa, Manuela se ubica en la segunda posici\u00f3n de su categor\u00eda (Sub 19) y primera en la clasificaci\u00f3n individual de todas las jugadoras.(Infosports.com.ar)<\/p>\n","protected":false},"author":3,"featured_media":0,"comment_status":"open","ping_status":"open","sticky":false,"template":"","format":"standard","meta":{"_acf_changed":false,"footnotes":""},"categories":[],"tags":[],"class_list":["post-1077","post","type-post","status-publish","format-standard"],"acf":[],"aioseo_notices":[],"_links":{"self":[{"href":"https:\/\/infosports.com.ar\/web\/wp-json\/wp\/v2\/posts\/1077","targetHints":{"allow":["GET"]}}],"collection":[{"href":"https:\/\/infosports.com.ar\/web\/wp-json\/wp\/v2\/posts"}],"about":[{"href":"https:\/\/infosports.com.ar\/web\/wp-json\/wp\/v2\/types\/post"}],"author":[{"embeddable":true,"href":"https:\/\/infosports.com.ar\/web\/wp-json\/wp\/v2\/users\/3"}],"replies":[{"embeddable":true,"href":"https:\/\/infosports.com.ar\/web\/wp-json\/wp\/v2\/comments?post=1077"}],"version-history":[{"count":1,"href":"https:\/\/infosports.com.ar\/web\/wp-json\/wp\/v2\/posts\/1077\/revisions"}],"predecessor-version":[{"id":1079,"href":"https:\/\/infosports.com.ar\/web\/wp-json\/wp\/v2\/posts\/1077\/revisions\/1079"}],"wp:attachment":[{"href":"https:\/\/infosports.com.ar\/web\/wp-json\/wp\/v2\/media?parent=1077"}],"wp:term":[{"taxonomy":"category","embeddable":true,"href":"https:\/\/infosports.com.ar\/web\/wp-json\/wp\/v2\/categories?post=1077"},{"taxonomy":"post_tag","embeddable":true,"href":"https:\/\/infosports.com.ar\/web\/wp-json\/wp\/v2\/tags?post=1077"}],"curies":[{"name":"wp","href":"https:\/\/api.w.org\/{rel}","templated":true}]}}