{"id":10773,"date":"2026-03-04T09:22:15","date_gmt":"2026-03-04T12:22:15","guid":{"rendered":"https:\/\/infosports.com.ar\/web\/?p=10773"},"modified":"2026-03-04T09:22:15","modified_gmt":"2026-03-04T12:22:15","slug":"destacada-actuacion-de-atletas-catrielenses-en-villa-el-chocon","status":"publish","type":"post","link":"https:\/\/infosports.com.ar\/web\/destacada-actuacion-de-atletas-catrielenses-en-villa-el-chocon\/","title":{"rendered":"Destacada actuaci\u00f3n de atletas catrielenses en Villa El Choc\u00f3n"},"content":{"rendered":"<p data-start=\"68\" data-end=\"405\">El pasado domingo 1 de marzo se desarroll\u00f3 en la localidad de Villa El Choc\u00f3n una nueva competencia de running que reuni\u00f3 a corredores de distintos puntos de la regi\u00f3n. En este exigente evento, atletas de Catriel volvieron a dejar su marca con muy buenos resultados, logrando podios y destacadas posiciones en sus respectivas categor\u00edas. (www.infosports.com.ar \/ FM Alas)<!--more--><\/p>\n<p data-start=\"407\" data-end=\"954\">Uno de los resultados m\u00e1s sobresalientes fue el obtenido por <strong data-start=\"468\" data-end=\"493\">Rub\u00e9n Claudio Pizarro<\/strong>, quien particip\u00f3 en la distancia de <strong data-start=\"530\" data-end=\"547\">21 kil\u00f3metros<\/strong> dentro de la categor\u00eda <strong data-start=\"571\" data-end=\"598\">Hombres de 55 a 59 a\u00f1os<\/strong>. El corredor catrielense complet\u00f3 el recorrido con un tiempo de <strong data-start=\"663\" data-end=\"699\">2 horas, 2 minutos y 28 segundos<\/strong>, manteniendo un ritmo de <strong data-start=\"725\" data-end=\"740\">5:49 min\/km<\/strong>, lo que le permiti\u00f3 quedarse con el <strong data-start=\"777\" data-end=\"830\">1\u00b0 puesto en su categor\u00eda (sobre 4 participantes)<\/strong> y el <strong data-start=\"836\" data-end=\"892\">2\u00b0 lugar en la clasificaci\u00f3n general de la categor\u00eda<\/strong>, consolidando una gran performance en la distancia principal.<\/p>\n<p data-start=\"407\" data-end=\"954\"><a href=\"http:\/\/infosports.com.ar\/web\/wp-content\/uploads\/2026\/03\/claudio.jpg\"><img loading=\"lazy\" decoding=\"async\" class=\"wp-image-10775 aligncenter\" src=\"http:\/\/infosports.com.ar\/web\/wp-content\/uploads\/2026\/03\/claudio.jpg\" alt=\"\" width=\"573\" height=\"510\" srcset=\"https:\/\/infosports.com.ar\/web\/wp-content\/uploads\/2026\/03\/claudio.jpg 764w, https:\/\/infosports.com.ar\/web\/wp-content\/uploads\/2026\/03\/claudio-300x267.jpg 300w, https:\/\/infosports.com.ar\/web\/wp-content\/uploads\/2026\/03\/claudio-473x420.jpg 473w, https:\/\/infosports.com.ar\/web\/wp-content\/uploads\/2026\/03\/claudio-696x619.jpg 696w\" sizes=\"auto, (max-width: 573px) 100vw, 573px\" \/><\/a><\/p>\n<p data-start=\"956\" data-end=\"1067\">En la distancia de <strong data-start=\"975\" data-end=\"992\">10 kil\u00f3metros<\/strong>, tambi\u00e9n hubo destacadas actuaciones para los representantes de la ciudad.<\/p>\n<p data-start=\"1069\" data-end=\"1410\">El atleta <strong data-start=\"1079\" data-end=\"1099\">Leandro Antoniuk<\/strong> logr\u00f3 un excelente desempe\u00f1o en la categor\u00eda <strong data-start=\"1145\" data-end=\"1172\">Hombres de 30 a 39 a\u00f1os<\/strong>, finalizando con un tiempo de <strong data-start=\"1203\" data-end=\"1231\">42 minutos y 35 segundos<\/strong> y un ritmo de <strong data-start=\"1246\" data-end=\"1261\">4:15 min\/km<\/strong>. Este registro le permiti\u00f3 ubicarse <strong data-start=\"1298\" data-end=\"1340\">2\u00b0 en su categor\u00eda entre 31 corredores<\/strong>, confirmando su gran nivel competitivo en pruebas de media distancia.<\/p>\n<p data-start=\"1412\" data-end=\"1762\">Por su parte, <strong data-start=\"1426\" data-end=\"1444\">Jimena Aliotti<\/strong> volvi\u00f3 a demostrar su gran presente deportivo. La corredora catrielense se consagr\u00f3 <strong data-start=\"1529\" data-end=\"1577\">1\u00b0 en su categor\u00eda (Mujeres de 30 a 39 a\u00f1os)<\/strong> y adem\u00e1s se qued\u00f3 con el <strong data-start=\"1603\" data-end=\"1666\">1\u00b0 puesto en la clasificaci\u00f3n general femenina de los 10 km<\/strong>, completando la prueba en <strong data-start=\"1693\" data-end=\"1721\">45 minutos y 47 segundos<\/strong>, con un s\u00f3lido ritmo de <strong data-start=\"1746\" data-end=\"1761\">4:34 min\/km<\/strong>.<\/p>\n<p data-start=\"1764\" data-end=\"2073\">Tambi\u00e9n fue parte de la competencia <strong data-start=\"1800\" data-end=\"1820\">Braian Guti\u00e9rrez<\/strong>, quien finaliz\u00f3 los <strong data-start=\"1841\" data-end=\"1858\">10 kil\u00f3metros<\/strong> con un tiempo de <strong data-start=\"1876\" data-end=\"1904\">53 minutos y 14 segundos<\/strong>, logrando el <strong data-start=\"1918\" data-end=\"1972\">13\u00b0 puesto en la categor\u00eda Hombres de 30 a 39 a\u00f1os<\/strong>, entre un total de 31 participantes, en una carrera que cont\u00f3 con un importante nivel de corredores.<\/p>\n<p data-start=\"2075\" data-end=\"2313\" data-is-last-node=\"\" data-is-only-node=\"\">De esta manera, los atletas de Catriel contin\u00faan siendo protagonistas en las distintas competencias regionales de running, dejando en alto el nombre de la ciudad y consolidando el crecimiento del atletismo local en cada desaf\u00edo deportivo.<\/p>\n","protected":false},"excerpt":{"rendered":"<p>El pasado domingo 1 de marzo se desarroll\u00f3 en la localidad de Villa El Choc\u00f3n una nueva competencia de running que reuni\u00f3 a corredores de distintos puntos de la regi\u00f3n. En este exigente evento, atletas de Catriel volvieron a dejar su marca con muy buenos resultados, logrando podios y destacadas posiciones en sus respectivas categor\u00edas. [&hellip;]<\/p>\n","protected":false},"author":3,"featured_media":10774,"comment_status":"open","ping_status":"open","sticky":false,"template":"","format":"standard","meta":{"_acf_changed":false,"footnotes":""},"categories":[67,61,66],"tags":[],"class_list":{"0":"post-10773","1":"post","2":"type-post","3":"status-publish","4":"format-standard","5":"has-post-thumbnail","7":"category-destacadas","8":"category-nacionales","9":"category-running"},"acf":[],"aioseo_notices":[],"_links":{"self":[{"href":"https:\/\/infosports.com.ar\/web\/wp-json\/wp\/v2\/posts\/10773","targetHints":{"allow":["GET"]}}],"collection":[{"href":"https:\/\/infosports.com.ar\/web\/wp-json\/wp\/v2\/posts"}],"about":[{"href":"https:\/\/infosports.com.ar\/web\/wp-json\/wp\/v2\/types\/post"}],"author":[{"embeddable":true,"href":"https:\/\/infosports.com.ar\/web\/wp-json\/wp\/v2\/users\/3"}],"replies":[{"embeddable":true,"href":"https:\/\/infosports.com.ar\/web\/wp-json\/wp\/v2\/comments?post=10773"}],"version-history":[{"count":1,"href":"https:\/\/infosports.com.ar\/web\/wp-json\/wp\/v2\/posts\/10773\/revisions"}],"predecessor-version":[{"id":10777,"href":"https:\/\/infosports.com.ar\/web\/wp-json\/wp\/v2\/posts\/10773\/revisions\/10777"}],"wp:featuredmedia":[{"embeddable":true,"href":"https:\/\/infosports.com.ar\/web\/wp-json\/wp\/v2\/media\/10774"}],"wp:attachment":[{"href":"https:\/\/infosports.com.ar\/web\/wp-json\/wp\/v2\/media?parent=10773"}],"wp:term":[{"taxonomy":"category","embeddable":true,"href":"https:\/\/infosports.com.ar\/web\/wp-json\/wp\/v2\/categories?post=10773"},{"taxonomy":"post_tag","embeddable":true,"href":"https:\/\/infosports.com.ar\/web\/wp-json\/wp\/v2\/tags?post=10773"}],"curies":[{"name":"wp","href":"https:\/\/api.w.org\/{rel}","templated":true}]}}