{"id":10782,"date":"2026-03-05T12:46:40","date_gmt":"2026-03-05T15:46:40","guid":{"rendered":"https:\/\/infosports.com.ar\/web\/?p=10782"},"modified":"2026-03-05T13:09:42","modified_gmt":"2026-03-05T16:09:42","slug":"pequenos-bikers-de-catriel-se-destacaron-en-la-primera-fecha-del-interprovincial-de-xco-en-plottier","status":"publish","type":"post","link":"https:\/\/infosports.com.ar\/web\/pequenos-bikers-de-catriel-se-destacaron-en-la-primera-fecha-del-interprovincial-de-xco-en-plottier\/","title":{"rendered":"Peque\u00f1os bikers de Catriel se destacaron en la primera fecha del Interprovincial de XCO en Plottier"},"content":{"rendered":"<div class=\"flex flex-col text-sm pb-25\">\n<article class=\"text-token-text-primary w-full focus:outline-none [--shadow-height:45px] has-data-writing-block:pointer-events-none has-data-writing-block:-mt-(--shadow-height) has-data-writing-block:pt-(--shadow-height) [&amp;:has([data-writing-block])&gt;*]:pointer-events-auto scroll-mt-[calc(var(--header-height)+min(200px,max(70px,20svh)))]\" dir=\"auto\" tabindex=\"-1\" data-turn-id=\"request-WEB:139511c2-c5ac-4c35-99c1-e21970ed8849-3\" data-testid=\"conversation-turn-8\" data-scroll-anchor=\"true\" data-turn=\"assistant\">\n<div class=\"text-base my-auto mx-auto pb-10 [--thread-content-margin:--spacing(4)] @w-sm\/main:[--thread-content-margin:--spacing(6)] @w-lg\/main:[--thread-content-margin:--spacing(16)] px-(--thread-content-margin)\">\n<div class=\"[--thread-content-max-width:40rem] @w-lg\/main:[--thread-content-max-width:48rem] mx-auto max-w-(--thread-content-max-width) flex-1 group\/turn-messages focus-visible:outline-hidden relative flex w-full min-w-0 flex-col agent-turn\" tabindex=\"-1\">\n<div class=\"flex max-w-full flex-col grow\">\n<div class=\"min-h-8 text-message relative flex w-full flex-col items-end gap-2 text-start break-words whitespace-normal [.text-message+&amp;]:mt-1\" dir=\"auto\" data-message-author-role=\"assistant\" data-message-id=\"b42d7c2f-1b1a-42b4-b097-1545065f161c\" data-message-model-slug=\"gpt-5-3\">\n<div class=\"flex w-full flex-col gap-1 empty:hidden first:pt-[1px]\">\n<div class=\"markdown prose dark:prose-invert w-full wrap-break-word light markdown-new-styling\">\n<p data-start=\"105\" data-end=\"478\">El pasado domingo se disput\u00f3 en la ciudad de Plottier la primera fecha del Campeonato Interprovincial de Cross Country Ol\u00edmpico (XCO), competencia que reuni\u00f3 a j\u00f3venes ciclistas de distintas localidades de la regi\u00f3n. All\u00ed, un grupo de peque\u00f1os deportistas de Catriel dijo presente, enfrentando un circuito exigente que puso a prueba su t\u00e9cnica, resistencia y concentraci\u00f3n. (infosports.com.ar \/ FM Alas)<\/p>\n<\/div>\n<\/div>\n<\/div>\n<\/div>\n<\/div>\n<\/div>\n<\/article>\n<\/div>\n<p><!--more--><\/p>\n<p data-start=\"105\" data-end=\"478\">El trazado se desarroll\u00f3 a lo largo de senderos costeros junto al r\u00edo, con tramos t\u00e9cnicos, curvas cerradas y obst\u00e1culos caracter\u00edsticos de la modalidad XCO. A pesar de las dificultades propias de este tipo de competencia, los representantes catrielenses estuvieron a la altura del desaf\u00edo y dejaron muy bien representada a la ciudad.<\/p>\n<div class=\"flex flex-col text-sm pb-25\">\n<article class=\"text-token-text-primary w-full focus:outline-none [--shadow-height:45px] has-data-writing-block:pointer-events-none has-data-writing-block:-mt-(--shadow-height) has-data-writing-block:pt-(--shadow-height) [&amp;:has([data-writing-block])&gt;*]:pointer-events-auto scroll-mt-[calc(var(--header-height)+min(200px,max(70px,20svh)))]\" dir=\"auto\" tabindex=\"-1\" data-turn-id=\"request-WEB:139511c2-c5ac-4c35-99c1-e21970ed8849-3\" data-testid=\"conversation-turn-8\" data-scroll-anchor=\"true\" data-turn=\"assistant\">\n<div class=\"text-base my-auto mx-auto pb-10 [--thread-content-margin:--spacing(4)] @w-sm\/main:[--thread-content-margin:--spacing(6)] @w-lg\/main:[--thread-content-margin:--spacing(16)] px-(--thread-content-margin)\">\n<div class=\"[--thread-content-max-width:40rem] @w-lg\/main:[--thread-content-max-width:48rem] mx-auto max-w-(--thread-content-max-width) flex-1 group\/turn-messages focus-visible:outline-hidden relative flex w-full min-w-0 flex-col agent-turn\" tabindex=\"-1\">\n<div class=\"flex max-w-full flex-col grow\">\n<div class=\"min-h-8 text-message relative flex w-full flex-col items-end gap-2 text-start break-words whitespace-normal [.text-message+&amp;]:mt-1\" dir=\"auto\" data-message-author-role=\"assistant\" data-message-id=\"b42d7c2f-1b1a-42b4-b097-1545065f161c\" data-message-model-slug=\"gpt-5-3\">\n<div class=\"flex w-full flex-col gap-1 empty:hidden first:pt-[1px]\">\n<div class=\"markdown prose dark:prose-invert w-full wrap-break-word light markdown-new-styling\">\n<p data-start=\"816\" data-end=\"890\">Los resultados obtenidos por los j\u00f3venes corredores fueron los siguientes:<\/p>\n<ul data-start=\"892\" data-end=\"1167\">\n<li data-start=\"892\" data-end=\"924\">\n<p data-start=\"894\" data-end=\"924\"><strong data-start=\"894\" data-end=\"912\">Sof\u00eda Ram\u00edrez:<\/strong> 1\u00b0 puesto<\/p>\n<\/li>\n<li data-start=\"925\" data-end=\"960\">\n<p data-start=\"927\" data-end=\"960\"><strong data-start=\"927\" data-end=\"948\">Abigail Albornoz:<\/strong> 2\u00b0 puesto<\/p>\n<\/li>\n<li data-start=\"961\" data-end=\"996\">\n<p data-start=\"963\" data-end=\"996\"><strong data-start=\"963\" data-end=\"984\">Juanita Morillas:<\/strong> 3\u00b0 puesto<\/p>\n<\/li>\n<li data-start=\"997\" data-end=\"1030\">\n<p data-start=\"999\" data-end=\"1030\"><strong data-start=\"999\" data-end=\"1018\">Eitan Gonzales:<\/strong> 3\u00b0 puesto<\/p>\n<\/li>\n<li data-start=\"1031\" data-end=\"1066\">\n<p data-start=\"1033\" data-end=\"1066\"><strong data-start=\"1033\" data-end=\"1054\">Natasha Gonzales:<\/strong> 4\u00b0 puesto<\/p>\n<\/li>\n<li data-start=\"1067\" data-end=\"1098\">\n<p data-start=\"1069\" data-end=\"1098\"><strong data-start=\"1069\" data-end=\"1086\">Ethan Castro:<\/strong> 5\u00b0 puesto<\/p>\n<\/li>\n<li data-start=\"1099\" data-end=\"1129\">\n<p data-start=\"1101\" data-end=\"1129\"><strong data-start=\"1101\" data-end=\"1117\">Milo Candia:<\/strong> 8\u00b0 puesto<\/p>\n<\/li>\n<li data-start=\"1130\" data-end=\"1167\">\n<p data-start=\"1132\" data-end=\"1167\"><strong data-start=\"1132\" data-end=\"1154\">Evaristo Morillas:<\/strong> 10\u00b0 puesto<\/p>\n<\/li>\n<\/ul>\n<p>Sumado a <strong>Ramiro Pavez y a Olguin Gonzalo<\/strong>, quienes fueron acompa\u00f1ados por sus familiares luego de entrenarse forma individual de cara a la temporada 2026. Pavez culmin\u00f3 en el puesto 2 de su categor\u00eda, cerrando una carrera donde demostr\u00f3 que va por todo en el 2026<\/p>\n<p data-start=\"1169\" data-end=\"1562\">Desde el entorno familiar de los deportistas destacaron la pasi\u00f3n, disciplina y compromiso que cada uno de los chicos demuestra por el ciclismo. A pesar de que este a\u00f1o no se dio continuidad a la escuelita <strong data-start=\"1375\" data-end=\"1392\">\u201cNinosaurios\u201d<\/strong>, el entusiasmo y las ganas de seguir compitiendo impulsaron a las familias a reorganizarse para continuar acompa\u00f1ando y apoyando el crecimiento deportivo de los j\u00f3venes.<\/p>\n<p data-start=\"1564\" data-end=\"2066\">Durante las vacaciones, los chicos continuaron entrenando de manera conjunta, mostrando un notable progreso d\u00eda a d\u00eda. En ese proceso fue fundamental el acompa\u00f1amiento del <strong data-start=\"1736\" data-end=\"1750\">se\u00f1or Juan<\/strong>, padre de una corredora de Plottier, quien comparti\u00f3 sus conocimientos y experiencia para guiar los entrenamientos adecuados a las edades de los participantes. Adem\u00e1s, estuvo presente durante la jornada de competencia brindando apoyo, acompa\u00f1ando las entradas en calor y siguiendo de cerca cada una de las carreras.<\/p>\n<p data-start=\"2068\" data-end=\"2267\">La jornada no fue solo competencia. Tras finalizar las pruebas, los peque\u00f1os bikers disfrutaron de un momento de recreaci\u00f3n junto al r\u00edo, compartiendo risas y fortaleciendo los lazos de compa\u00f1erismo.<\/p>\n<p data-start=\"2269\" data-end=\"2526\" data-is-last-node=\"\" data-is-only-node=\"\">Como cierre de esta experiencia, los j\u00f3venes ciclistas decidieron continuar unidos y formar oficialmente su propio grupo, al que eligieron llamar <strong data-start=\"2415\" data-end=\"2435\">\u201cLos Nino Biker\u201d<\/strong>, reflejando el esp\u00edritu de amistad, esfuerzo y pasi\u00f3n por el ciclismo que los caracteriza.<\/p>\n<\/div>\n<\/div>\n<\/div>\n<\/div>\n<div class=\"z-0 flex min-h-[46px] justify-start\"><\/div>\n<div class=\"mt-3 w-full empty:hidden\">\n<div class=\"text-center\"><\/div>\n<\/div>\n<\/div>\n<\/div>\n<\/article>\n<\/div>\n<div class=\"pointer-events-none h-px w-px absolute bottom-0\" aria-hidden=\"true\" data-edge=\"true\"><\/div>\n","protected":false},"excerpt":{"rendered":"<p>El pasado domingo se disput\u00f3 en la ciudad de Plottier la primera fecha del Campeonato Interprovincial de Cross Country Ol\u00edmpico (XCO), competencia que reuni\u00f3 a j\u00f3venes ciclistas de distintas localidades de la regi\u00f3n. All\u00ed, un grupo de peque\u00f1os deportistas de Catriel dijo presente, enfrentando un circuito exigente que puso a prueba su t\u00e9cnica, resistencia y [&hellip;]<\/p>\n","protected":false},"author":3,"featured_media":10783,"comment_status":"open","ping_status":"open","sticky":false,"template":"","format":"standard","meta":{"_acf_changed":false,"footnotes":""},"categories":[67,65,63],"tags":[],"class_list":{"0":"post-10782","1":"post","2":"type-post","3":"status-publish","4":"format-standard","5":"has-post-thumbnail","7":"category-destacadas","8":"category-multidisciplinas","9":"category-regionales"},"acf":[],"aioseo_notices":[],"_links":{"self":[{"href":"https:\/\/infosports.com.ar\/web\/wp-json\/wp\/v2\/posts\/10782","targetHints":{"allow":["GET"]}}],"collection":[{"href":"https:\/\/infosports.com.ar\/web\/wp-json\/wp\/v2\/posts"}],"about":[{"href":"https:\/\/infosports.com.ar\/web\/wp-json\/wp\/v2\/types\/post"}],"author":[{"embeddable":true,"href":"https:\/\/infosports.com.ar\/web\/wp-json\/wp\/v2\/users\/3"}],"replies":[{"embeddable":true,"href":"https:\/\/infosports.com.ar\/web\/wp-json\/wp\/v2\/comments?post=10782"}],"version-history":[{"count":3,"href":"https:\/\/infosports.com.ar\/web\/wp-json\/wp\/v2\/posts\/10782\/revisions"}],"predecessor-version":[{"id":10787,"href":"https:\/\/infosports.com.ar\/web\/wp-json\/wp\/v2\/posts\/10782\/revisions\/10787"}],"wp:featuredmedia":[{"embeddable":true,"href":"https:\/\/infosports.com.ar\/web\/wp-json\/wp\/v2\/media\/10783"}],"wp:attachment":[{"href":"https:\/\/infosports.com.ar\/web\/wp-json\/wp\/v2\/media?parent=10782"}],"wp:term":[{"taxonomy":"category","embeddable":true,"href":"https:\/\/infosports.com.ar\/web\/wp-json\/wp\/v2\/categories?post=10782"},{"taxonomy":"post_tag","embeddable":true,"href":"https:\/\/infosports.com.ar\/web\/wp-json\/wp\/v2\/tags?post=10782"}],"curies":[{"name":"wp","href":"https:\/\/api.w.org\/{rel}","templated":true}]}}