{"id":10788,"date":"2026-03-09T09:32:42","date_gmt":"2026-03-09T12:32:42","guid":{"rendered":"https:\/\/infosports.com.ar\/web\/?p=10788"},"modified":"2026-03-09T09:32:42","modified_gmt":"2026-03-09T12:32:42","slug":"tc-en-viedma-santero-gano-de-punta-a-punta-y-le-dio-el-primer-triunfo-a-bmw","status":"publish","type":"post","link":"https:\/\/infosports.com.ar\/web\/tc-en-viedma-santero-gano-de-punta-a-punta-y-le-dio-el-primer-triunfo-a-bmw\/","title":{"rendered":"TC en Viedma: Santero gan\u00f3 de punta a punta y le dio el primer triunfo a BMW"},"content":{"rendered":"<p><strong>Juli\u00e1n Santero\u00a0<\/strong>tuvo su revancha y se qued\u00f3 con una victoria en la final del\u00a0<strong>Turismo Carretera<\/strong>. En Viedma, el mendocino\u00a0<strong>domin\u00f3 de punta a punta<\/strong>\u00a0y le dio a BMW su primer triunfo en la categor\u00eda m\u00e1s popular del pa\u00eds. Segundo termin\u00f3<strong>\u00a0Mauricio Lambiris<\/strong>\u00a0y tercero\u00a0<strong>Elio Craparo<\/strong>.<!--more--><\/p>\n<p data-mrf-recirculation=\"[Article] Article Paragraph\">Luego de un gran desempe\u00f1o en la clasificaci\u00f3n,\u00a0<strong>Santero mantuvo solidez\u00a0<\/strong>en el circuito de la capital rionegrina. En la largada y en los tres primeros relanzamientos<strong>\u00a0se defendi\u00f3 de los ataques de Elio Craparo<\/strong>\u00a0(Ford Mustang). En el tercero los pilotos protagonizaron una<strong>\u00a0maniobra ajustada\u00a0<\/strong>que qued\u00f3 bajo la mirada de los comisarios deportivos.<\/p>\n<div id=\"ad-slot-inline_1\" class=\"ad-slot-inline ad-slot\" data-adtype=\"inline\" data-google-query-id=\"CPii6qbpkpMDFWZTuAQdHwMPlw\">\n<p data-mrf-recirculation=\"[Article] Article Paragraph\">En la cuarta y \u00faltima reanudaci\u00f3n, a c<strong>uatro vueltas de la bandera a cuadro<\/strong>s, el que quiso meterse en la disputa fue<strong>\u00a0Mauricio Lambiris<\/strong>, tambi\u00e9n con Ford Mustang, pero no tuvo chances para arrebatarle la posici\u00f3n al mendocino.<\/p>\n<div data-mrf-experience=\"IL_oq6RbFCKTRSMUhhHal1XuA\"><\/div>\n<figure class=\"wp-block-image size-large\"><img loading=\"lazy\" decoding=\"async\" class=\"wp-image-4494843\" src=\"https:\/\/www.rionegro.com.ar\/wp-content\/uploads\/2026\/03\/WhatsApp-Image-2026-03-08-at-16.43.10.jpeg?w=1200\" sizes=\"auto, (max-width: 1200px) 100vw, 1200px\" srcset=\"https:\/\/www.rionegro.com.ar\/wp-content\/uploads\/2026\/03\/WhatsApp-Image-2026-03-08-at-16.43.10.jpeg 1600w, https:\/\/www.rionegro.com.ar\/wp-content\/uploads\/2026\/03\/WhatsApp-Image-2026-03-08-at-16.43.10.jpeg?resize=920,374 920w, https:\/\/www.rionegro.com.ar\/wp-content\/uploads\/2026\/03\/WhatsApp-Image-2026-03-08-at-16.43.10.jpeg?resize=768,312 768w, https:\/\/www.rionegro.com.ar\/wp-content\/uploads\/2026\/03\/WhatsApp-Image-2026-03-08-at-16.43.10.jpeg?resize=1200,488 1200w, https:\/\/www.rionegro.com.ar\/wp-content\/uploads\/2026\/03\/WhatsApp-Image-2026-03-08-at-16.43.10.jpeg?resize=1536,625 1536w, https:\/\/www.rionegro.com.ar\/wp-content\/uploads\/2026\/03\/WhatsApp-Image-2026-03-08-at-16.43.10.jpeg?resize=150,61 150w\" alt=\"\" width=\"1200\" height=\"488\" \/><\/figure>\n<p data-mrf-recirculation=\"[Article] Article Paragraph\">La victoria tuvo sabor a revancha para Santero<strong>\u00a0porque la fecha pasada qued\u00f3 en El Calafate<\/strong>. All\u00ed fue\u00a0<strong>cuarto en clasificaci\u00f3n y primero en pista en la final,\u00a0<\/strong>pero un exceso en la relaci\u00f3n de compresi\u00f3n de su motor determin\u00f3<strong>\u00a0su exclusi\u00f3n total de la competencia.<\/strong><\/p>\n<p data-mrf-recirculation=\"[Article] Article Paragraph\">Con este triunfo, la marca alemana\u00a0<strong>se convirti\u00f3 en la s\u00e9ptima\u00a0<\/strong>en ganar dentro del TC, sum\u00e1ndose al listado que integran Ford, Dodge, Chevrolet, Volvo, Torino y Toyota.<\/p>\n<div data-mrf-experience=\"IL_WrMNRipHQdyViy1OzMay9A\"><\/div>\n<div id=\"ad-slot-inline_2\" class=\"ad-slot-inline ad-slot\" data-adtype=\"inline\" data-google-query-id=\"CKTbirHokpMDFaI8HgAdkYUISA\">\n<div id=\"google_ads_iframe_\/41496474\/rionegro\/rionegro_notas\/rionegro_notas_inline_2_0__container__\"><iframe id=\"google_ads_iframe_\/41496474\/rionegro\/rionegro_notas\/rionegro_notas_inline_2_0\" tabindex=\"0\" title=\"Contenido de anuncios de terceros\" name=\"google_ads_iframe_\/41496474\/rionegro\/rionegro_notas\/rionegro_notas_inline_2_0\" width=\"728\" height=\"90\" frameborder=\"0\" marginwidth=\"0\" marginheight=\"0\" scrolling=\"no\" aria-label=\"Anuncio\" data-load-complete=\"true\" data-google-container-id=\"4\" data-gtm-yt-inspected-15=\"true\"><\/iframe><\/div>\n<\/div>\n<p data-mrf-recirculation=\"[Article] Article Paragraph\">Respecto al piloto mendocito, sell\u00f3 su\u00a0<strong>d\u00e9cima victoria en 117 carreras<\/strong>\u00a0dentro del Turismo Carretera y la tercera en este circuito, donde\u00a0<strong>se convirti\u00f3 en el piloto m\u00e1s ganador del historial junto a Facundo Ardusso<\/strong>, quien tambi\u00e9n gan\u00f3 en la capital rionegrina en 2020, en aquella ocasi\u00f3n con Torino.<\/p>\n<p data-mrf-recirculation=\"[Article] Article Paragraph\">\u201cEstoy muy contento por mi grupo de mec\u00e1nicos, que\u00a0<strong>vienen trabajando sin parar desde diciembre\u00a0<\/strong>y se merecen esta victoria.\u00a0<strong>Todos los relanzamientos fueron apretados<\/strong>. En el tercero con Elio los dos autos se pusieron muy de costado y \u00e9l pisa un poco la tierra, no hay mucho m\u00e1s que decir\u00bb, expres\u00f3 Santero en di\u00e1logo con\u00a0<em>Campeones Radio<\/em>\u00a0y<em>\u00a0AM590 Continental<\/em>.<\/p>\n<p data-mrf-recirculation=\"[Article] Article Paragraph\"><strong>Craparo, que escolt\u00f3 al campe\u00f3n 2024 durante las primeras 18 vueltas<\/strong>, complet\u00f3 un gran fin de semana al conseguir el segundo podio de su carrera en 49 finales dentro del TC.<\/p>\n<p data-mrf-recirculation=\"[Article] Article Paragraph\">El tercer lugar qued\u00f3 en manos de\u00a0<strong>Lambiris<\/strong>, quien\u00a0<strong>larg\u00f3 cuarto y avanz\u00f3 en la primera vuelta<\/strong>\u00a0tras superar a\u00a0<strong>Luis Jos\u00e9 Di Palma<\/strong>. En la vuelta 19,\u00a0<strong>tambi\u00e9n dej\u00f3 atr\u00e1s a Craparo para asegurar su 21\u00ba podi<\/strong>o en 162 finales en el TC.<\/p>\n<hr class=\"wp-block-separator has-alpha-channel-opacity\" \/>\n<h2 class=\"wp-block-heading\">Urcera sum\u00f3 puntos y Benvenuti debi\u00f3 abandonar<\/h2>\n<hr class=\"wp-block-separator has-alpha-channel-opacity\" \/>\n<p data-mrf-recirculation=\"[Article] Article Paragraph\">Entre los pilotos regionales,\u00a0<strong>Juan Manuel Urcera<\/strong>, con Toyota,\u00a0<strong>finaliz\u00f3 en el 14\u00b0 puesto y sum\u00f3 puntos en la segunda fecha<\/strong>\u00a0del campeonato. Mientras que Juan Cruz Benvenuti (Chevrolet Camaro), no tuvo una buena jornada. El neuquino tuvo que abandonar en los primeros giros tras un golpe que lo dej\u00f3 r\u00e1pidamente fuera de carrera.<\/p>\n<div id=\"ad-slot-inline_4\" class=\"ad-slot-inline ad-slot\" data-adtype=\"inline\" data-google-query-id=\"CKbbirHokpMDFaI8HgAdkYUISA\">\n<div id=\"google_ads_iframe_\/41496474\/rionegro\/rionegro_notas\/rionegro_notas_inline_4_0__container__\"><\/div>\n<\/div>\n<p data-mrf-recirculation=\"[Article] Article Paragraph\">El piloto de<strong>\u00a0Villa La Angostura hab\u00eda llegado con expectativas luego de clasificar 16\u00b0<\/strong>\u00a0y de largar sexto en una de las series. Tras el abandono,\u00a0<strong>expres\u00f3 su frustraci\u00f3n en la transmisi\u00f3n oficial<\/strong>. \u201cLamentablemente\u00a0<strong>se hace muy dif\u00edcil correr cuando hay roturas<\/strong>, econ\u00f3micamente me est\u00e1 costando much\u00edsimo.\u00a0<strong>Es muy dif\u00edcil, la verdad, ya no tengo ganas de venir<\/strong>. Me est\u00e1n pasando cosas que no las puedo manejar y estoy gastando m\u00e1s plata de la que tengo\u201d.<\/p>\n<\/div>\n","protected":false},"excerpt":{"rendered":"<p>Juli\u00e1n Santero\u00a0tuvo su revancha y se qued\u00f3 con una victoria en la final del\u00a0Turismo Carretera. En Viedma, el mendocino\u00a0domin\u00f3 de punta a punta\u00a0y le dio a BMW su primer triunfo en la categor\u00eda m\u00e1s popular del pa\u00eds. Segundo termin\u00f3\u00a0Mauricio Lambiris\u00a0y tercero\u00a0Elio Craparo.<\/p>\n","protected":false},"author":3,"featured_media":10789,"comment_status":"open","ping_status":"open","sticky":false,"template":"","format":"standard","meta":{"_acf_changed":false,"footnotes":""},"categories":[67,61],"tags":[],"class_list":{"0":"post-10788","1":"post","2":"type-post","3":"status-publish","4":"format-standard","5":"has-post-thumbnail","7":"category-destacadas","8":"category-nacionales"},"acf":[],"aioseo_notices":[],"_links":{"self":[{"href":"https:\/\/infosports.com.ar\/web\/wp-json\/wp\/v2\/posts\/10788","targetHints":{"allow":["GET"]}}],"collection":[{"href":"https:\/\/infosports.com.ar\/web\/wp-json\/wp\/v2\/posts"}],"about":[{"href":"https:\/\/infosports.com.ar\/web\/wp-json\/wp\/v2\/types\/post"}],"author":[{"embeddable":true,"href":"https:\/\/infosports.com.ar\/web\/wp-json\/wp\/v2\/users\/3"}],"replies":[{"embeddable":true,"href":"https:\/\/infosports.com.ar\/web\/wp-json\/wp\/v2\/comments?post=10788"}],"version-history":[{"count":1,"href":"https:\/\/infosports.com.ar\/web\/wp-json\/wp\/v2\/posts\/10788\/revisions"}],"predecessor-version":[{"id":10791,"href":"https:\/\/infosports.com.ar\/web\/wp-json\/wp\/v2\/posts\/10788\/revisions\/10791"}],"wp:featuredmedia":[{"embeddable":true,"href":"https:\/\/infosports.com.ar\/web\/wp-json\/wp\/v2\/media\/10789"}],"wp:attachment":[{"href":"https:\/\/infosports.com.ar\/web\/wp-json\/wp\/v2\/media?parent=10788"}],"wp:term":[{"taxonomy":"category","embeddable":true,"href":"https:\/\/infosports.com.ar\/web\/wp-json\/wp\/v2\/categories?post=10788"},{"taxonomy":"post_tag","embeddable":true,"href":"https:\/\/infosports.com.ar\/web\/wp-json\/wp\/v2\/tags?post=10788"}],"curies":[{"name":"wp","href":"https:\/\/api.w.org\/{rel}","templated":true}]}}