{"id":10792,"date":"2026-03-09T09:44:19","date_gmt":"2026-03-09T12:44:19","guid":{"rendered":"https:\/\/infosports.com.ar\/web\/?p=10792"},"modified":"2026-03-09T09:44:19","modified_gmt":"2026-03-09T12:44:19","slug":"nace-un-nuevo-deporte-ecologico-en-la-region-el-carrovela","status":"publish","type":"post","link":"https:\/\/infosports.com.ar\/web\/nace-un-nuevo-deporte-ecologico-en-la-region-el-carrovela\/","title":{"rendered":"Nace un nuevo deporte ecol\u00f3gico en la regi\u00f3n: el carrovela"},"content":{"rendered":"<div class=\"flex flex-col text-sm pb-25\">\n<article class=\"text-token-text-primary w-full focus:outline-none [--shadow-height:45px] has-data-writing-block:pointer-events-none has-data-writing-block:-mt-(--shadow-height) has-data-writing-block:pt-(--shadow-height) [&amp;:has([data-writing-block])&gt;*]:pointer-events-auto scroll-mt-[calc(var(--header-height)+min(200px,max(70px,20svh)))]\" dir=\"auto\" tabindex=\"-1\" data-turn-id=\"request-WEB:a03681b6-8fa4-4cd5-9649-ae9728a0f71e-0\" data-testid=\"conversation-turn-2\" data-scroll-anchor=\"true\" data-turn=\"assistant\">\n<div class=\"text-base my-auto mx-auto pb-10 [--thread-content-margin:var(--thread-content-margin-xs,calc(var(--spacing)*4))] @w-sm\/main:[--thread-content-margin:var(--thread-content-margin-sm,calc(var(--spacing)*6))] @w-lg\/main:[--thread-content-margin:var(--thread-content-margin-lg,calc(var(--spacing)*16))] px-(--thread-content-margin)\">\n<div class=\"[--thread-content-max-width:40rem] @w-lg\/main:[--thread-content-max-width:48rem] mx-auto max-w-(--thread-content-max-width) flex-1 group\/turn-messages focus-visible:outline-hidden relative flex w-full min-w-0 flex-col agent-turn\" tabindex=\"-1\">\n<div class=\"flex max-w-full flex-col gap-4 grow\">\n<div class=\"min-h-8 text-message relative flex w-full flex-col items-end gap-2 text-start break-words whitespace-normal [.text-message+&amp;]:mt-1\" dir=\"auto\" data-message-author-role=\"assistant\" data-message-id=\"a502a67e-9455-4004-a693-22cf33a8dfcf\" data-message-model-slug=\"gpt-5-3\">\n<div class=\"flex w-full flex-col gap-1 empty:hidden\">\n<div class=\"markdown prose dark:prose-invert w-full wrap-break-word light markdown-new-styling\">\n<p data-start=\"64\" data-end=\"396\">El pasado mi\u00e9rcoles 4 de febrero, un grupo de referentes regionales vinculados al turismo, la naturaleza y el deporte se traslad\u00f3 por la Ruta Provincial N\u00b023 hasta el Gran Salitral, conocido como la Reserva Provincial <strong data-start=\"282\" data-end=\"306\">\u201cSalitral Encantado\u201d<\/strong>, ubicada a unos 80 kil\u00f3metros de la localidad de 25 de Mayo, en la provincia de La Pampa.<\/p>\n<\/div>\n<\/div>\n<\/div>\n<\/div>\n<\/div>\n<\/div>\n<\/article>\n<\/div>\n<p><!--more--><\/p>\n<p data-start=\"64\" data-end=\"396\">La visita estuvo encabezada por los gu\u00edas tur\u00edsticos pampeanos <strong data-start=\"461\" data-end=\"494\">Marisa Bellido y Claudio Ru\u00edz<\/strong>, reconocidos por su profundo conocimiento del entorno natural de la regi\u00f3n. Tambi\u00e9n participaron el <strong data-start=\"595\" data-end=\"615\">Dr. Rub\u00e9n Ju\u00e1rez<\/strong> y el <strong data-start=\"621\" data-end=\"650\">profesor Cristian Pereyra<\/strong>, de la ciudad de Catriel, R\u00edo Negro. En el lugar se encontraron con <strong data-start=\"719\" data-end=\"748\">Jos\u00e9 y Ariel Casalanguida<\/strong>, constructores de veh\u00edculos carrovela y deportistas especializados en esta disciplina, quienes viajaron desde la ciudad de <strong data-start=\"872\" data-end=\"895\">Bell Ville, C\u00f3rdoba<\/strong>, con el objetivo de conocer el terreno y compartir experiencias con los referentes locales.<\/p>\n<div class=\"flex flex-col text-sm pb-25\">\n<article class=\"text-token-text-primary w-full focus:outline-none [--shadow-height:45px] has-data-writing-block:pointer-events-none has-data-writing-block:-mt-(--shadow-height) has-data-writing-block:pt-(--shadow-height) [&amp;:has([data-writing-block])&gt;*]:pointer-events-auto scroll-mt-[calc(var(--header-height)+min(200px,max(70px,20svh)))]\" dir=\"auto\" tabindex=\"-1\" data-turn-id=\"request-WEB:a03681b6-8fa4-4cd5-9649-ae9728a0f71e-0\" data-testid=\"conversation-turn-2\" data-scroll-anchor=\"true\" data-turn=\"assistant\">\n<div class=\"text-base my-auto mx-auto pb-10 [--thread-content-margin:var(--thread-content-margin-xs,calc(var(--spacing)*4))] @w-sm\/main:[--thread-content-margin:var(--thread-content-margin-sm,calc(var(--spacing)*6))] @w-lg\/main:[--thread-content-margin:var(--thread-content-margin-lg,calc(var(--spacing)*16))] px-(--thread-content-margin)\">\n<div class=\"[--thread-content-max-width:40rem] @w-lg\/main:[--thread-content-max-width:48rem] mx-auto max-w-(--thread-content-max-width) flex-1 group\/turn-messages focus-visible:outline-hidden relative flex w-full min-w-0 flex-col agent-turn\" tabindex=\"-1\">\n<div class=\"flex max-w-full flex-col gap-4 grow\">\n<div class=\"min-h-8 text-message relative flex w-full flex-col items-end gap-2 text-start break-words whitespace-normal [.text-message+&amp;]:mt-1\" dir=\"auto\" data-message-author-role=\"assistant\" data-message-id=\"a502a67e-9455-4004-a693-22cf33a8dfcf\" data-message-model-slug=\"gpt-5-3\">\n<div class=\"flex w-full flex-col gap-1 empty:hidden\">\n<div class=\"markdown prose dark:prose-invert w-full wrap-break-word light markdown-new-styling\">\n<p data-start=\"989\" data-end=\"1310\">Durante la jornada, los participantes recorrieron el salitral y analizaron sus caracter\u00edsticas geogr\u00e1ficas. Tanto los visitantes como los anfitriones coincidieron en que el lugar posee <strong data-start=\"1174\" data-end=\"1232\">condiciones excepcionales por su amplitud y superficie<\/strong>, lo que lo convierte en un espacio ideal para el desarrollo del carrovelismo.<\/p>\n<p data-start=\"1312\" data-end=\"1460\">Posteriormente realizaron pruebas y entrenamientos con los veh\u00edculos carrovela adquiridos para impulsar la pr\u00e1ctica de esta disciplina en la regi\u00f3n.<\/p>\n<p data-start=\"1462\" data-end=\"1787\">Cabe destacar que los gu\u00edas <strong data-start=\"1490\" data-end=\"1523\">Marisa Bellido y Claudio Ru\u00edz<\/strong> ya ven\u00edan practicando esta actividad desde hace tiempo, aunque hasta el momento lo hac\u00edan de manera recreativa. La llegada de especialistas y constructores de este tipo de veh\u00edculos abre ahora la posibilidad de <strong data-start=\"1735\" data-end=\"1786\">desarrollar formalmente este deporte en la zona<\/strong>.<\/p>\n<p data-start=\"1789\" data-end=\"2145\">El <strong data-start=\"1792\" data-end=\"1805\">carrovela<\/strong> es un veh\u00edculo de tres ruedas impulsado por una vela que aprovecha la fuerza del viento para desplazarse sobre superficies terrestres. Se trata de una disciplina completamente ecol\u00f3gica, ya que no genera contaminaci\u00f3n y se practica en terrenos secos y planos, como salitrales, playas o superficies compactas similares a un campo de f\u00fatbol.<\/p>\n<p data-start=\"2147\" data-end=\"2622\">La historia del carrovela se remonta a tiempos antiguos. Sus primeros antecedentes se encuentran en el <strong data-start=\"2250\" data-end=\"2268\">Antiguo Egipto<\/strong>, hace aproximadamente 4.000 a\u00f1os, mientras que en el <strong data-start=\"2322\" data-end=\"2335\">siglo XVI<\/strong> los chinos utilizaron veh\u00edculos similares para el transporte de tropas. Con el tiempo, esta pr\u00e1ctica se perfeccion\u00f3 en Europa, especialmente en <strong data-start=\"2480\" data-end=\"2510\">B\u00e9lgica, Francia y Holanda<\/strong>, donde a fines del siglo XIX y principios del XX comenzaron a organizarse las primeras competencias deportivas.<\/p>\n<p data-start=\"2624\" data-end=\"2983\">Desde entonces, el dise\u00f1o de estos veh\u00edculos ha evolucionado considerablemente, mejorando su estructura, materiales y tecnolog\u00eda de velas. Gracias a ello, pueden alcanzar velocidades sorprendentes. El r\u00e9cord mundial de velocidad en carrovela es de <strong data-start=\"2872\" data-end=\"2884\">202 km\/h<\/strong>, logrado por el ingeniero ingl\u00e9s <strong data-start=\"2918\" data-end=\"2937\">Richard Jenkins<\/strong> en el desierto de Ivanpah, en Estados Unidos.<\/p>\n<p data-start=\"2985\" data-end=\"3184\">En Argentina, el carrovelismo se practica en diversas regiones, especialmente en <strong data-start=\"3066\" data-end=\"3105\">C\u00f3rdoba, La Rioja, San Juan, Chubut<\/strong> y en las playas de <strong data-start=\"3125\" data-end=\"3153\">Mar Chiquita y El C\u00f3ndor<\/strong>, en la provincia de R\u00edo Negro.<\/p>\n<p data-start=\"3186\" data-end=\"3480\">Los especialistas aseguran que los amplios salitrales de <strong data-start=\"3243\" data-end=\"3267\">Catriel y 25 de Mayo<\/strong> presentan condiciones naturales ideales para la pr\u00e1ctica de este deporte impulsado por energ\u00eda e\u00f3lica, ya que permiten alcanzar velocidades que pueden <strong data-start=\"3419\" data-end=\"3479\">triplicar o incluso cuadruplicar la velocidad del viento<\/strong>.<\/p>\n<p data-start=\"3482\" data-end=\"3632\">En este sentido, el profesor <strong data-start=\"3511\" data-end=\"3531\">Cristian Pereyra<\/strong> se\u00f1al\u00f3 que junto al Dr. Rub\u00e9n Ju\u00e1rez y los gu\u00edas locales buscar\u00e1n impulsar la disciplina en la zona.<\/p>\n<p data-start=\"3634\" data-end=\"3775\">\u201cVamos a intentar desarrollar la pr\u00e1ctica del carrovelismo en una pista natural incre\u00edble y \u00fanica como lo es el Salitral Encantado\u201d, expres\u00f3.<\/p>\n<p data-start=\"3777\" data-end=\"3994\" data-is-last-node=\"\" data-is-only-node=\"\">De esta manera, el lugar podr\u00eda convertirse en <strong data-start=\"3824\" data-end=\"3883\">un nuevo escenario deportivo y tur\u00edstico para la regi\u00f3n<\/strong>, sumando una actividad innovadora, sustentable y vinculada al aprovechamiento responsable del entorno natural.<\/p>\n<\/div>\n<\/div>\n<\/div>\n<\/div>\n<div class=\"z-0 flex min-h-[46px] justify-start\"><\/div>\n<div class=\"mt-3 w-full empty:hidden\">\n<div class=\"text-center\"><\/div>\n<\/div>\n<\/div>\n<\/div>\n<\/article>\n<\/div>\n<p><!--more--><\/p>\n<div class=\"pointer-events-none h-px w-px absolute bottom-0\" aria-hidden=\"true\" data-edge=\"true\"><\/div>\n","protected":false},"excerpt":{"rendered":"<p>El pasado mi\u00e9rcoles 4 de febrero, un grupo de referentes regionales vinculados al turismo, la naturaleza y el deporte se traslad\u00f3 por la Ruta Provincial N\u00b023 hasta el Gran Salitral, conocido como la Reserva Provincial \u201cSalitral Encantado\u201d, ubicada a unos 80 kil\u00f3metros de la localidad de 25 de Mayo, en la provincia de La Pampa.<\/p>\n","protected":false},"author":3,"featured_media":10793,"comment_status":"open","ping_status":"open","sticky":false,"template":"","format":"standard","meta":{"_acf_changed":false,"footnotes":""},"categories":[67,62,65],"tags":[],"class_list":{"0":"post-10792","1":"post","2":"type-post","3":"status-publish","4":"format-standard","5":"has-post-thumbnail","7":"category-destacadas","8":"category-locales","9":"category-multidisciplinas"},"acf":[],"aioseo_notices":[],"_links":{"self":[{"href":"https:\/\/infosports.com.ar\/web\/wp-json\/wp\/v2\/posts\/10792","targetHints":{"allow":["GET"]}}],"collection":[{"href":"https:\/\/infosports.com.ar\/web\/wp-json\/wp\/v2\/posts"}],"about":[{"href":"https:\/\/infosports.com.ar\/web\/wp-json\/wp\/v2\/types\/post"}],"author":[{"embeddable":true,"href":"https:\/\/infosports.com.ar\/web\/wp-json\/wp\/v2\/users\/3"}],"replies":[{"embeddable":true,"href":"https:\/\/infosports.com.ar\/web\/wp-json\/wp\/v2\/comments?post=10792"}],"version-history":[{"count":1,"href":"https:\/\/infosports.com.ar\/web\/wp-json\/wp\/v2\/posts\/10792\/revisions"}],"predecessor-version":[{"id":10795,"href":"https:\/\/infosports.com.ar\/web\/wp-json\/wp\/v2\/posts\/10792\/revisions\/10795"}],"wp:featuredmedia":[{"embeddable":true,"href":"https:\/\/infosports.com.ar\/web\/wp-json\/wp\/v2\/media\/10793"}],"wp:attachment":[{"href":"https:\/\/infosports.com.ar\/web\/wp-json\/wp\/v2\/media?parent=10792"}],"wp:term":[{"taxonomy":"category","embeddable":true,"href":"https:\/\/infosports.com.ar\/web\/wp-json\/wp\/v2\/categories?post=10792"},{"taxonomy":"post_tag","embeddable":true,"href":"https:\/\/infosports.com.ar\/web\/wp-json\/wp\/v2\/tags?post=10792"}],"curies":[{"name":"wp","href":"https:\/\/api.w.org\/{rel}","templated":true}]}}