{"id":1080,"date":"2022-05-03T09:10:03","date_gmt":"2022-05-03T12:10:03","guid":{"rendered":"https:\/\/infosports.com.ar\/web\/?p=1080"},"modified":"2022-05-03T09:10:03","modified_gmt":"2022-05-03T12:10:03","slug":"porsche-y-audi-estaran-en-la-formula-1","status":"publish","type":"post","link":"https:\/\/infosports.com.ar\/web\/porsche-y-audi-estaran-en-la-formula-1\/","title":{"rendered":"Porsche y Audi estar\u00e1n en la F\u00f3rmula 1"},"content":{"rendered":"<section class=\"body-content\" data-twitter-link=\"https:\/\/twitter.com\/intent\/tweet?url=https:\/\/www.lmneuquen.com\/c907822&amp;v\u00eda=lmneuquen&amp;related=LM Neuquen&amp;text=\" data-td-script-src=\"https:\/\/www.lmneuquen.com\/js-custom\/195\/v2\/jquery-3.6.0.min-min-version-1621517474.js,https:\/\/www.lmneuquen.com\/js-custom\/195\/v2\/functions\/function-embeds-min-version-1622559958.js\">Jornada de anuncios importantes para el mundo de la\u00a0<a class=\"agrupador\" href=\"https:\/\/www.lmneuquen.com\/formula-1-a589\" rel=\"589\">F\u00f3rmula 1<\/a>\u00a0de cara al futuro, ya que Herbert Diess, CEO del Grupo\u00a0<a class=\"agrupador\" href=\"https:\/\/www.lmneuquen.com\/volkswagen-a1961\" rel=\"1961\">Volkswagen<\/a>, anunci\u00f3 que\u00a0<a class=\"agrupador\" href=\"https:\/\/www.lmneuquen.com\/porsche-a23837\" rel=\"23837\">Porsche<\/a>\u00a0y\u00a0<a class=\"agrupador\" href=\"https:\/\/www.lmneuquen.com\/audi-a18372\" rel=\"18372\">Audi<\/a>\u00a0llegar\u00e1n a la M\u00e1xima desde 2026.<\/p>\n<\/section>\n<p><!--more--><\/p>\n<section class=\"body-content\" data-twitter-link=\"https:\/\/twitter.com\/intent\/tweet?url=https:\/\/www.lmneuquen.com\/c907822&amp;v\u00eda=lmneuquen&amp;related=LM Neuquen&amp;text=\" data-td-script-src=\"https:\/\/www.lmneuquen.com\/js-custom\/195\/v2\/jquery-3.6.0.min-min-version-1621517474.js,https:\/\/www.lmneuquen.com\/js-custom\/195\/v2\/functions\/function-embeds-min-version-1622559958.js\">&#8220;Volkswagen no entra a la F\u00f3rmula 1. No es una marca id\u00f3nea para ello y no participar\u00e1, pero puedo decir esto: nuestras marcas premium ya han decidido ingresar a la F\u00f3rmula 1 con nuestro apoyo. En cuanto a Porsche, el proyecto ya es relativamente concreto. Para Audi todav\u00eda no tanto&#8221;, expres\u00f3 Diess en primer t\u00e9rmino.<\/p>\n<section class=\"body-content\" data-twitter-link=\"https:\/\/twitter.com\/intent\/tweet?url=https:\/\/www.lmneuquen.com\/c907822&amp;v\u00eda=lmneuquen&amp;related=LM Neuquen&amp;text=\" data-td-script-src=\"https:\/\/www.lmneuquen.com\/js-custom\/195\/v2\/jquery-3.6.0.min-min-version-1621517474.js,https:\/\/www.lmneuquen.com\/js-custom\/195\/v2\/functions\/function-embeds-min-version-1622559958.js\">Si bien este lunes se supo la intenci\u00f3n de que ambas marcas entren a la F1, todav\u00eda no se sabe con qu\u00e9 escuder\u00eda lo har\u00edan. En declaraciones recientes, Gerhard Berger, cont\u00f3: &#8220;Que yo sepa, Porsche y Red Bull se pusieron de acuerdo para trabajar juntos. En cuanto a Audi, est\u00e1 entre tres equipos, con opci\u00f3n muy probable en Sauber (ahora Alfa Romeo).<\/p>\n<p><a href=\"https:\/\/infosports.com.ar\/web\/wp-content\/uploads\/2022\/05\/626fef1a8f2ba541800781.jpg\"><img loading=\"lazy\" decoding=\"async\" class=\"alignnone size-large wp-image-1083\" src=\"https:\/\/infosports.com.ar\/web\/wp-content\/uploads\/2022\/05\/626fef1a8f2ba541800781-1024x586.jpg\" alt=\"\" width=\"696\" height=\"398\" \/><\/a><\/p>\n<\/section>\n<\/section>\n<section class=\"body-content\" data-twitter-link=\"https:\/\/twitter.com\/intent\/tweet?url=https:\/\/www.lmneuquen.com\/c907822&amp;v\u00eda=lmneuquen&amp;related=LM Neuquen&amp;text=\" data-td-script-src=\"https:\/\/www.lmneuquen.com\/js-custom\/195\/v2\/jquery-3.6.0.min-min-version-1621517474.js,https:\/\/www.lmneuquen.com\/js-custom\/195\/v2\/functions\/function-embeds-min-version-1622559958.js\">\n<section class=\"body-content\" data-twitter-link=\"https:\/\/twitter.com\/intent\/tweet?url=https:\/\/www.lmneuquen.com\/c907822&amp;v\u00eda=lmneuquen&amp;related=LM Neuquen&amp;text=\" data-td-script-src=\"https:\/\/www.lmneuquen.com\/js-custom\/195\/v2\/jquery-3.6.0.min-min-version-1621517474.js,https:\/\/www.lmneuquen.com\/js-custom\/195\/v2\/functions\/function-embeds-min-version-1622559958.js\">La determinaci\u00f3n del ingreso de Porsche y Audi a la F\u00f3rmula 1 se da ante el nuevo cambio reglamentario que har\u00e1 la categor\u00eda en 2026, con nuevas unidades de potencia. &#8220;La F1 se est\u00e1 expandiendo de forma muy positiva en todo el mundo. La categor\u00eda a\u00fan no ha llegado del todo a Estados Unidos. No puedes entrar a la F\u00f3rmula 1 si no hay un cambio reglamentario. Esto significa que, para que nuevos decidan entrar, debes cambiar las reglas para que todos comiencen de cero en alg\u00fan sentido&#8221;, adelant\u00f3 Herbert Diess, en relaci\u00f3n a la medida del grupo Volskwagen.<\/p>\n<\/section>\n<div class=\"banner-wrapper\">\n<div class=\"banner-libre\"><\/div>\n<\/div>\n<\/section>\n<div class=\"banner-wrapper\">\n<div class=\"banner-libre\"><\/div>\n<\/div>\n","protected":false},"excerpt":{"rendered":"<p>Jornada de anuncios importantes para el mundo de la\u00a0F\u00f3rmula 1\u00a0de cara al futuro, ya que Herbert Diess, CEO del Grupo\u00a0Volkswagen, anunci\u00f3 que\u00a0Porsche\u00a0y\u00a0Audi\u00a0llegar\u00e1n a la M\u00e1xima desde 2026.<\/p>\n","protected":false},"author":3,"featured_media":0,"comment_status":"open","ping_status":"open","sticky":false,"template":"","format":"standard","meta":{"_acf_changed":false,"footnotes":""},"categories":[],"tags":[],"class_list":["post-1080","post","type-post","status-publish","format-standard"],"acf":[],"aioseo_notices":[],"_links":{"self":[{"href":"https:\/\/infosports.com.ar\/web\/wp-json\/wp\/v2\/posts\/1080","targetHints":{"allow":["GET"]}}],"collection":[{"href":"https:\/\/infosports.com.ar\/web\/wp-json\/wp\/v2\/posts"}],"about":[{"href":"https:\/\/infosports.com.ar\/web\/wp-json\/wp\/v2\/types\/post"}],"author":[{"embeddable":true,"href":"https:\/\/infosports.com.ar\/web\/wp-json\/wp\/v2\/users\/3"}],"replies":[{"embeddable":true,"href":"https:\/\/infosports.com.ar\/web\/wp-json\/wp\/v2\/comments?post=1080"}],"version-history":[{"count":1,"href":"https:\/\/infosports.com.ar\/web\/wp-json\/wp\/v2\/posts\/1080\/revisions"}],"predecessor-version":[{"id":1084,"href":"https:\/\/infosports.com.ar\/web\/wp-json\/wp\/v2\/posts\/1080\/revisions\/1084"}],"wp:attachment":[{"href":"https:\/\/infosports.com.ar\/web\/wp-json\/wp\/v2\/media?parent=1080"}],"wp:term":[{"taxonomy":"category","embeddable":true,"href":"https:\/\/infosports.com.ar\/web\/wp-json\/wp\/v2\/categories?post=1080"},{"taxonomy":"post_tag","embeddable":true,"href":"https:\/\/infosports.com.ar\/web\/wp-json\/wp\/v2\/tags?post=1080"}],"curies":[{"name":"wp","href":"https:\/\/api.w.org\/{rel}","templated":true}]}}