{"id":10805,"date":"2026-03-12T10:36:04","date_gmt":"2026-03-12T13:36:04","guid":{"rendered":"https:\/\/infosports.com.ar\/web\/?p=10805"},"modified":"2026-03-12T10:38:45","modified_gmt":"2026-03-12T13:38:45","slug":"debasa-se-alista-para-defender-el-bicampeonato-en-le-inicio-del-rally-regional","status":"publish","type":"post","link":"https:\/\/infosports.com.ar\/web\/debasa-se-alista-para-defender-el-bicampeonato-en-le-inicio-del-rally-regional\/","title":{"rendered":"Debasa se alista para defender el bicampeonato en el inicio del Rally Regional"},"content":{"rendered":"<p data-mrf-recirculation=\"[Article] Article Paragraph\">El\u00a0<strong><a href=\"https:\/\/www.rionegro.com.ar\/deportes\/rally-neuquino-daniel-lllanos-tuvo-un-perfecto-arranque-en-las-coloradas-4494808\/\" data-type=\"post\" data-id=\"4494808\" data-mrf-link=\"https:\/\/www.rionegro.com.ar\/deportes\/rally-neuquino-daniel-lllanos-tuvo-un-perfecto-arranque-en-las-coloradas-4494808\/\">Rally Regional<\/a>\u00a0se pondr\u00e1 en marcha en Cipolletti<\/strong>.\u00a0<strong>La primera fecha del Campeonato Regional de Rally<\/strong>, que organizan la Asociaci\u00f3n Volantes General Roca (AVGR) y Federaci\u00f3n Regional Once del Automovilismo Deportivo, se disputar\u00e1 el fin de semana en la ciudad rionegrina.<!--more--><\/p>\n<p data-mrf-recirculation=\"[Article] Article Paragraph\">El\u00a0<strong>Rally Ciudad de Cipolletti marcar\u00e1 el inicio de la temporada 2026<\/strong>\u00a0en una prueba que\u00a0<strong>se<\/strong>\u00a0<strong>disputar\u00e1 del 13 al 15 de marzo por los caminos de la localidad, transitando tambi\u00e9n por Allen y Cinco Saltos<\/strong>. La organizaci\u00f3n espera contar con m\u00e1s de medio centenar de pilotos, provenientes de distintas localidades de R\u00edo Negro y Neuqu\u00e9n.<\/p>\n<p data-mrf-recirculation=\"[Article] Article Paragraph\"><strong>El piloto Catrielense Mauro Debasa se alista para defender el bicampeonato en este 2026 obtenido en 2024 y 2025 respectivamente, y acompa\u00f1ado por el team petrolero, nuevamente a bordo del Ford Fiesta.<\/strong><\/p>\n<div id=\"ad-slot-inline_1\" class=\"ad-slot-inline ad-slot\" data-adtype=\"inline\" data-google-query-id=\"CMfviK28mpMDFdkGuQYdnW4htg\">\n<p data-mrf-recirculation=\"[Article] Article Paragraph\">\u00abLos caminos est\u00e1n buenas condiciones, con un poco de agua y algunas lagunas que se formaron por la tormenta del domingo, pero no tendremos problemas ya que al hacer el reconocimiento las lagunas desaparecen. El resto est\u00e1 todo orden\u00bb, destac\u00f3 Goyo Mart\u00ednez, presidente de la AVGR.<\/p>\n<p data-mrf-recirculation=\"[Article] Article Paragraph\">La competencia tendr\u00e1 ocho pruebas especiales, repartidas entre s\u00e1bado y domingo. El comienzo oficial del\u00a0<strong>rally ser\u00e1 este viernes con la largada simb\u00f3lica, desde las 20<\/strong>, en la rampa que estar\u00e1 ubicada frente al Centro Cultural Cipolletti, en calles Fern\u00e1ndez Oro y Belgrano.<\/p>\n<p data-mrf-recirculation=\"[Article] Article Paragraph\">En esta ocasi\u00f3n<strong> los equipos y pilotos presentar\u00e1n sus veh\u00edculos ante el p\u00fablico y aficionados<\/strong>, como suele suceder en cada presentaci\u00f3n del rally regional.<\/p>\n<p data-mrf-recirculation=\"[Article] Article Paragraph\">Las inscripciones se cierran esta noche y se espera la\u00a0<strong>confirmaci\u00f3n de alrededor de 50 pilotos, que ser\u00e1n protagonistas del inicio de una nueva temporada<\/strong>\u00a0cargada de expectativa.<\/p>\n<p data-mrf-recirculation=\"[Article] Article Paragraph\">De esta manera,\u00a0<strong>Cipolletti volver\u00e1 a convertirse en epicentro del rally regional,<\/strong>\u00a0con un evento que promete espect\u00e1culo, emoci\u00f3n y una importante convocatoria.<\/p>\n<\/div>\n<div class=\"lazyblock-leer-mas-ZyQM98 wp-block-lazyblock-leer-mas\" data-mrf-recirculation=\"IL_aH58M1RURqSwr2TyD7_sUQ\" data-mrf-root-experiment=\"38c2d050-d8ca-4153-98d6-6fdbd004a417\"><\/div>\n","protected":false},"excerpt":{"rendered":"<p>El\u00a0Rally Regional\u00a0se pondr\u00e1 en marcha en Cipolletti.\u00a0La primera fecha del Campeonato Regional de Rally, que organizan la Asociaci\u00f3n Volantes General Roca (AVGR) y Federaci\u00f3n Regional Once del Automovilismo Deportivo, se disputar\u00e1 el fin de semana en la ciudad rionegrina.<\/p>\n","protected":false},"author":3,"featured_media":7210,"comment_status":"open","ping_status":"open","sticky":false,"template":"","format":"standard","meta":{"_acf_changed":false,"footnotes":""},"categories":[67,65,63],"tags":[],"class_list":{"0":"post-10805","1":"post","2":"type-post","3":"status-publish","4":"format-standard","5":"has-post-thumbnail","7":"category-destacadas","8":"category-multidisciplinas","9":"category-regionales"},"acf":[],"aioseo_notices":[],"_links":{"self":[{"href":"https:\/\/infosports.com.ar\/web\/wp-json\/wp\/v2\/posts\/10805","targetHints":{"allow":["GET"]}}],"collection":[{"href":"https:\/\/infosports.com.ar\/web\/wp-json\/wp\/v2\/posts"}],"about":[{"href":"https:\/\/infosports.com.ar\/web\/wp-json\/wp\/v2\/types\/post"}],"author":[{"embeddable":true,"href":"https:\/\/infosports.com.ar\/web\/wp-json\/wp\/v2\/users\/3"}],"replies":[{"embeddable":true,"href":"https:\/\/infosports.com.ar\/web\/wp-json\/wp\/v2\/comments?post=10805"}],"version-history":[{"count":2,"href":"https:\/\/infosports.com.ar\/web\/wp-json\/wp\/v2\/posts\/10805\/revisions"}],"predecessor-version":[{"id":10808,"href":"https:\/\/infosports.com.ar\/web\/wp-json\/wp\/v2\/posts\/10805\/revisions\/10808"}],"wp:featuredmedia":[{"embeddable":true,"href":"https:\/\/infosports.com.ar\/web\/wp-json\/wp\/v2\/media\/7210"}],"wp:attachment":[{"href":"https:\/\/infosports.com.ar\/web\/wp-json\/wp\/v2\/media?parent=10805"}],"wp:term":[{"taxonomy":"category","embeddable":true,"href":"https:\/\/infosports.com.ar\/web\/wp-json\/wp\/v2\/categories?post=10805"},{"taxonomy":"post_tag","embeddable":true,"href":"https:\/\/infosports.com.ar\/web\/wp-json\/wp\/v2\/tags?post=10805"}],"curies":[{"name":"wp","href":"https:\/\/api.w.org\/{rel}","templated":true}]}}