{"id":1088,"date":"2022-05-02T10:47:30","date_gmt":"2022-05-02T13:47:30","guid":{"rendered":"https:\/\/infosports.com.ar\/web\/?p=1088"},"modified":"2022-05-03T14:24:21","modified_gmt":"2022-05-03T17:24:21","slug":"catriel-fue-sede-de-la-1-fecha-de-las-olimpiadas-adaptadas","status":"publish","type":"post","link":"https:\/\/infosports.com.ar\/web\/catriel-fue-sede-de-la-1-fecha-de-las-olimpiadas-adaptadas\/","title":{"rendered":"Catriel fue sede de la 1\u00b0 fecha de las Olimpiadas Adaptadas"},"content":{"rendered":"<div class=\"kvgmc6g5 cxmmr5t8 oygrvhab hcukyx3x c1et5uql ii04i59q\">\n<div dir=\"auto\"><span class=\"pq6dq46d tbxw36s4 knj5qynh kvgmc6g5 ditlmg2l oygrvhab nvdbi5me sf5mxxl7 gl3lb2sf hhz5lgdu\">AFAC (Actividades F\u00edsicas Adaptadas de Catriel) presente en la 1\u00ba fecha de F\u00fatbol 5 de las Olimp\u00edadas Especiales, que tuvo como sede a nuestra localidad.<\/span><\/div>\n<\/div>\n<p><!--more--><\/p>\n<div class=\"cxmmr5t8 oygrvhab hcukyx3x c1et5uql o9v6fnle ii04i59q\">\n<div dir=\"auto\">En el evento organizado por Corazones Alegres, donde la Intendenta Viviana Germanier anunci\u00f3 &#8220;la entrega de un terreno para que la Fundaci\u00f3n tenga sus propias instalaciones&#8221;, participaron m\u00e1s de 10 instituciones y 75 atletas de distintos puntos de la provincia.<\/div>\n<div dir=\"auto\"><\/div>\n<\/div>\n<div class=\"cxmmr5t8 oygrvhab hcukyx3x c1et5uql o9v6fnle ii04i59q\">\n<div dir=\"auto\">&#8220;AFAC promueve, desde las actividades deportivas y recreativas, la integraci\u00f3n, la inclusi\u00f3n, la camarader\u00eda y la socializaci\u00f3n de las personas con discapacidad, en el marco del eje de gobierno Ciudad Inclusiva&#8221;, se\u00f1al\u00f3 el Subsecretario del \u00e1rea Franco Herrera.<\/div>\n<\/div>\n<div class=\"cxmmr5t8 oygrvhab hcukyx3x c1et5uql o9v6fnle ii04i59q\">\n<div dir=\"auto\"><span class=\"pq6dq46d tbxw36s4 knj5qynh kvgmc6g5 ditlmg2l oygrvhab nvdbi5me sf5mxxl7 gl3lb2sf hhz5lgdu\"><br \/>\n&#8220;Es una propuesta de la Municipalidad de Catriel que tiene el objetivo de dar a conocer y promover los distintos deportes adaptados que ofrece la Direcci\u00f3n de Deportes, como f\u00fatbol PC, b\u00e1squet intelectual, handball, atletismo (lanzamientos de jabalina, bala, disco, b\u00e1squet en silla de ruedas, tenis en silla de ruedas, tenis intelectual, entre otras. Adem\u00e1s de actividades l\u00fadicas, recreativas y art\u00edsticas&#8221;, agreg\u00f3 el funcionario.<\/span><\/div>\n<div dir=\"auto\"><a href=\"https:\/\/infosports.com.ar\/web\/wp-content\/uploads\/2022\/05\/FB_IMG_1651598553359.jpg\"><img loading=\"lazy\" decoding=\"async\" class=\"alignnone size-full wp-image-1093\" src=\"https:\/\/infosports.com.ar\/web\/wp-content\/uploads\/2022\/05\/FB_IMG_1651598553359.jpg\" alt=\"\" width=\"720\" height=\"405\" \/><\/a><\/div>\n<div dir=\"auto\"><a href=\"https:\/\/infosports.com.ar\/web\/wp-content\/uploads\/2022\/05\/FB_IMG_1651598546006.jpg\"><img loading=\"lazy\" decoding=\"async\" class=\"alignnone size-full wp-image-1094\" src=\"https:\/\/infosports.com.ar\/web\/wp-content\/uploads\/2022\/05\/FB_IMG_1651598546006.jpg\" alt=\"\" width=\"720\" height=\"540\" \/><\/a><\/div>\n<\/div>\n","protected":false},"excerpt":{"rendered":"<p>AFAC (Actividades F\u00edsicas Adaptadas de Catriel) presente en la 1\u00ba fecha de F\u00fatbol 5 de las Olimp\u00edadas Especiales, que tuvo como sede a nuestra localidad.<\/p>\n","protected":false},"author":3,"featured_media":0,"comment_status":"open","ping_status":"open","sticky":false,"template":"","format":"standard","meta":{"_acf_changed":false,"footnotes":""},"categories":[],"tags":[],"class_list":["post-1088","post","type-post","status-publish","format-standard"],"acf":[],"aioseo_notices":[],"_links":{"self":[{"href":"https:\/\/infosports.com.ar\/web\/wp-json\/wp\/v2\/posts\/1088","targetHints":{"allow":["GET"]}}],"collection":[{"href":"https:\/\/infosports.com.ar\/web\/wp-json\/wp\/v2\/posts"}],"about":[{"href":"https:\/\/infosports.com.ar\/web\/wp-json\/wp\/v2\/types\/post"}],"author":[{"embeddable":true,"href":"https:\/\/infosports.com.ar\/web\/wp-json\/wp\/v2\/users\/3"}],"replies":[{"embeddable":true,"href":"https:\/\/infosports.com.ar\/web\/wp-json\/wp\/v2\/comments?post=1088"}],"version-history":[{"count":2,"href":"https:\/\/infosports.com.ar\/web\/wp-json\/wp\/v2\/posts\/1088\/revisions"}],"predecessor-version":[{"id":1095,"href":"https:\/\/infosports.com.ar\/web\/wp-json\/wp\/v2\/posts\/1088\/revisions\/1095"}],"wp:attachment":[{"href":"https:\/\/infosports.com.ar\/web\/wp-json\/wp\/v2\/media?parent=1088"}],"wp:term":[{"taxonomy":"category","embeddable":true,"href":"https:\/\/infosports.com.ar\/web\/wp-json\/wp\/v2\/categories?post=1088"},{"taxonomy":"post_tag","embeddable":true,"href":"https:\/\/infosports.com.ar\/web\/wp-json\/wp\/v2\/tags?post=1088"}],"curies":[{"name":"wp","href":"https:\/\/api.w.org\/{rel}","templated":true}]}}