{"id":1096,"date":"2022-05-04T09:45:48","date_gmt":"2022-05-04T12:45:48","guid":{"rendered":"https:\/\/infosports.com.ar\/web\/?p=1096"},"modified":"2022-05-04T09:45:48","modified_gmt":"2022-05-04T12:45:48","slug":"concurso-alentando-el-deporte","status":"publish","type":"post","link":"https:\/\/infosports.com.ar\/web\/concurso-alentando-el-deporte\/","title":{"rendered":"Concurso-\u00abAlentando el Deporte\u00bb"},"content":{"rendered":"<div class=\"td-post-content td-pb-padding-side\">\n<div class=\"kvgmc6g5 cxmmr5t8 oygrvhab hcukyx3x c1et5uql ii04i59q\">\n<div dir=\"auto\">La Municipalidad de Catriel en conjunto con la Secretar\u00eda de Deportes de Rio Negro, la Fundaci\u00f3n Laureus Argentina y Vista informan que siguen abiertas las inscripciones para el concurso \u201cAlentando el deporte\u201d, destinado a potenciar el desarrollo de atletas catrielenses y organizaciones sociales de la ciudad.<\/div>\n<\/div>\n<\/div>\n<p><!--more--><\/p>\n<div class=\"td-post-content td-pb-padding-side\">\n<div class=\"cxmmr5t8 oygrvhab hcukyx3x c1et5uql o9v6fnle ii04i59q\">\n<div dir=\"auto\"><span class=\"pq6dq46d tbxw36s4 knj5qynh kvgmc6g5 ditlmg2l oygrvhab nvdbi5me sf5mxxl7 gl3lb2sf hhz5lgdu\"><img loading=\"lazy\" decoding=\"async\" class=\"td-animation-stack-type0-2\" title=\"Concurso-&quot;Alentando el Deporte&quot; 1\" src=\"https:\/\/static.xx.fbcdn.net\/images\/emoji.php\/v9\/t86\/1.5\/16\/1f4cd.png\" alt=\"&#x1f4cd;\" width=\"16\" height=\"16\" \/><\/span>Las entidades y deportistas que quieran participar deber\u00e1n acercarse a la Direcci\u00f3n de Deportes (SUM Municipal), en los horarios de 8 a 13 o de 18 a 20hs.<\/div>\n<\/div>\n<div class=\"cxmmr5t8 oygrvhab hcukyx3x c1et5uql o9v6fnle ii04i59q\">\n<div dir=\"auto\"><span class=\"pq6dq46d tbxw36s4 knj5qynh kvgmc6g5 ditlmg2l oygrvhab nvdbi5me sf5mxxl7 gl3lb2sf hhz5lgdu\"><img loading=\"lazy\" decoding=\"async\" class=\"td-animation-stack-type0-2\" title=\"Concurso-&quot;Alentando el Deporte&quot; 1\" src=\"https:\/\/static.xx.fbcdn.net\/images\/emoji.php\/v9\/t86\/1.5\/16\/1f4cd.png\" alt=\"&#x1f4cd;\" width=\"16\" height=\"16\" \/><\/span>El plazo para la entrega de las solicitudes ser\u00e1: Viernes 6 de Mayo (atletas individuales) y Viernes 13 de Mayo (organizaciones sociales). En mayo se comunicar\u00e1n los atletas ganadores y, en el mes de junio, la organizaci\u00f3n social seleccionada.<\/div>\n<\/div>\n<div class=\"cxmmr5t8 oygrvhab hcukyx3x c1et5uql o9v6fnle ii04i59q\">\n<div dir=\"auto\"><span class=\"pq6dq46d tbxw36s4 knj5qynh kvgmc6g5 ditlmg2l oygrvhab nvdbi5me sf5mxxl7 gl3lb2sf hhz5lgdu\"><img loading=\"lazy\" decoding=\"async\" class=\"td-animation-stack-type0-2\" title=\"Concurso-&quot;Alentando el Deporte&quot; 1\" src=\"https:\/\/static.xx.fbcdn.net\/images\/emoji.php\/v9\/t86\/1.5\/16\/1f4cd.png\" alt=\"&#x1f4cd;\" width=\"16\" height=\"16\" \/><\/span>Los proyectos ser\u00e1n evaluados por un jurado integrado por representantes de Vista, Fundaci\u00f3n Laureus Argentina, la Direcci\u00f3n de Deportes de Catriel y la Secretar\u00eda de Deportes de Rio Negro.<\/div>\n<div dir=\"auto\"><a href=\"https:\/\/catriel25noticias.com\/wp-content\/uploads\/2022\/05\/279483711_367994072037913_6425994426079792779_n.jpg\"><img loading=\"lazy\" decoding=\"async\" class=\"td-animation-stack-type0-2 alignnone wp-image-161888 size-large\" title=\"Concurso-&quot;Alentando el Deporte&quot; 4\" src=\"https:\/\/catriel25noticias.com\/wp-content\/uploads\/2022\/05\/279483711_367994072037913_6425994426079792779_n-363x363.jpg\" sizes=\"auto, (max-width: 363px) 100vw, 363px\" srcset=\"https:\/\/catriel25noticias.com\/wp-content\/uploads\/2022\/05\/279483711_367994072037913_6425994426079792779_n-363x363.jpg 363w, https:\/\/catriel25noticias.com\/wp-content\/uploads\/2022\/05\/279483711_367994072037913_6425994426079792779_n-165x165.jpg 165w, https:\/\/catriel25noticias.com\/wp-content\/uploads\/2022\/05\/279483711_367994072037913_6425994426079792779_n-768x768.jpg 768w, https:\/\/catriel25noticias.com\/wp-content\/uploads\/2022\/05\/279483711_367994072037913_6425994426079792779_n-420x420.jpg 420w, https:\/\/catriel25noticias.com\/wp-content\/uploads\/2022\/05\/279483711_367994072037913_6425994426079792779_n-640x640.jpg 640w, https:\/\/catriel25noticias.com\/wp-content\/uploads\/2022\/05\/279483711_367994072037913_6425994426079792779_n-681x681.jpg 681w, https:\/\/catriel25noticias.com\/wp-content\/uploads\/2022\/05\/279483711_367994072037913_6425994426079792779_n.jpg 843w\" alt=\"279483711 367994072037913 6425994426079792779 n\" width=\"363\" height=\"363\" \/><\/a><\/div>\n<\/div>\n<\/div>\n<p>&nbsp;<\/p>\n<footer>\n<div class=\"td-post-source-tags td-pb-padding-side\"><\/div>\n<div class=\"td-post-sharing-bottom td-pb-padding-side\">\n<div class=\"td-post-sharing-classic\"><\/div>\n<div id=\"td_social_sharing_article_bottom\" class=\"td-post-sharing td-ps-bg td-ps-notext td-post-sharing-style1 \">\n<div class=\"td-post-sharing-visible\">\n<div class=\"td-social-but-icon\"><\/div>\n<\/div>\n<\/div>\n<\/div>\n<\/footer>\n","protected":false},"excerpt":{"rendered":"<p>La Municipalidad de Catriel en conjunto con la Secretar\u00eda de Deportes de Rio Negro, la Fundaci\u00f3n Laureus Argentina y Vista informan que siguen abiertas las inscripciones para el concurso \u201cAlentando el deporte\u201d, destinado a potenciar el desarrollo de atletas catrielenses y organizaciones sociales de la ciudad.<\/p>\n","protected":false},"author":3,"featured_media":0,"comment_status":"open","ping_status":"open","sticky":false,"template":"","format":"standard","meta":{"_acf_changed":false,"footnotes":""},"categories":[],"tags":[],"class_list":["post-1096","post","type-post","status-publish","format-standard"],"acf":[],"aioseo_notices":[],"_links":{"self":[{"href":"https:\/\/infosports.com.ar\/web\/wp-json\/wp\/v2\/posts\/1096","targetHints":{"allow":["GET"]}}],"collection":[{"href":"https:\/\/infosports.com.ar\/web\/wp-json\/wp\/v2\/posts"}],"about":[{"href":"https:\/\/infosports.com.ar\/web\/wp-json\/wp\/v2\/types\/post"}],"author":[{"embeddable":true,"href":"https:\/\/infosports.com.ar\/web\/wp-json\/wp\/v2\/users\/3"}],"replies":[{"embeddable":true,"href":"https:\/\/infosports.com.ar\/web\/wp-json\/wp\/v2\/comments?post=1096"}],"version-history":[{"count":1,"href":"https:\/\/infosports.com.ar\/web\/wp-json\/wp\/v2\/posts\/1096\/revisions"}],"predecessor-version":[{"id":1098,"href":"https:\/\/infosports.com.ar\/web\/wp-json\/wp\/v2\/posts\/1096\/revisions\/1098"}],"wp:attachment":[{"href":"https:\/\/infosports.com.ar\/web\/wp-json\/wp\/v2\/media?parent=1096"}],"wp:term":[{"taxonomy":"category","embeddable":true,"href":"https:\/\/infosports.com.ar\/web\/wp-json\/wp\/v2\/categories?post=1096"},{"taxonomy":"post_tag","embeddable":true,"href":"https:\/\/infosports.com.ar\/web\/wp-json\/wp\/v2\/tags?post=1096"}],"curies":[{"name":"wp","href":"https:\/\/api.w.org\/{rel}","templated":true}]}}