{"id":1099,"date":"2022-05-04T10:47:48","date_gmt":"2022-05-04T13:47:48","guid":{"rendered":"https:\/\/infosports.com.ar\/web\/?p=1099"},"modified":"2022-05-04T12:58:47","modified_gmt":"2022-05-04T15:58:47","slug":"corintios-confirmo-el-fichaje-de-dos-jugadores-a-gimnasia-de-la-plata","status":"publish","type":"post","link":"https:\/\/infosports.com.ar\/web\/corintios-confirmo-el-fichaje-de-dos-jugadores-a-gimnasia-de-la-plata\/","title":{"rendered":"Corintios confirm\u00f3 el fichaje de dos jugadores a Gimnasia de La Plata"},"content":{"rendered":"<p>Tempo atr\u00e1s el club Corintios hab\u00eda confirmado la intenci\u00f3n de Gimnasia de La Plata y Argentinos de fichar jugadores para que sean parte de temporadas futuras. Finalmente en los \u00faltimos d\u00edas se formaliz\u00f3 el pase al club Platense.<!--more--><\/p>\n<p>Seg\u00fan lo comentado por uno de los entrenadores a infosports.com.ar\/webweb\/\u00a0 , los jugadores que vestir\u00edan desde el pr\u00f3ximo a\u00f1o la casaca del lobo ser\u00e1n Usiel Aranda y Bautista Llanten.<\/p>\n<p><a href=\"https:\/\/infosports.com.ar\/web\/wp-content\/uploads\/2022\/05\/IMG-20220504-WA0045.jpg\"><img loading=\"lazy\" decoding=\"async\" class=\"wp-image-1106 alignleft\" src=\"https:\/\/infosports.com.ar\/web\/wp-content\/uploads\/2022\/05\/IMG-20220504-WA0045.jpg\" alt=\"\" width=\"245\" height=\"257\" \/><\/a>Cabe recordar que meses atr\u00e1s varios jugadores y padres, en compa\u00f1\u00eda de los entrenadores de distintas categor\u00edas de Corintios se hab\u00edan presentado a distintas pruebas en varios clubes como Gimnasia. Finalmente d\u00edas atr\u00e1s retornaron a La Plata a fin de formalizar el pase Usiel (Volante derecho) y Bautista (delantero), jugadores solicitados por el lobo, los chicos pasaron la revisi\u00f3n t\u00e9cnica y se realizaron cuestiones legales a fin de brindar tranquilidad a la operaci\u00f3n deportiva. Ambos jugadores son categor\u00eda 2012 y se sumar\u00e1n a Ramiro \u00d1anquleo (2009), quien proviene de este mismo club peor ya est\u00e1 instalado en Gimnasia hace poco m\u00e1s de un mes en la pensi\u00f3n de esta instituci\u00f3n.<\/p>\n<p>Los jugadores en teor\u00eda asistir\u00edan probablemente a partidos-entrenamientos de Gimnasia una vez al mes y se sumar\u00edan de forma total al club para el pr\u00f3ximo a\u00f1o.<\/p>\n<p><a href=\"https:\/\/infosports.com.ar\/web\/wp-content\/uploads\/2022\/05\/IMG-20220502-WA0038.jpg\"><img loading=\"lazy\" decoding=\"async\" class=\"alignnone wp-image-1101 size-large\" src=\"https:\/\/infosports.com.ar\/web\/wp-content\/uploads\/2022\/05\/IMG-20220502-WA0038-794x1024.jpg\" alt=\"\" width=\"696\" height=\"898\" \/><\/a><\/p>\n","protected":false},"excerpt":{"rendered":"<p>Tempo atr\u00e1s el club Corintios hab\u00eda confirmado la intenci\u00f3n de Gimnasia de La Plata y Argentinos de fichar jugadores para que sean parte de temporadas futuras. Finalmente en los \u00faltimos d\u00edas se formaliz\u00f3 el pase al club Platense.<\/p>\n","protected":false},"author":3,"featured_media":0,"comment_status":"open","ping_status":"open","sticky":false,"template":"","format":"standard","meta":{"_acf_changed":false,"footnotes":""},"categories":[],"tags":[],"class_list":["post-1099","post","type-post","status-publish","format-standard"],"acf":[],"aioseo_notices":[],"_links":{"self":[{"href":"https:\/\/infosports.com.ar\/web\/wp-json\/wp\/v2\/posts\/1099","targetHints":{"allow":["GET"]}}],"collection":[{"href":"https:\/\/infosports.com.ar\/web\/wp-json\/wp\/v2\/posts"}],"about":[{"href":"https:\/\/infosports.com.ar\/web\/wp-json\/wp\/v2\/types\/post"}],"author":[{"embeddable":true,"href":"https:\/\/infosports.com.ar\/web\/wp-json\/wp\/v2\/users\/3"}],"replies":[{"embeddable":true,"href":"https:\/\/infosports.com.ar\/web\/wp-json\/wp\/v2\/comments?post=1099"}],"version-history":[{"count":5,"href":"https:\/\/infosports.com.ar\/web\/wp-json\/wp\/v2\/posts\/1099\/revisions"}],"predecessor-version":[{"id":1108,"href":"https:\/\/infosports.com.ar\/web\/wp-json\/wp\/v2\/posts\/1099\/revisions\/1108"}],"wp:attachment":[{"href":"https:\/\/infosports.com.ar\/web\/wp-json\/wp\/v2\/media?parent=1099"}],"wp:term":[{"taxonomy":"category","embeddable":true,"href":"https:\/\/infosports.com.ar\/web\/wp-json\/wp\/v2\/categories?post=1099"},{"taxonomy":"post_tag","embeddable":true,"href":"https:\/\/infosports.com.ar\/web\/wp-json\/wp\/v2\/tags?post=1099"}],"curies":[{"name":"wp","href":"https:\/\/api.w.org\/{rel}","templated":true}]}}