{"id":1110,"date":"2022-05-05T09:36:11","date_gmt":"2022-05-05T12:36:11","guid":{"rendered":"https:\/\/infosports.com.ar\/web\/?p=1110"},"modified":"2022-05-05T09:36:11","modified_gmt":"2022-05-05T12:36:11","slug":"la-camiseta-de-maradona-del-86-se-remato-en-casi-9-millones-de-dolares","status":"publish","type":"post","link":"https:\/\/infosports.com.ar\/web\/la-camiseta-de-maradona-del-86-se-remato-en-casi-9-millones-de-dolares\/","title":{"rendered":"La camiseta de Maradona del &#8217;86 se remat\u00f3 en casi 9 millones de d\u00f3lares"},"content":{"rendered":"<section class=\"body-content\" data-twitter-link=\"https:\/\/twitter.com\/intent\/tweet?url=https:\/\/www.lmneuquen.com\/c908434&amp;v\u00eda=lmneuquen&amp;related=LM Neuquen&amp;text=\" data-td-script-src=\"https:\/\/www.lmneuquen.com\/js-custom\/195\/v2\/jquery-3.6.0.min-min-version-1621517491.js,https:\/\/www.lmneuquen.com\/js-custom\/195\/v2\/functions\/function-embeds-min-version-1622559975.js\">La\u00a0<strong><a class=\"agrupador\" href=\"https:\/\/www.lmneuquen.com\/camiseta-a21003\" rel=\"21003\">camiseta<\/a><\/strong>\u00a0que Diego Armando\u00a0<strong><a class=\"agrupador\" href=\"https:\/\/www.lmneuquen.com\/maradona-a8213\" rel=\"8213\">Maradona<\/a><\/strong>\u00a0us\u00f3 durante el segundo en el hist\u00f3rico partido contra Inglaterra en el Mundial de M\u00e9xico 1986 se subast\u00f3 con una oferta sobre la hora de 7.142.500 libras esterlinas, casi nueve millones de d\u00f3lares, se inform\u00f3 oficialmente.<\/p>\n<\/section>\n<p><!--more--><\/p>\n<section class=\"body-content\" data-twitter-link=\"https:\/\/twitter.com\/intent\/tweet?url=https:\/\/www.lmneuquen.com\/c908434&amp;v\u00eda=lmneuquen&amp;related=LM Neuquen&amp;text=\" data-td-script-src=\"https:\/\/www.lmneuquen.com\/js-custom\/195\/v2\/jquery-3.6.0.min-min-version-1621517491.js,https:\/\/www.lmneuquen.com\/js-custom\/195\/v2\/functions\/function-embeds-min-version-1622559975.js\">La casa de subastas brit\u00e1nica Sotheby&#8217;s a\u00fan no confirm\u00f3 la identidad de quien se qued\u00f3 con la camiseta. La oferta rompi\u00f3 todos los r\u00e9cords y en el seguimiento en vivo se vio que en los minutos finales se realizaron no menos de tres nuevas ofertas que llevaron el precio de los USD 5 millones a casi 9 millones.<\/p>\n<section class=\"body-content\" data-twitter-link=\"https:\/\/twitter.com\/intent\/tweet?url=https:\/\/www.lmneuquen.com\/c908434&amp;v\u00eda=lmneuquen&amp;related=LM Neuquen&amp;text=\" data-td-script-src=\"https:\/\/www.lmneuquen.com\/js-custom\/195\/v2\/jquery-3.6.0.min-min-version-1621517491.js,https:\/\/www.lmneuquen.com\/js-custom\/195\/v2\/functions\/function-embeds-min-version-1622559975.js\">La casaca es aut\u00e9ntica, seg\u00fan la casa de subastas, y pertenec\u00eda al defensor ingl\u00e9s Steve Hodge, con quien Diego presuntamente la intercambi\u00f3 al final del partido, y decidi\u00f3 subastarla.\u00a0<strong>La primera oferta, de cuatro millones de libras esterlinas, equivale a 5,2 millones de d\u00f3lares.<\/strong><\/p>\n<p><a href=\"https:\/\/infosports.com.ar\/web\/wp-content\/uploads\/2022\/05\/steve-hodge-maradonajpg.webp\"><img loading=\"lazy\" decoding=\"async\" class=\"alignnone size-full wp-image-1112\" src=\"https:\/\/infosports.com.ar\/web\/wp-content\/uploads\/2022\/05\/steve-hodge-maradonajpg.webp\" alt=\"\" width=\"770\" height=\"433\" \/><\/a><\/p>\n<p>No obstante, una de las hijas de Maradona, Dalma, y su ex esposa Claudia Villafa\u00f1e pusieron en duda si la casaca de la &#8220;Mano de Dios&#8221; que sali\u00f3 a\u00a0<a class=\"agrupador\" href=\"https:\/\/www.lmneuquen.com\/subasta-a11332\" rel=\"11332\">subasta<\/a>\u00a0era la verdadera. Es decir, si en efecto con ella el &#8220;Pelusa&#8221; hab\u00eda marcado los dos goles de la victoria argentina contra los ingleses en M\u00e9xico.<\/p>\n<p><strong>&#8220;No es esa. No quiero decir qui\u00e9n la tiene porque es una locura. No la tiene este hombre. No lo confirm\u00e9 yo, lo dijo \u00e9l (Maradona). Me dijo: &#8216;\u00bfC\u00f3mo le voy a dar la camiseta de mi vida?'&#8221;<\/strong>, afirm\u00f3 Dalma Maradona d\u00edas atr\u00e1s.<\/p>\n<p>En tanto, John Robinson, de la empresa\u00a0<strong>Resolution Photomatching,<\/strong>\u00a0que verific\u00f3 la autenticidad de la camiseta, indic\u00f3 que &#8220;la concluyente comparaci\u00f3n de im\u00e1genes basada en los hilos deshilachados e imperfecciones de costura en el parche frontal de la camiseta. Las comparaciones analizadas nos hicieron llegar a la conclusi\u00f3n que estas caracter\u00edsticas son \u00fanicas en esta camiseta espec\u00edfica&#8221;.<\/p>\n<p>&nbsp;<\/p>\n<\/section>\n<section class=\"body-content\" data-twitter-link=\"https:\/\/twitter.com\/intent\/tweet?url=https:\/\/www.lmneuquen.com\/c908434&amp;v\u00eda=lmneuquen&amp;related=LM Neuquen&amp;text=\" data-td-script-src=\"https:\/\/www.lmneuquen.com\/js-custom\/195\/v2\/jquery-3.6.0.min-min-version-1621517491.js,https:\/\/www.lmneuquen.com\/js-custom\/195\/v2\/functions\/function-embeds-min-version-1622559975.js\">\n<div id=\"826506-Libre-841200416_wrap\" class=\"embed_cont type_imagen\" contenteditable=\"false\"><\/div>\n<\/section>\n<\/section>\n<div class=\"banner-wrapper\">\n<div class=\"banner-libre\"><\/div>\n<\/div>\n","protected":false},"excerpt":{"rendered":"<p>La\u00a0camiseta\u00a0que Diego Armando\u00a0Maradona\u00a0us\u00f3 durante el segundo en el hist\u00f3rico partido contra Inglaterra en el Mundial de M\u00e9xico 1986 se subast\u00f3 con una oferta sobre la hora de 7.142.500 libras esterlinas, casi nueve millones de d\u00f3lares, se inform\u00f3 oficialmente.<\/p>\n","protected":false},"author":3,"featured_media":0,"comment_status":"open","ping_status":"open","sticky":false,"template":"","format":"standard","meta":{"_acf_changed":false,"footnotes":""},"categories":[],"tags":[],"class_list":["post-1110","post","type-post","status-publish","format-standard"],"acf":[],"aioseo_notices":[],"_links":{"self":[{"href":"https:\/\/infosports.com.ar\/web\/wp-json\/wp\/v2\/posts\/1110","targetHints":{"allow":["GET"]}}],"collection":[{"href":"https:\/\/infosports.com.ar\/web\/wp-json\/wp\/v2\/posts"}],"about":[{"href":"https:\/\/infosports.com.ar\/web\/wp-json\/wp\/v2\/types\/post"}],"author":[{"embeddable":true,"href":"https:\/\/infosports.com.ar\/web\/wp-json\/wp\/v2\/users\/3"}],"replies":[{"embeddable":true,"href":"https:\/\/infosports.com.ar\/web\/wp-json\/wp\/v2\/comments?post=1110"}],"version-history":[{"count":1,"href":"https:\/\/infosports.com.ar\/web\/wp-json\/wp\/v2\/posts\/1110\/revisions"}],"predecessor-version":[{"id":1114,"href":"https:\/\/infosports.com.ar\/web\/wp-json\/wp\/v2\/posts\/1110\/revisions\/1114"}],"wp:attachment":[{"href":"https:\/\/infosports.com.ar\/web\/wp-json\/wp\/v2\/media?parent=1110"}],"wp:term":[{"taxonomy":"category","embeddable":true,"href":"https:\/\/infosports.com.ar\/web\/wp-json\/wp\/v2\/categories?post=1110"},{"taxonomy":"post_tag","embeddable":true,"href":"https:\/\/infosports.com.ar\/web\/wp-json\/wp\/v2\/tags?post=1110"}],"curies":[{"name":"wp","href":"https:\/\/api.w.org\/{rel}","templated":true}]}}