{"id":11109,"date":"2026-04-26T21:04:10","date_gmt":"2026-04-27T00:04:10","guid":{"rendered":"https:\/\/infosports.com.ar\/web\/?p=11109"},"modified":"2026-04-26T21:04:10","modified_gmt":"2026-04-27T00:04:10","slug":"catriel-vivio-una-fiesta-deportiva-con-la-primera-carrera-nocturna-2026","status":"publish","type":"post","link":"https:\/\/infosports.com.ar\/web\/catriel-vivio-una-fiesta-deportiva-con-la-primera-carrera-nocturna-2026\/","title":{"rendered":"Catriel vivi\u00f3 una fiesta deportiva con la primera Carrera Nocturna 2026"},"content":{"rendered":"<p>Catriel-Con una destacada participaci\u00f3n de atletas de toda la regi\u00f3n, la ciudad fue escenario de un evento que combin\u00f3 deporte, inclusi\u00f3n y organizaci\u00f3n, consolid\u00e1ndose como una nueva propuesta que busca continuidad en el calendario local.<!--more--><\/p>\n<p><a href=\"http:\/\/infosports.com.ar\/web\/wp-content\/uploads\/2026\/04\/FB_IMG_1777247605685.jpg\"><img loading=\"lazy\" decoding=\"async\" class=\"alignnone size-large wp-image-11110\" src=\"http:\/\/infosports.com.ar\/web\/wp-content\/uploads\/2026\/04\/FB_IMG_1777247605685-1024x683.jpg\" alt=\"\" width=\"696\" height=\"464\" srcset=\"https:\/\/infosports.com.ar\/web\/wp-content\/uploads\/2026\/04\/FB_IMG_1777247605685-1024x683.jpg 1024w, https:\/\/infosports.com.ar\/web\/wp-content\/uploads\/2026\/04\/FB_IMG_1777247605685-300x200.jpg 300w, https:\/\/infosports.com.ar\/web\/wp-content\/uploads\/2026\/04\/FB_IMG_1777247605685-768x512.jpg 768w, https:\/\/infosports.com.ar\/web\/wp-content\/uploads\/2026\/04\/FB_IMG_1777247605685-630x420.jpg 630w, https:\/\/infosports.com.ar\/web\/wp-content\/uploads\/2026\/04\/FB_IMG_1777247605685-696x464.jpg 696w, https:\/\/infosports.com.ar\/web\/wp-content\/uploads\/2026\/04\/FB_IMG_1777247605685-1068x712.jpg 1068w, https:\/\/infosports.com.ar\/web\/wp-content\/uploads\/2026\/04\/FB_IMG_1777247605685.jpg 1437w\" sizes=\"auto, (max-width: 696px) 100vw, 696px\" \/><\/a><\/p>\n<p>El pasado s\u00e1bado 25 de abril, la ciudad de Catriel fue protagonista de una verdadera fiesta deportiva con la realizaci\u00f3n de la primera edici\u00f3n de la Carrera Nocturna 2026, un evento que convoc\u00f3 a corredores y corredoras de distintos puntos de la regi\u00f3n y que recorri\u00f3 las principales arterias del casco urbano.<\/p>\n<p><a href=\"http:\/\/infosports.com.ar\/web\/wp-content\/uploads\/2026\/04\/FB_IMG_1777247621145.jpg\"><img loading=\"lazy\" decoding=\"async\" class=\"alignnone size-large wp-image-11111\" src=\"http:\/\/infosports.com.ar\/web\/wp-content\/uploads\/2026\/04\/FB_IMG_1777247621145-1024x683.jpg\" alt=\"\" width=\"696\" height=\"464\" srcset=\"https:\/\/infosports.com.ar\/web\/wp-content\/uploads\/2026\/04\/FB_IMG_1777247621145-1024x683.jpg 1024w, https:\/\/infosports.com.ar\/web\/wp-content\/uploads\/2026\/04\/FB_IMG_1777247621145-300x200.jpg 300w, https:\/\/infosports.com.ar\/web\/wp-content\/uploads\/2026\/04\/FB_IMG_1777247621145-768x512.jpg 768w, https:\/\/infosports.com.ar\/web\/wp-content\/uploads\/2026\/04\/FB_IMG_1777247621145-630x420.jpg 630w, https:\/\/infosports.com.ar\/web\/wp-content\/uploads\/2026\/04\/FB_IMG_1777247621145-696x464.jpg 696w, https:\/\/infosports.com.ar\/web\/wp-content\/uploads\/2026\/04\/FB_IMG_1777247621145-1068x712.jpg 1068w, https:\/\/infosports.com.ar\/web\/wp-content\/uploads\/2026\/04\/FB_IMG_1777247621145.jpg 1437w\" sizes=\"auto, (max-width: 696px) 100vw, 696px\" \/><\/a><\/p>\n<p>La propuesta, impulsada por la Direcci\u00f3n de Deportes de la Municipalidad de Catriel, se desarroll\u00f3 con un alto nivel organizativo, donde cada detalle fue previsto para garantizar seguridad, log\u00edstica y una experiencia positiva para los participantes. Desde la largada hasta la premiaci\u00f3n, la jornada se destac\u00f3 por su fluidez y acompa\u00f1amiento del p\u00fablico pasadas las 20hs con la largada.<\/p>\n<p>En el marco de la gesti\u00f3n de la intendenta Daniela Salzotto, se contin\u00faa fortaleciendo la pol\u00edtica deportiva local, posicionando a Catriel como una de las localidades con mayor actividad en la regi\u00f3n. El enfoque est\u00e1 puesto en la inclusi\u00f3n, generando espacios para ni\u00f1os, j\u00f3venes y adultos mayores, y promoviendo el acceso al deporte como herramienta de desarrollo social.<\/p>\n<p>La Carrera Nocturna se presenta como una nueva apuesta que lleg\u00f3 para quedarse, integrando deporte, recreaci\u00f3n y turismo, y consolidando a la ciudad dentro del circuito regional de running Nocturno y de Trrail.<\/p>\n<p style=\"text-align: center;\"><strong>Clasificaci\u00f3n\u00a0<\/strong><\/p>\n<p>Participativo 5K \u2013 Caballeros<\/p>\n<p>Claudio Fuentes<\/p>\n<p>Braian Gutierrez<\/p>\n<p>Brian Raillan Zalazar<\/p>\n<p>Participativo 5K \u2013 Damas<\/p>\n<p>Daiana Soria<\/p>\n<p>Stella Fuentes<\/p>\n<p>Silvana Morales<\/p>\n<p>10k Competitivo \u2013<\/p>\n<p>Damas Elite<\/p>\n<p>Mariana Orellano<\/p>\n<p>Carla Nahir Sanchez<\/p>\n<p>&nbsp;<\/p>\n<p>Competitivo \u2013 Damas Master A<\/p>\n<p>Jimena Aliotti<\/p>\n<p>Mar\u00eda Fernanda Rozas<\/p>\n<p>Brenda Ontiveros<\/p>\n<p>&nbsp;<\/p>\n<p>Competitivo \u2013 Damas Master B<\/p>\n<p>Jaquelina Elisabet Olivera<\/p>\n<p>Gladys Zalazar<\/p>\n<p>Gladys Torrado<\/p>\n<p>&nbsp;<\/p>\n<p>Competitivo \u2013 Damas Master C<\/p>\n<p>Patricia del Valle Manrique<\/p>\n<p>Celsa Brunilda Millaqueo<\/p>\n<p>Silvina Patricia Schiro<\/p>\n<p>&nbsp;<\/p>\n<p>Competitivo \u2013 Elite Masculino<\/p>\n<p>Daniel Carrasco<\/p>\n<p>Brian Duran<\/p>\n<p>Eneas Chinchilla<\/p>\n<p>&nbsp;<\/p>\n<p>Competitivo \u2013 Master A Masculino<\/p>\n<p>Jesus Aguero<\/p>\n<p>Juan Manuel Almeira<\/p>\n<p>Esteban Baigorria<\/p>\n<p>&nbsp;<\/p>\n<p>Competitivo \u2013 Master B Masculino<\/p>\n<p>Marcelo Molina<\/p>\n<p>Mauricio Savino<\/p>\n<p>Santiago Montesano<\/p>\n<p>&nbsp;<\/p>\n<p>Competitivo \u2013 Master C Masculino<\/p>\n<p>Walter Alvarez<\/p>\n<p>C\u00e9sar Kremer<\/p>\n<p>Oscar Fabian Garcia<\/p>\n<p>&nbsp;<\/p>\n<p>Competitivo \u2013 Master D Masculino<\/p>\n<p>Pablo Vargas<\/p>\n<p>Raul Alfredo Riveros<\/p>\n<p>Victor Silisqui<\/p>\n<p>La jornada dej\u00f3 un saldo altamente positivo, tanto en lo deportivo como en lo organizativo, marcando un precedente importante para futuras ediciones. Desde el municipio destacaron el compromiso de los participantes y el acompa\u00f1amiento de la comunidad, elementos clave para el crecimiento sostenido del deporte en la ciudad.<\/p>\n","protected":false},"excerpt":{"rendered":"<p>Catriel-Con una destacada participaci\u00f3n de atletas de toda la regi\u00f3n, la ciudad fue escenario de un evento que combin\u00f3 deporte, inclusi\u00f3n y organizaci\u00f3n, consolid\u00e1ndose como una nueva propuesta que busca continuidad en el calendario local.<\/p>\n","protected":false},"author":3,"featured_media":11112,"comment_status":"open","ping_status":"open","sticky":false,"template":"","format":"standard","meta":{"_acf_changed":false,"footnotes":""},"categories":[67,66],"tags":[],"class_list":{"0":"post-11109","1":"post","2":"type-post","3":"status-publish","4":"format-standard","5":"has-post-thumbnail","7":"category-destacadas","8":"category-running"},"acf":[],"aioseo_notices":[],"_links":{"self":[{"href":"https:\/\/infosports.com.ar\/web\/wp-json\/wp\/v2\/posts\/11109","targetHints":{"allow":["GET"]}}],"collection":[{"href":"https:\/\/infosports.com.ar\/web\/wp-json\/wp\/v2\/posts"}],"about":[{"href":"https:\/\/infosports.com.ar\/web\/wp-json\/wp\/v2\/types\/post"}],"author":[{"embeddable":true,"href":"https:\/\/infosports.com.ar\/web\/wp-json\/wp\/v2\/users\/3"}],"replies":[{"embeddable":true,"href":"https:\/\/infosports.com.ar\/web\/wp-json\/wp\/v2\/comments?post=11109"}],"version-history":[{"count":1,"href":"https:\/\/infosports.com.ar\/web\/wp-json\/wp\/v2\/posts\/11109\/revisions"}],"predecessor-version":[{"id":11114,"href":"https:\/\/infosports.com.ar\/web\/wp-json\/wp\/v2\/posts\/11109\/revisions\/11114"}],"wp:featuredmedia":[{"embeddable":true,"href":"https:\/\/infosports.com.ar\/web\/wp-json\/wp\/v2\/media\/11112"}],"wp:attachment":[{"href":"https:\/\/infosports.com.ar\/web\/wp-json\/wp\/v2\/media?parent=11109"}],"wp:term":[{"taxonomy":"category","embeddable":true,"href":"https:\/\/infosports.com.ar\/web\/wp-json\/wp\/v2\/categories?post=11109"},{"taxonomy":"post_tag","embeddable":true,"href":"https:\/\/infosports.com.ar\/web\/wp-json\/wp\/v2\/tags?post=11109"}],"curies":[{"name":"wp","href":"https:\/\/api.w.org\/{rel}","templated":true}]}}