{"id":11121,"date":"2026-04-27T16:18:49","date_gmt":"2026-04-27T19:18:49","guid":{"rendered":"https:\/\/infosports.com.ar\/web\/?p=11121"},"modified":"2026-04-27T16:18:49","modified_gmt":"2026-04-27T19:18:49","slug":"catriel-consolida-su-crecimiento-deportivo-bajo-la-gestion-de-daniela-salzotto","status":"publish","type":"post","link":"https:\/\/infosports.com.ar\/web\/catriel-consolida-su-crecimiento-deportivo-bajo-la-gestion-de-daniela-salzotto\/","title":{"rendered":"Catriel consolida su crecimiento deportivo bajo la gesti\u00f3n de Daniela Salzotto"},"content":{"rendered":"<p><strong>Pol\u00edtica deportiva local-<br \/>\n<\/strong><em>Catriel-Con una fuerte inversi\u00f3n en inclusi\u00f3n, infraestructura y acompa\u00f1amiento, la gesti\u00f3n de la intendenta Daniela Salzotto posiciona al deporte como una pol\u00edtica p\u00fablica estrat\u00e9gica y motor de desarrollo en Catriel. (www.infosports.com.ar )<\/p>\n<p><\/em><!--more--><\/p>\n<p>Desde el inicio de la gesti\u00f3n de la intendenta Daniela Salzotto, la Municipalidad de Catriel ha impulsado una pol\u00edtica deportiva sostenida, con eje en la inclusi\u00f3n, el desarrollo social y el acompa\u00f1amiento a deportistas locales, consolidando a la ciudad como una de las m\u00e1s activas de la regi\u00f3n en materia deportiva inclusiva.<\/p>\n<p>Uno de los pilares centrales ha sido la generaci\u00f3n y fortalecimiento de espacios deportivos que, en muchos casos, han evolucionado hasta consolidarse como verdaderas instituciones. En ese marco se destaca la creaci\u00f3n y desarrollo de la Escuela Municipal de F\u00fatbol Infantil, un \u00e1mbito de formaci\u00f3n que no solo promueve la pr\u00e1ctica deportiva desde edades tempranas, sino que tambi\u00e9n cumple un rol clave en la contenci\u00f3n social y el crecimiento integral de ni\u00f1os y ni\u00f1as.<\/p>\n<p><a href=\"http:\/\/infosports.com.ar\/web\/wp-content\/uploads\/2026\/04\/658328135_1410737657763544_6043657407389588405_n.jpg\"><img loading=\"lazy\" decoding=\"async\" class=\"alignnone size-large wp-image-11123\" src=\"http:\/\/infosports.com.ar\/web\/wp-content\/uploads\/2026\/04\/658328135_1410737657763544_6043657407389588405_n-1024x771.jpg\" alt=\"\" width=\"696\" height=\"524\" srcset=\"https:\/\/infosports.com.ar\/web\/wp-content\/uploads\/2026\/04\/658328135_1410737657763544_6043657407389588405_n-1024x771.jpg 1024w, https:\/\/infosports.com.ar\/web\/wp-content\/uploads\/2026\/04\/658328135_1410737657763544_6043657407389588405_n-300x226.jpg 300w, https:\/\/infosports.com.ar\/web\/wp-content\/uploads\/2026\/04\/658328135_1410737657763544_6043657407389588405_n-768x578.jpg 768w, https:\/\/infosports.com.ar\/web\/wp-content\/uploads\/2026\/04\/658328135_1410737657763544_6043657407389588405_n-1536x1157.jpg 1536w, https:\/\/infosports.com.ar\/web\/wp-content\/uploads\/2026\/04\/658328135_1410737657763544_6043657407389588405_n-558x420.jpg 558w, https:\/\/infosports.com.ar\/web\/wp-content\/uploads\/2026\/04\/658328135_1410737657763544_6043657407389588405_n-80x60.jpg 80w, https:\/\/infosports.com.ar\/web\/wp-content\/uploads\/2026\/04\/658328135_1410737657763544_6043657407389588405_n-696x524.jpg 696w, https:\/\/infosports.com.ar\/web\/wp-content\/uploads\/2026\/04\/658328135_1410737657763544_6043657407389588405_n-1068x804.jpg 1068w, https:\/\/infosports.com.ar\/web\/wp-content\/uploads\/2026\/04\/658328135_1410737657763544_6043657407389588405_n-1920x1446.jpg 1920w, https:\/\/infosports.com.ar\/web\/wp-content\/uploads\/2026\/04\/658328135_1410737657763544_6043657407389588405_n.jpg 2048w\" sizes=\"auto, (max-width: 696px) 100vw, 696px\" \/><\/a><\/p>\n<p>A su vez, las Escuelas Deportivas Municipales contin\u00faan ampliando su alcance con una oferta diversa que incluye disciplinas tradicionales como tenes de mesa, f\u00fatbol, v\u00f3ley, b\u00e1squet y handball, junto a nuevas propuestas como el p\u00e1del municipal, respondiendo a la demanda actual y diversificando las opciones para la comunidad.<\/p>\n<p>La gesti\u00f3n tambi\u00e9n ha puesto un fuerte \u00e9nfasis en el trabajo articulado con instituciones y escuelas deportivas locales, brindando colaboraci\u00f3n econ\u00f3mica, log\u00edstica y operativa. Este acompa\u00f1amiento se traduce en aportes concretos como asistencia con maquinaria, acondicionamiento de espacios deportivos, organizaci\u00f3n de eventos y respaldo institucional, fortaleciendo as\u00ed el entramado deportivo de la ciudad.<br \/>\n<a href=\"http:\/\/infosports.com.ar\/web\/wp-content\/uploads\/2026\/04\/656847598_1410737781096865_8857429043479581208_n.jpg\"><img loading=\"lazy\" decoding=\"async\" class=\"alignnone size-large wp-image-11124\" src=\"http:\/\/infosports.com.ar\/web\/wp-content\/uploads\/2026\/04\/656847598_1410737781096865_8857429043479581208_n-1024x771.jpg\" alt=\"\" width=\"696\" height=\"524\" srcset=\"https:\/\/infosports.com.ar\/web\/wp-content\/uploads\/2026\/04\/656847598_1410737781096865_8857429043479581208_n-1024x771.jpg 1024w, https:\/\/infosports.com.ar\/web\/wp-content\/uploads\/2026\/04\/656847598_1410737781096865_8857429043479581208_n-300x226.jpg 300w, https:\/\/infosports.com.ar\/web\/wp-content\/uploads\/2026\/04\/656847598_1410737781096865_8857429043479581208_n-768x578.jpg 768w, https:\/\/infosports.com.ar\/web\/wp-content\/uploads\/2026\/04\/656847598_1410737781096865_8857429043479581208_n-1536x1157.jpg 1536w, https:\/\/infosports.com.ar\/web\/wp-content\/uploads\/2026\/04\/656847598_1410737781096865_8857429043479581208_n-558x420.jpg 558w, https:\/\/infosports.com.ar\/web\/wp-content\/uploads\/2026\/04\/656847598_1410737781096865_8857429043479581208_n-80x60.jpg 80w, https:\/\/infosports.com.ar\/web\/wp-content\/uploads\/2026\/04\/656847598_1410737781096865_8857429043479581208_n-696x524.jpg 696w, https:\/\/infosports.com.ar\/web\/wp-content\/uploads\/2026\/04\/656847598_1410737781096865_8857429043479581208_n-1068x804.jpg 1068w, https:\/\/infosports.com.ar\/web\/wp-content\/uploads\/2026\/04\/656847598_1410737781096865_8857429043479581208_n-1920x1446.jpg 1920w, https:\/\/infosports.com.ar\/web\/wp-content\/uploads\/2026\/04\/656847598_1410737781096865_8857429043479581208_n.jpg 2048w\" sizes=\"auto, (max-width: 696px) 100vw, 696px\" \/><\/a><br \/>\nEn el plano competitivo, el municipio ha sostenido pol\u00edticas activas de apoyo a deportistas locales, facilitando recursos para viajes, hospedaje y participaci\u00f3n en competencias fuera de la localidad.<\/p>\n<p>En cuanto a la organizaci\u00f3n de eventos, Catriel ha experimentado un crecimiento sostenido en su calendario deportivo. Sin ir m\u00e1s lejos la reciente realizaci\u00f3n de la primera Carrera Nocturna 2026 marc\u00f3 un hito dentro de la agenda local con proyecci\u00f3n regional como el Desaf\u00edo de la Cruz (Trail), consolidando una propuesta que combin\u00f3 deporte, recreaci\u00f3n y una importante convocatoria<\/p>\n<p><a href=\"http:\/\/infosports.com.ar\/web\/wp-content\/uploads\/2026\/04\/FB_IMG_1777247621145.jpg\"><img loading=\"lazy\" decoding=\"async\" class=\"alignnone size-large wp-image-11111\" src=\"http:\/\/infosports.com.ar\/web\/wp-content\/uploads\/2026\/04\/FB_IMG_1777247621145-1024x683.jpg\" alt=\"\" width=\"696\" height=\"464\" srcset=\"https:\/\/infosports.com.ar\/web\/wp-content\/uploads\/2026\/04\/FB_IMG_1777247621145-1024x683.jpg 1024w, https:\/\/infosports.com.ar\/web\/wp-content\/uploads\/2026\/04\/FB_IMG_1777247621145-300x200.jpg 300w, https:\/\/infosports.com.ar\/web\/wp-content\/uploads\/2026\/04\/FB_IMG_1777247621145-768x512.jpg 768w, https:\/\/infosports.com.ar\/web\/wp-content\/uploads\/2026\/04\/FB_IMG_1777247621145-630x420.jpg 630w, https:\/\/infosports.com.ar\/web\/wp-content\/uploads\/2026\/04\/FB_IMG_1777247621145-696x464.jpg 696w, https:\/\/infosports.com.ar\/web\/wp-content\/uploads\/2026\/04\/FB_IMG_1777247621145-1068x712.jpg 1068w, https:\/\/infosports.com.ar\/web\/wp-content\/uploads\/2026\/04\/FB_IMG_1777247621145.jpg 1437w\" sizes=\"auto, (max-width: 696px) 100vw, 696px\" \/><\/a><\/p>\n<p>En paralelo, el municipio ha acompa\u00f1ado de manera activa eventos organizados por el sector privado, fortaleciendo la articulaci\u00f3n p\u00fablico-privada.<\/p>\n<p>El impacto del turismo deportivo se refleja en el movimiento que generan estas actividades en sectores como la gastronom\u00eda, la hoteler\u00eda y el comercio. Un ejemplo concreto es el acompa\u00f1amiento al Rally Regional dentro del calendario de la Asociaci\u00f3n Volantes General Roca (AVGR), atrayendo visitantes y posicionando a la ciudad dentro del circuito automovil\u00edstico regional.<\/p>\n<p><a href=\"http:\/\/infosports.com.ar\/web\/wp-content\/uploads\/2026\/04\/670643099_18577369369000859_799345872313011428_n.jpg\"><img loading=\"lazy\" decoding=\"async\" class=\"alignnone size-large wp-image-11125\" src=\"http:\/\/infosports.com.ar\/web\/wp-content\/uploads\/2026\/04\/670643099_18577369369000859_799345872313011428_n-1024x768.jpg\" alt=\"\" width=\"696\" height=\"522\" srcset=\"https:\/\/infosports.com.ar\/web\/wp-content\/uploads\/2026\/04\/670643099_18577369369000859_799345872313011428_n-1024x768.jpg 1024w, https:\/\/infosports.com.ar\/web\/wp-content\/uploads\/2026\/04\/670643099_18577369369000859_799345872313011428_n-300x225.jpg 300w, https:\/\/infosports.com.ar\/web\/wp-content\/uploads\/2026\/04\/670643099_18577369369000859_799345872313011428_n-768x576.jpg 768w, https:\/\/infosports.com.ar\/web\/wp-content\/uploads\/2026\/04\/670643099_18577369369000859_799345872313011428_n-560x420.jpg 560w, https:\/\/infosports.com.ar\/web\/wp-content\/uploads\/2026\/04\/670643099_18577369369000859_799345872313011428_n-80x60.jpg 80w, https:\/\/infosports.com.ar\/web\/wp-content\/uploads\/2026\/04\/670643099_18577369369000859_799345872313011428_n-696x522.jpg 696w, https:\/\/infosports.com.ar\/web\/wp-content\/uploads\/2026\/04\/670643099_18577369369000859_799345872313011428_n-1068x801.jpg 1068w, https:\/\/infosports.com.ar\/web\/wp-content\/uploads\/2026\/04\/670643099_18577369369000859_799345872313011428_n-265x198.jpg 265w, https:\/\/infosports.com.ar\/web\/wp-content\/uploads\/2026\/04\/670643099_18577369369000859_799345872313011428_n.jpg 1440w\" sizes=\"auto, (max-width: 696px) 100vw, 696px\" \/><\/a><\/p>\n<p>Otro aspecto relevante de la gesti\u00f3n ha sido el reconocimiento constante a deportistas locales, destacando sus logros y promoviendo el sentido de pertenencia.<\/p>\n<p>En este contexto, la gesti\u00f3n de Daniela Salzotto ha consolidado una visi\u00f3n del deporte como herramienta de inclusi\u00f3n, salud y desarrollo, integrando formaci\u00f3n, competencia, recreaci\u00f3n y turismo en una pol\u00edtica p\u00fablica sostenida en el tiempo.<br \/>\n<a href=\"http:\/\/infosports.com.ar\/web\/wp-content\/uploads\/2026\/04\/670915454_18576275563000859_5669726994126469167_n.jpg\"><img loading=\"lazy\" decoding=\"async\" class=\"alignnone size-large wp-image-11126\" src=\"http:\/\/infosports.com.ar\/web\/wp-content\/uploads\/2026\/04\/670915454_18576275563000859_5669726994126469167_n-1024x768.jpg\" alt=\"\" width=\"696\" height=\"522\" srcset=\"https:\/\/infosports.com.ar\/web\/wp-content\/uploads\/2026\/04\/670915454_18576275563000859_5669726994126469167_n-1024x768.jpg 1024w, https:\/\/infosports.com.ar\/web\/wp-content\/uploads\/2026\/04\/670915454_18576275563000859_5669726994126469167_n-300x225.jpg 300w, https:\/\/infosports.com.ar\/web\/wp-content\/uploads\/2026\/04\/670915454_18576275563000859_5669726994126469167_n-768x576.jpg 768w, https:\/\/infosports.com.ar\/web\/wp-content\/uploads\/2026\/04\/670915454_18576275563000859_5669726994126469167_n-560x420.jpg 560w, https:\/\/infosports.com.ar\/web\/wp-content\/uploads\/2026\/04\/670915454_18576275563000859_5669726994126469167_n-80x60.jpg 80w, https:\/\/infosports.com.ar\/web\/wp-content\/uploads\/2026\/04\/670915454_18576275563000859_5669726994126469167_n-696x522.jpg 696w, https:\/\/infosports.com.ar\/web\/wp-content\/uploads\/2026\/04\/670915454_18576275563000859_5669726994126469167_n-1068x801.jpg 1068w, https:\/\/infosports.com.ar\/web\/wp-content\/uploads\/2026\/04\/670915454_18576275563000859_5669726994126469167_n-265x198.jpg 265w, https:\/\/infosports.com.ar\/web\/wp-content\/uploads\/2026\/04\/670915454_18576275563000859_5669726994126469167_n.jpg 1440w\" sizes=\"auto, (max-width: 696px) 100vw, 696px\" \/><\/a><\/p>\n","protected":false},"excerpt":{"rendered":"<p>Pol\u00edtica deportiva local- Catriel-Con una fuerte inversi\u00f3n en inclusi\u00f3n, infraestructura y acompa\u00f1amiento, la gesti\u00f3n de la intendenta Daniela Salzotto posiciona al deporte como una pol\u00edtica p\u00fablica estrat\u00e9gica y motor de desarrollo en Catriel. (www.infosports.com.ar )<\/p>\n","protected":false},"author":3,"featured_media":11122,"comment_status":"open","ping_status":"open","sticky":false,"template":"","format":"standard","meta":{"_acf_changed":false,"footnotes":""},"categories":[67,62],"tags":[],"class_list":{"0":"post-11121","1":"post","2":"type-post","3":"status-publish","4":"format-standard","5":"has-post-thumbnail","7":"category-destacadas","8":"category-locales"},"acf":[],"aioseo_notices":[],"_links":{"self":[{"href":"https:\/\/infosports.com.ar\/web\/wp-json\/wp\/v2\/posts\/11121","targetHints":{"allow":["GET"]}}],"collection":[{"href":"https:\/\/infosports.com.ar\/web\/wp-json\/wp\/v2\/posts"}],"about":[{"href":"https:\/\/infosports.com.ar\/web\/wp-json\/wp\/v2\/types\/post"}],"author":[{"embeddable":true,"href":"https:\/\/infosports.com.ar\/web\/wp-json\/wp\/v2\/users\/3"}],"replies":[{"embeddable":true,"href":"https:\/\/infosports.com.ar\/web\/wp-json\/wp\/v2\/comments?post=11121"}],"version-history":[{"count":1,"href":"https:\/\/infosports.com.ar\/web\/wp-json\/wp\/v2\/posts\/11121\/revisions"}],"predecessor-version":[{"id":11128,"href":"https:\/\/infosports.com.ar\/web\/wp-json\/wp\/v2\/posts\/11121\/revisions\/11128"}],"wp:featuredmedia":[{"embeddable":true,"href":"https:\/\/infosports.com.ar\/web\/wp-json\/wp\/v2\/media\/11122"}],"wp:attachment":[{"href":"https:\/\/infosports.com.ar\/web\/wp-json\/wp\/v2\/media?parent=11121"}],"wp:term":[{"taxonomy":"category","embeddable":true,"href":"https:\/\/infosports.com.ar\/web\/wp-json\/wp\/v2\/categories?post=11121"},{"taxonomy":"post_tag","embeddable":true,"href":"https:\/\/infosports.com.ar\/web\/wp-json\/wp\/v2\/tags?post=11121"}],"curies":[{"name":"wp","href":"https:\/\/api.w.org\/{rel}","templated":true}]}}