{"id":11141,"date":"2026-04-28T12:31:08","date_gmt":"2026-04-28T15:31:08","guid":{"rendered":"https:\/\/infosports.com.ar\/web\/?p=11141"},"modified":"2026-04-29T12:33:08","modified_gmt":"2026-04-29T15:33:08","slug":"union-deportiva-catriel-afronta-una-nueva-fecha-con-accion-en-primera-e-inferiores","status":"publish","type":"post","link":"https:\/\/infosports.com.ar\/web\/union-deportiva-catriel-afronta-una-nueva-fecha-con-accion-en-primera-e-inferiores\/","title":{"rendered":"Uni\u00f3n Deportiva Catriel afronta una nueva fecha con acci\u00f3n en Primera e Inferiores"},"content":{"rendered":"<p data-start=\"127\" data-end=\"334\">Catriel-El equipo catrielense ser\u00e1 local ante C\u00edrculo Italiano en Primera y Tercera este jueves, mientras que el s\u00e1bado las divisiones formativas tendr\u00e1n una intensa jornada por la 8\u00b0 fecha del certamen.<!--more--><\/p>\n<p data-start=\"336\" data-end=\"551\">La Uni\u00f3n Deportiva Catriel se prepara para afrontar un nuevo compromiso en la Liga Deportiva Confluencia, con actividad tanto en Primera Divisi\u00f3n como en categor\u00edas formativas, en el marco de la 8\u00b0 fecha del torneo.<\/p>\n<p data-start=\"553\" data-end=\"919\">La acci\u00f3n comenzar\u00e1 este jueves 30 de abril, cuando el conjunto catrielense reciba a C\u00edrculo Italiano en condici\u00f3n de local. La jornada tendr\u00e1 doble programaci\u00f3n, con el partido de Tercera Divisi\u00f3n previsto para las 20:00 horas, mientras que la Primera Divisi\u00f3n saldr\u00e1 a escena desde las 22:00 horas en un duelo clave para las aspiraciones del equipo en el certamen.<\/p>\n<p data-start=\"921\" data-end=\"1120\">En tanto, el s\u00e1bado 2 de mayo ser\u00e1 el turno de las divisiones inferiores, que protagonizar\u00e1n una extensa jornada con partidos tanto de local como en condici\u00f3n de visitante frente a equipos de Regina.<\/p>\n<p data-start=\"1122\" data-end=\"1349\">En Catriel, la actividad iniciar\u00e1 a las 12:00 horas con la categor\u00eda Pred\u00e9cima. Luego continuar\u00e1n D\u00e9cima a las 13:00, Novena a las 14:30 y Octava a las 16:00, completando una grilla cargada de encuentros en el \u00e1mbito formativo.<\/p>\n<p data-start=\"1351\" data-end=\"1533\">Por su parte, las categor\u00edas mayores de inferiores jugar\u00e1n en condici\u00f3n de visitante. S\u00e9ptima abrir\u00e1 la jornada a las 12:30, seguida por Sexta a las 14:00 y Quinta a las 16:00 horas.<\/p>\n<p data-start=\"1535\" data-end=\"1750\">De esta manera, la instituci\u00f3n catrielense volver\u00e1 a tener un fin de semana con fuerte protagonismo en la competencia regional, apostando tanto al presente en Primera como al desarrollo de sus divisiones formativas.<\/p>\n<p data-start=\"1752\" data-end=\"1940\" data-is-last-node=\"\" data-is-only-node=\"\">La cobertura y transmisi\u00f3n del encuentro de Primera Divisi\u00f3n ser\u00e1 exclusiva de FM Alas 95.1, a trav\u00e9s de su sitio web oficial <a class=\"decorated-link\" href=\"http:\/\/www.alasfmcatriel.com.ar\" target=\"_new\" rel=\"noopener\" data-start=\"1878\" data-end=\"1902\">www.alasfmcatriel.com.ar<\/a>, con el acompa\u00f1amiento de Catriel TV.<\/p>\n","protected":false},"excerpt":{"rendered":"<p>Catriel-El equipo catrielense ser\u00e1 local ante C\u00edrculo Italiano en Primera y Tercera este jueves, mientras que el s\u00e1bado las divisiones formativas tendr\u00e1n una intensa jornada por la 8\u00b0 fecha del certamen.<\/p>\n","protected":false},"author":3,"featured_media":11082,"comment_status":"open","ping_status":"open","sticky":false,"template":"","format":"standard","meta":{"_acf_changed":false,"footnotes":""},"categories":[67,63],"tags":[],"class_list":{"0":"post-11141","1":"post","2":"type-post","3":"status-publish","4":"format-standard","5":"has-post-thumbnail","7":"category-destacadas","8":"category-regionales"},"acf":[],"aioseo_notices":[],"_links":{"self":[{"href":"https:\/\/infosports.com.ar\/web\/wp-json\/wp\/v2\/posts\/11141","targetHints":{"allow":["GET"]}}],"collection":[{"href":"https:\/\/infosports.com.ar\/web\/wp-json\/wp\/v2\/posts"}],"about":[{"href":"https:\/\/infosports.com.ar\/web\/wp-json\/wp\/v2\/types\/post"}],"author":[{"embeddable":true,"href":"https:\/\/infosports.com.ar\/web\/wp-json\/wp\/v2\/users\/3"}],"replies":[{"embeddable":true,"href":"https:\/\/infosports.com.ar\/web\/wp-json\/wp\/v2\/comments?post=11141"}],"version-history":[{"count":1,"href":"https:\/\/infosports.com.ar\/web\/wp-json\/wp\/v2\/posts\/11141\/revisions"}],"predecessor-version":[{"id":11143,"href":"https:\/\/infosports.com.ar\/web\/wp-json\/wp\/v2\/posts\/11141\/revisions\/11143"}],"wp:featuredmedia":[{"embeddable":true,"href":"https:\/\/infosports.com.ar\/web\/wp-json\/wp\/v2\/media\/11082"}],"wp:attachment":[{"href":"https:\/\/infosports.com.ar\/web\/wp-json\/wp\/v2\/media?parent=11141"}],"wp:term":[{"taxonomy":"category","embeddable":true,"href":"https:\/\/infosports.com.ar\/web\/wp-json\/wp\/v2\/categories?post=11141"},{"taxonomy":"post_tag","embeddable":true,"href":"https:\/\/infosports.com.ar\/web\/wp-json\/wp\/v2\/tags?post=11141"}],"curies":[{"name":"wp","href":"https:\/\/api.w.org\/{rel}","templated":true}]}}