{"id":1115,"date":"2022-05-05T10:43:06","date_gmt":"2022-05-05T13:43:06","guid":{"rendered":"https:\/\/infosports.com.ar\/web\/?p=1115"},"modified":"2022-05-05T22:40:24","modified_gmt":"2022-05-06T01:40:24","slug":"mx-sur-de-la-republica-naim-nader-sol-debuto-con-podio-incluido","status":"publish","type":"post","link":"https:\/\/infosports.com.ar\/web\/mx-sur-de-la-republica-naim-nader-sol-debuto-con-podio-incluido\/","title":{"rendered":"MX Sur de la Republica-Naim Nader Sol debut\u00f3 con podio incluido"},"content":{"rendered":"<p style=\"background: white; margin: 0cm 0cm 6.0pt 0cm;\"><span style=\"font-size: 14.0pt; color: #3a3a3a;\">Naim Nader Sol regres\u00f3 al motocross de la mejor manera, sumando experiencia y con podio incluido, despu\u00e9s de 12 a\u00f1os de haberse retirado de la disciplina para abocarse al enduro.<\/span><!--more--><\/p>\n<p style=\"background: white; margin: 0cm 0cm 6.0pt 0cm;\"><span style=\"font-size: 14.0pt; color: #3a3a3a;\">El piloto Catrielense, destacado y multicampe\u00f3n de Enduro en conjunto con el equipo que comanda su padre Horacio \u201cel turco\u201d Nader, decidieron regresar al motocross en la fecha de Villa Regina, participando de la categor\u00eda Intermedia, donde cosech\u00f3 nada m\u00e1s y nada menos que el segundo puesto del podio.<\/span><\/p>\n<p style=\"background: white; margin: 0cm 0cm 6.0pt 0cm;\"><span style=\"font-size: 14.0pt; color: #3a3a3a;\">\u201cDecidimos probar en esto del motocross despu\u00e9s de tantos a\u00f1os, sin la presi\u00f3n que tal vez ten\u00eda Naim en el Enduro. El se retir\u00f3 de este tipo de pruebas a los 12 a\u00f1os, cuando en pleno desarrollo sufr\u00eda mucho en sus rodillas y la adaptaci\u00f3n a la moto, lo nuestro sigue siendo el enduro, pero estas pruebas sin dudas suman a su carrera deportiva\u201d<\/span><\/p>\n<p style=\"background: white; margin: 0cm 0cm 6.0pt 0cm;\"><span style=\"font-size: 14.0pt; color: #3a3a3a;\">El piloto Catrielense si bien meti\u00f3 podio, debi\u00f3 sortear problemas mec\u00e1nicos en medio de la carrera, ya que en su moto KTM250cc (4t) aparecieron problemas en la bomba de combustible, ingresando al padock y junto a Nader padre, Habib y Pedrito Z\u00fa\u00f1iga realizaron r\u00e1pidamente una r\u00e1pida adaptaci\u00f3n a la moto muleto que es enduro y le basto para sortener el segundo puesto de la divisional.<\/span><\/p>\n<p>&nbsp;<\/p>\n<p><a href=\"https:\/\/infosports.com.ar\/web\/wp-content\/uploads\/2022\/05\/naim2.jpg\"><img loading=\"lazy\" decoding=\"async\" class=\"alignnone wp-image-1117\" src=\"https:\/\/infosports.com.ar\/web\/wp-content\/uploads\/2022\/05\/naim2.jpg\" alt=\"\" width=\"545\" height=\"500\" \/><\/a><\/p>\n<p style=\"background: white; margin: 0cm 0cm 6.0pt 0cm;\"><span style=\"font-size: 14.0pt; color: #3a3a3a;\">\u00a0<\/span><\/p>\n<p style=\"background: white; margin: 0cm 0cm 6.0pt 0cm;\"><em><strong><span style=\"font-size: 14.0pt; color: #3a3a3a;\">Resultados:<\/span><\/strong><\/em><\/p>\n<p style=\"background: white; margin: 0cm 0cm 6.0pt 0cm;\"><span style=\"font-size: 14.0pt; color: #3a3a3a;\">\u00a0<\/span><\/p>\n<p style=\"background: white; margin: 0cm 0cm 6.0pt 0cm;\"><span style=\"font-size: 14.0pt; color: #3a3a3a;\"><em><strong>MX 2:<\/strong><\/em> Tomas Carabajal se qued\u00f3 en lo m\u00e1s alto del podio seguido por Gonzalo Salas y Gonzalo Paravano.<\/span><\/p>\n<p style=\"background: white; box-sizing: inherit; overflow-wrap: break-word; font-variant-ligatures: normal; font-variant-caps: normal; orphans: 2; text-align: start; widows: 2; -webkit-text-stroke-width: 0px; text-decoration-thickness: initial; text-decoration-style: initial; text-decoration-color: initial; word-spacing: 0px; margin: 0cm 0cm 6.0pt 0cm;\"><span style=\"font-size: 14.0pt; color: #3a3a3a;\"><em><strong>MX Intermedia:<\/strong><\/em> Mat\u00edas Blanc se qued\u00f3 con el puesto 1, seguido por un gran desempe\u00f1o en su retorno de Naim Nader Sol a bordo de una 250cc aunque la divisional presenta en mayor\u00eda motos de 450cc. <\/span><\/p>\n<p style=\"background: white; margin: 0cm 0cm 6.0pt 0cm;\"><span style=\"font-size: 14.0pt; color: #3a3a3a;\"><em><strong>Master B<\/strong><\/em>, Fabio S\u00e1nchez sumo bueno puntos para el campeonato seguido por Jorge Hasi.<\/span><\/p>\n<p style=\"background: white; box-sizing: inherit; overflow-wrap: break-word; font-variant-ligatures: normal; font-variant-caps: normal; orphans: 2; text-align: start; widows: 2; -webkit-text-stroke-width: 0px; text-decoration-thickness: initial; text-decoration-style: initial; text-decoration-color: initial; word-spacing: 0px; margin: 0cm 0cm 6.0pt 0cm;\"><span style=\"font-size: 14.0pt; color: #3a3a3a;\"><em><strong>Endurista:<\/strong> <\/em>qued\u00f3 para los pilotos locales Eduardo Delgado y Miguel Salazar. En la principiante Nicol\u00e1s Renzetti debi\u00f3 trabajar para quedarse con bueno puntos seguido por quien largo muy en las dos mangas Santino Sonhutter y Franco Araya.<\/span><\/p>\n","protected":false},"excerpt":{"rendered":"<p>Naim Nader Sol regres\u00f3 al motocross de la mejor manera, sumando experiencia y con podio incluido, despu\u00e9s de 12 a\u00f1os de haberse retirado de la disciplina para abocarse al enduro.<\/p>\n","protected":false},"author":3,"featured_media":0,"comment_status":"open","ping_status":"open","sticky":false,"template":"","format":"standard","meta":{"_acf_changed":false,"footnotes":""},"categories":[],"tags":[],"class_list":["post-1115","post","type-post","status-publish","format-standard"],"acf":[],"aioseo_notices":[],"_links":{"self":[{"href":"https:\/\/infosports.com.ar\/web\/wp-json\/wp\/v2\/posts\/1115","targetHints":{"allow":["GET"]}}],"collection":[{"href":"https:\/\/infosports.com.ar\/web\/wp-json\/wp\/v2\/posts"}],"about":[{"href":"https:\/\/infosports.com.ar\/web\/wp-json\/wp\/v2\/types\/post"}],"author":[{"embeddable":true,"href":"https:\/\/infosports.com.ar\/web\/wp-json\/wp\/v2\/users\/3"}],"replies":[{"embeddable":true,"href":"https:\/\/infosports.com.ar\/web\/wp-json\/wp\/v2\/comments?post=1115"}],"version-history":[{"count":2,"href":"https:\/\/infosports.com.ar\/web\/wp-json\/wp\/v2\/posts\/1115\/revisions"}],"predecessor-version":[{"id":1122,"href":"https:\/\/infosports.com.ar\/web\/wp-json\/wp\/v2\/posts\/1115\/revisions\/1122"}],"wp:attachment":[{"href":"https:\/\/infosports.com.ar\/web\/wp-json\/wp\/v2\/media?parent=1115"}],"wp:term":[{"taxonomy":"category","embeddable":true,"href":"https:\/\/infosports.com.ar\/web\/wp-json\/wp\/v2\/categories?post=1115"},{"taxonomy":"post_tag","embeddable":true,"href":"https:\/\/infosports.com.ar\/web\/wp-json\/wp\/v2\/tags?post=1115"}],"curies":[{"name":"wp","href":"https:\/\/api.w.org\/{rel}","templated":true}]}}