{"id":11150,"date":"2026-04-30T12:46:33","date_gmt":"2026-04-30T15:46:33","guid":{"rendered":"https:\/\/infosports.com.ar\/web\/?p=11150"},"modified":"2026-04-30T12:46:33","modified_gmt":"2026-04-30T15:46:33","slug":"catriel-brillo-en-el-motocross-sur-de-la-republica-podio-victoria-y-actuaciones-destacadas","status":"publish","type":"post","link":"https:\/\/infosports.com.ar\/web\/catriel-brillo-en-el-motocross-sur-de-la-republica-podio-victoria-y-actuaciones-destacadas\/","title":{"rendered":"Catriel brill\u00f3 en el Motocross &#8220;Sur de la Rep\u00fablica&#8221;: podio, victoria y actuaciones destacadas"},"content":{"rendered":"<p data-start=\"170\" data-end=\"363\">La delegaci\u00f3n local tuvo una destacada participaci\u00f3n en San Mart\u00edn de los Andes, con triunfo de Leo Y\u00e1\u00f1ez en MX1 B y s\u00f3lidas actuaciones del semillero y los pilotos experimentados.<!--more--><\/p>\n<p data-start=\"365\" data-end=\"851\">El Campeonato Sur de la Rep\u00fablica volvi\u00f3 a ofrecer un espect\u00e1culo de alto nivel en su segunda fecha, disputada el 25 y 26 de abril en el circuito Manzano Brujo de San Mart\u00edn de los Andes. Con m\u00e1s de un centenar de pilotos de distintos puntos de la Patagonia y Chile, la competencia reuni\u00f3 a lo mejor del motocross regional. En ese contexto, la delegaci\u00f3n de Catriel se destac\u00f3 con actuaciones que ratifican el crecimiento sostenido de la disciplina en la ciudad.<\/p>\n<p data-start=\"365\" data-end=\"851\"><a href=\"http:\/\/infosports.com.ar\/web\/wp-content\/uploads\/2026\/04\/681432750_912079975209179_7543158411287026485_n.jpg\"><img loading=\"lazy\" decoding=\"async\" class=\"alignnone  wp-image-11152\" src=\"http:\/\/infosports.com.ar\/web\/wp-content\/uploads\/2026\/04\/681432750_912079975209179_7543158411287026485_n-1024x829.jpg\" alt=\"\" width=\"490\" height=\"396\" srcset=\"https:\/\/infosports.com.ar\/web\/wp-content\/uploads\/2026\/04\/681432750_912079975209179_7543158411287026485_n-1024x829.jpg 1024w, https:\/\/infosports.com.ar\/web\/wp-content\/uploads\/2026\/04\/681432750_912079975209179_7543158411287026485_n-300x243.jpg 300w, https:\/\/infosports.com.ar\/web\/wp-content\/uploads\/2026\/04\/681432750_912079975209179_7543158411287026485_n-768x621.jpg 768w, https:\/\/infosports.com.ar\/web\/wp-content\/uploads\/2026\/04\/681432750_912079975209179_7543158411287026485_n-519x420.jpg 519w, https:\/\/infosports.com.ar\/web\/wp-content\/uploads\/2026\/04\/681432750_912079975209179_7543158411287026485_n-696x563.jpg 696w, https:\/\/infosports.com.ar\/web\/wp-content\/uploads\/2026\/04\/681432750_912079975209179_7543158411287026485_n-1068x864.jpg 1068w, https:\/\/infosports.com.ar\/web\/wp-content\/uploads\/2026\/04\/681432750_912079975209179_7543158411287026485_n.jpg 1200w\" sizes=\"auto, (max-width: 490px) 100vw, 490px\" \/><\/a><\/p>\n<p data-start=\"853\" data-end=\"1189\">Uno de los grandes momentos del fin de semana lleg\u00f3 de la mano de Leo Y\u00e1\u00f1ez, quien se qued\u00f3 con la victoria en la categor\u00eda MX1 B. Con un manejo firme y una estrategia inteligente, domin\u00f3 la competencia desde el inicio, imponiendo un ritmo inalcanzable para sus rivales y consolidando una actuaci\u00f3n que lo llev\u00f3 a lo m\u00e1s alto del podio.<\/p>\n<p data-start=\"1191\" data-end=\"1599\">En el semillero, la jornada dej\u00f3 emociones intensas y ejemplos de superaci\u00f3n. Fausto Rosales, protagonista en la categor\u00eda 65cc, debi\u00f3 abandonar la primera serie por problemas mec\u00e1nicos. Sin embargo, gracias a un gesto solidario que le permiti\u00f3 contar con una moto prestada, logr\u00f3 largar la final y remontar posiciones hasta finalizar en el sexto lugar, en una actuaci\u00f3n que reflej\u00f3 car\u00e1cter y determinaci\u00f3n.<\/p>\n<p data-start=\"1191\" data-end=\"1599\"><a href=\"http:\/\/infosports.com.ar\/web\/wp-content\/uploads\/2026\/04\/683669506_912079911875852_899610225681569156_n.jpg\"><img loading=\"lazy\" decoding=\"async\" class=\"wp-image-11153 aligncenter\" src=\"http:\/\/infosports.com.ar\/web\/wp-content\/uploads\/2026\/04\/683669506_912079911875852_899610225681569156_n.jpg\" alt=\"\" width=\"529\" height=\"695\" srcset=\"https:\/\/infosports.com.ar\/web\/wp-content\/uploads\/2026\/04\/683669506_912079911875852_899610225681569156_n.jpg 739w, https:\/\/infosports.com.ar\/web\/wp-content\/uploads\/2026\/04\/683669506_912079911875852_899610225681569156_n-228x300.jpg 228w, https:\/\/infosports.com.ar\/web\/wp-content\/uploads\/2026\/04\/683669506_912079911875852_899610225681569156_n-320x420.jpg 320w, https:\/\/infosports.com.ar\/web\/wp-content\/uploads\/2026\/04\/683669506_912079911875852_899610225681569156_n-696x915.jpg 696w\" sizes=\"auto, (max-width: 529px) 100vw, 529px\" \/><\/a><\/p>\n<p data-start=\"1601\" data-end=\"1920\">Por su parte, Genaro Barroso volvi\u00f3 a demostrar su proyecci\u00f3n en los 50cc. A pesar de las exigentes condiciones del circuito, con terreno desgastado y t\u00e9cnico, el joven piloto mantuvo un rendimiento s\u00f3lido que le permiti\u00f3 subir al podio con un destacado tercer puesto, confirmando su crecimiento dentro de la categor\u00eda.<\/p>\n<p data-start=\"1922\" data-end=\"2327\">La experiencia tambi\u00e9n dijo presente en la delegaci\u00f3n catrielense. Leandro Bujaldon, en la categor\u00eda Master C, complet\u00f3 una carrera inteligente que lo ubic\u00f3 en la cuarta posici\u00f3n, evidenciando vigencia y conocimiento del deporte. En tanto, Maxi Mendes tuvo una destacada remontada tras una ca\u00edda que lo releg\u00f3 en el clasificador, finalizando d\u00e9cimo luego de volver a pista y sostener un ritmo competitivo.<\/p>\n<p data-start=\"1922\" data-end=\"2327\"><a href=\"http:\/\/infosports.com.ar\/web\/wp-content\/uploads\/2026\/04\/682803558_912079735209203_4285648728165641870_n.jpg\"><img loading=\"lazy\" decoding=\"async\" class=\" wp-image-11154 aligncenter\" src=\"http:\/\/infosports.com.ar\/web\/wp-content\/uploads\/2026\/04\/682803558_912079735209203_4285648728165641870_n-1024x905.jpg\" alt=\"\" width=\"476\" height=\"421\" srcset=\"https:\/\/infosports.com.ar\/web\/wp-content\/uploads\/2026\/04\/682803558_912079735209203_4285648728165641870_n-1024x905.jpg 1024w, https:\/\/infosports.com.ar\/web\/wp-content\/uploads\/2026\/04\/682803558_912079735209203_4285648728165641870_n-300x265.jpg 300w, https:\/\/infosports.com.ar\/web\/wp-content\/uploads\/2026\/04\/682803558_912079735209203_4285648728165641870_n-768x678.jpg 768w, https:\/\/infosports.com.ar\/web\/wp-content\/uploads\/2026\/04\/682803558_912079735209203_4285648728165641870_n-475x420.jpg 475w, https:\/\/infosports.com.ar\/web\/wp-content\/uploads\/2026\/04\/682803558_912079735209203_4285648728165641870_n-696x615.jpg 696w, https:\/\/infosports.com.ar\/web\/wp-content\/uploads\/2026\/04\/682803558_912079735209203_4285648728165641870_n-1068x943.jpg 1068w, https:\/\/infosports.com.ar\/web\/wp-content\/uploads\/2026\/04\/682803558_912079735209203_4285648728165641870_n.jpg 1200w\" sizes=\"auto, (max-width: 476px) 100vw, 476px\" \/><\/a><\/p>\n<p data-start=\"2329\" data-end=\"2521\">Finalmente, Pablo Ruiz contin\u00faa sumando experiencia en la categor\u00eda Enduristas, en una etapa de adaptaci\u00f3n que le permite consolidarse en una de las disciplinas m\u00e1s exigentes del motociclismo.<\/p>\n<p data-start=\"2523\" data-end=\"2826\" data-is-last-node=\"\" data-is-only-node=\"\">El paso del Campeonato Sur de la Rep\u00fablica por San Mart\u00edn de los Andes dej\u00f3 en claro que Catriel no solo aporta cantidad de pilotos, sino tambi\u00e9n calidad y proyecci\u00f3n.<\/p>\n<p data-start=\"2523\" data-end=\"2826\" data-is-last-node=\"\" data-is-only-node=\"\"><a href=\"http:\/\/infosports.com.ar\/web\/wp-content\/uploads\/2026\/04\/683809233_912079678542542_6067838096437101618_n.jpg\"><img loading=\"lazy\" decoding=\"async\" class=\" wp-image-11155 aligncenter\" src=\"http:\/\/infosports.com.ar\/web\/wp-content\/uploads\/2026\/04\/683809233_912079678542542_6067838096437101618_n-768x1024.jpg\" alt=\"\" width=\"360\" height=\"480\" srcset=\"https:\/\/infosports.com.ar\/web\/wp-content\/uploads\/2026\/04\/683809233_912079678542542_6067838096437101618_n-768x1024.jpg 768w, https:\/\/infosports.com.ar\/web\/wp-content\/uploads\/2026\/04\/683809233_912079678542542_6067838096437101618_n-225x300.jpg 225w, https:\/\/infosports.com.ar\/web\/wp-content\/uploads\/2026\/04\/683809233_912079678542542_6067838096437101618_n-315x420.jpg 315w, https:\/\/infosports.com.ar\/web\/wp-content\/uploads\/2026\/04\/683809233_912079678542542_6067838096437101618_n-696x928.jpg 696w, https:\/\/infosports.com.ar\/web\/wp-content\/uploads\/2026\/04\/683809233_912079678542542_6067838096437101618_n.jpg 960w\" sizes=\"auto, (max-width: 360px) 100vw, 360px\" \/><\/a><\/p>\n<p data-start=\"365\" data-end=\"851\">\n","protected":false},"excerpt":{"rendered":"<p>La delegaci\u00f3n local tuvo una destacada participaci\u00f3n en San Mart\u00edn de los Andes, con triunfo de Leo Y\u00e1\u00f1ez en MX1 B y s\u00f3lidas actuaciones del semillero y los pilotos experimentados.<\/p>\n","protected":false},"author":3,"featured_media":11151,"comment_status":"open","ping_status":"open","sticky":false,"template":"","format":"standard","meta":{"_acf_changed":false,"footnotes":""},"categories":[67,65,63],"tags":[],"class_list":{"0":"post-11150","1":"post","2":"type-post","3":"status-publish","4":"format-standard","5":"has-post-thumbnail","7":"category-destacadas","8":"category-multidisciplinas","9":"category-regionales"},"acf":[],"aioseo_notices":[],"_links":{"self":[{"href":"https:\/\/infosports.com.ar\/web\/wp-json\/wp\/v2\/posts\/11150","targetHints":{"allow":["GET"]}}],"collection":[{"href":"https:\/\/infosports.com.ar\/web\/wp-json\/wp\/v2\/posts"}],"about":[{"href":"https:\/\/infosports.com.ar\/web\/wp-json\/wp\/v2\/types\/post"}],"author":[{"embeddable":true,"href":"https:\/\/infosports.com.ar\/web\/wp-json\/wp\/v2\/users\/3"}],"replies":[{"embeddable":true,"href":"https:\/\/infosports.com.ar\/web\/wp-json\/wp\/v2\/comments?post=11150"}],"version-history":[{"count":1,"href":"https:\/\/infosports.com.ar\/web\/wp-json\/wp\/v2\/posts\/11150\/revisions"}],"predecessor-version":[{"id":11157,"href":"https:\/\/infosports.com.ar\/web\/wp-json\/wp\/v2\/posts\/11150\/revisions\/11157"}],"wp:featuredmedia":[{"embeddable":true,"href":"https:\/\/infosports.com.ar\/web\/wp-json\/wp\/v2\/media\/11151"}],"wp:attachment":[{"href":"https:\/\/infosports.com.ar\/web\/wp-json\/wp\/v2\/media?parent=11150"}],"wp:term":[{"taxonomy":"category","embeddable":true,"href":"https:\/\/infosports.com.ar\/web\/wp-json\/wp\/v2\/categories?post=11150"},{"taxonomy":"post_tag","embeddable":true,"href":"https:\/\/infosports.com.ar\/web\/wp-json\/wp\/v2\/tags?post=11150"}],"curies":[{"name":"wp","href":"https:\/\/api.w.org\/{rel}","templated":true}]}}