{"id":11158,"date":"2026-04-30T10:49:01","date_gmt":"2026-04-30T13:49:01","guid":{"rendered":"https:\/\/infosports.com.ar\/web\/?p=11158"},"modified":"2026-05-01T10:49:59","modified_gmt":"2026-05-01T13:49:59","slug":"handball-regional-catriel-sera-sede-de-una-nueva-jornada-de-handball-en-el-sum-municipal","status":"publish","type":"post","link":"https:\/\/infosports.com.ar\/web\/handball-regional-catriel-sera-sede-de-una-nueva-jornada-de-handball-en-el-sum-municipal\/","title":{"rendered":"Handball regional-Catriel ser\u00e1 sede de una nueva jornada de handball en el SUM Municipal"},"content":{"rendered":"<p>Este s\u00e1bado 2 de mayo se disputar\u00e1 una fecha clave del calendario con participaci\u00f3n de equipos locales en distintas categor\u00edas. La actividad se desarrollar\u00e1 durante toda la jornada con entrada accesible para el p\u00fablico.<!--more--><\/p>\n<section class=\"text-token-text-primary w-full focus:outline-none [--shadow-height:45px] has-data-writing-block:pointer-events-none has-data-writing-block:-mt-(--shadow-height) has-data-writing-block:pt-(--shadow-height) [&amp;:has([data-writing-block])&gt;*]:pointer-events-auto [content-visibility:auto] supports-[content-visibility:auto]:[contain-intrinsic-size:auto_100lvh] R6Vx5W_threadScrollVars scroll-mb-[calc(var(--scroll-root-safe-area-inset-bottom,0px)+var(--thread-response-height))] scroll-mt-[calc(var(--header-height)+min(200px,max(70px,20svh)))]\" dir=\"auto\" data-turn-id=\"request-WEB:46e0ddaf-fdd0-4768-a655-dda6a30dda2e-0\" data-testid=\"conversation-turn-2\" data-scroll-anchor=\"false\" data-turn=\"assistant\">\n<div class=\"text-base my-auto mx-auto pb-10 [--thread-content-margin:var(--thread-content-margin-xs,calc(var(--spacing)*4))] @w-sm\/main:[--thread-content-margin:var(--thread-content-margin-sm,calc(var(--spacing)*6))] @w-lg\/main:[--thread-content-margin:var(--thread-content-margin-lg,calc(var(--spacing)*16))] px-(--thread-content-margin)\">\n<div class=\"[--thread-content-max-width:40rem] @w-lg\/main:[--thread-content-max-width:48rem] mx-auto max-w-(--thread-content-max-width) flex-1 group\/turn-messages focus-visible:outline-hidden relative flex w-full min-w-0 flex-col agent-turn\">\n<div class=\"flex max-w-full flex-col gap-4 grow\">\n<div class=\"min-h-8 text-message relative flex w-full flex-col items-end gap-2 text-start break-words whitespace-normal outline-none keyboard-focused:focus-ring [.text-message+&amp;]:mt-1\" dir=\"auto\" tabindex=\"0\" data-message-author-role=\"assistant\" data-message-id=\"04f492ce-b1f8-48f7-a3bd-9b839ff941aa\" data-message-model-slug=\"gpt-5-3\" data-turn-start-message=\"true\">\n<div class=\"flex w-full flex-col gap-1 empty:hidden\">\n<div class=\"markdown prose dark:prose-invert w-full wrap-break-word light markdown-new-styling\">\n<p data-start=\"352\" data-end=\"710\">El handball vuelve a tener protagonismo en Catriel con una jornada deportiva que se desarrollar\u00e1 este s\u00e1bado 2 de mayo en el SUM Municipal. En condici\u00f3n de local, los equipos de la ciudad afrontar\u00e1n una nueva fecha de competencia ante rivales de la regi\u00f3n, en un evento que promete intensidad, compromiso y acompa\u00f1amiento del p\u00fablico.<\/p>\n<p data-start=\"712\" data-end=\"1020\">La programaci\u00f3n contempla encuentros en diferentes categor\u00edas, lo que permitir\u00e1 ver en acci\u00f3n tanto a las divisiones formativas como a los planteles mayores. La actividad comenzar\u00e1 por la ma\u00f1ana y se extender\u00e1 durante toda la tarde, consolidando un espacio de desarrollo y competencia para el handball local.<\/p>\n<p data-start=\"1022\" data-end=\"1066\">El cronograma de partidos ser\u00e1 el siguiente:<\/p>\n<ul data-start=\"1068\" data-end=\"1255\">\n<li data-section-id=\"1sn6jbu\" data-start=\"1068\" data-end=\"1114\">11:00: Menores Varones \u2013 Catriel vs Trapem<\/li>\n<li data-section-id=\"1maugyd\" data-start=\"1115\" data-end=\"1159\">12:15: Menores Damas \u2013 Catriel vs Trapem<\/li>\n<li data-section-id=\"xgzqch\" data-start=\"1160\" data-end=\"1208\">13:30: Juveniles Varones \u2013 Catriel vs Meraki<\/li>\n<li data-section-id=\"1giz1mz\" data-start=\"1209\" data-end=\"1255\">15:00: Mayores Varones \u2013 Catriel vs Meraki<\/li>\n<\/ul>\n<p data-start=\"1257\" data-end=\"1499\">Desde la organizaci\u00f3n destacaron la importancia de jugar en casa, no solo por el impulso deportivo que significa para los equipos, sino tambi\u00e9n por el acompa\u00f1amiento de la comunidad, que cumple un rol clave en el crecimiento de la disciplina.<\/p>\n<p data-start=\"1501\" data-end=\"1690\" data-is-last-node=\"\" data-is-only-node=\"\">La entrada tendr\u00e1 un valor de 3000 pesos y se espera una buena convocatoria para alentar a los representantes locales en una jornada que reunir\u00e1 deporte, formaci\u00f3n y sentido de pertenencia.<\/p>\n<\/div>\n<\/div>\n<\/div>\n<\/div>\n<div class=\"z-0 flex min-h-[46px] justify-start\"><\/div>\n<div class=\"mt-3 w-full empty:hidden\">\n<div class=\"text-center\"><\/div>\n<\/div>\n<\/div>\n<\/div>\n<\/section>\n<div class=\"pointer-events-none -mt-px h-px translate-y-[calc(var(--scroll-root-safe-area-inset-bottom)-14*var(--spacing))]\" aria-hidden=\"true\"><\/div>\n","protected":false},"excerpt":{"rendered":"<p>Este s\u00e1bado 2 de mayo se disputar\u00e1 una fecha clave del calendario con participaci\u00f3n de equipos locales en distintas categor\u00edas. La actividad se desarrollar\u00e1 durante toda la jornada con entrada accesible para el p\u00fablico.<\/p>\n","protected":false},"author":3,"featured_media":11159,"comment_status":"open","ping_status":"open","sticky":false,"template":"","format":"standard","meta":{"_acf_changed":false,"footnotes":""},"categories":[67,62],"tags":[],"class_list":{"0":"post-11158","1":"post","2":"type-post","3":"status-publish","4":"format-standard","5":"has-post-thumbnail","7":"category-destacadas","8":"category-locales"},"acf":[],"aioseo_notices":[],"_links":{"self":[{"href":"https:\/\/infosports.com.ar\/web\/wp-json\/wp\/v2\/posts\/11158","targetHints":{"allow":["GET"]}}],"collection":[{"href":"https:\/\/infosports.com.ar\/web\/wp-json\/wp\/v2\/posts"}],"about":[{"href":"https:\/\/infosports.com.ar\/web\/wp-json\/wp\/v2\/types\/post"}],"author":[{"embeddable":true,"href":"https:\/\/infosports.com.ar\/web\/wp-json\/wp\/v2\/users\/3"}],"replies":[{"embeddable":true,"href":"https:\/\/infosports.com.ar\/web\/wp-json\/wp\/v2\/comments?post=11158"}],"version-history":[{"count":1,"href":"https:\/\/infosports.com.ar\/web\/wp-json\/wp\/v2\/posts\/11158\/revisions"}],"predecessor-version":[{"id":11161,"href":"https:\/\/infosports.com.ar\/web\/wp-json\/wp\/v2\/posts\/11158\/revisions\/11161"}],"wp:featuredmedia":[{"embeddable":true,"href":"https:\/\/infosports.com.ar\/web\/wp-json\/wp\/v2\/media\/11159"}],"wp:attachment":[{"href":"https:\/\/infosports.com.ar\/web\/wp-json\/wp\/v2\/media?parent=11158"}],"wp:term":[{"taxonomy":"category","embeddable":true,"href":"https:\/\/infosports.com.ar\/web\/wp-json\/wp\/v2\/categories?post=11158"},{"taxonomy":"post_tag","embeddable":true,"href":"https:\/\/infosports.com.ar\/web\/wp-json\/wp\/v2\/tags?post=11158"}],"curies":[{"name":"wp","href":"https:\/\/api.w.org\/{rel}","templated":true}]}}