{"id":1119,"date":"2022-05-05T08:34:44","date_gmt":"2022-05-05T11:34:44","guid":{"rendered":"https:\/\/infosports.com.ar\/web\/?p=1119"},"modified":"2022-05-05T12:49:05","modified_gmt":"2022-05-05T15:49:05","slug":"giuliano-y-debasa-confirmados-para-la-3ra-del-regional-de-rally","status":"publish","type":"post","link":"https:\/\/infosports.com.ar\/web\/giuliano-y-debasa-confirmados-para-la-3ra-del-regional-de-rally\/","title":{"rendered":"Giuliano y Debasa confirmados para la 3ra del Regional de Rally"},"content":{"rendered":"<p>Los pilotos de Catriel aparecen en la lista definitiva del rally regional, que ver\u00e1 cita este fin de semana en la ciudad de Allen, obedeciendo a la tercera fecha del campeonato, que tiene a ambos como protagonistas en la N2. (infosports.com.ar\/webweb\/)<!--more--><\/p>\n<p>El evento, cerr\u00f3 inscripciones el pasado mi\u00e9rcoles, confirmando la asistencia de 62 binomios.<\/p>\n<p>En el caso de Giuliano se mantiene como l\u00edder de la N2, donde gan\u00f3 las 2 fechas disputadas, en tanto Debasa no baja los brazos y con un auto de vieja generaci\u00f3n, pero con toda la experiencia encima que lo llevara a obtener varios t\u00edtulos, sigue dando pelea llevando su Clio a tope para intentar descontarle puntos en la general a su coterr\u00e1neo.<\/p>\n<p>Giuliano en tanto demostr\u00f3 en las \u00faltimas fechas a bordo de su Ford Fiesta un importante cambio de t\u00e9cnica y un importante poder de aceleraci\u00f3n por sobre todo, explotando al m\u00e1ximo un motor de tecnolog\u00eda reciente.<\/p>\n<p>Nueve duplas se suman a la fiesta motor en las divisionales A7, 13 en la N2, 11 en la A6, 13 en la N1 y 15 en la A1, conforman el parque motor de la tercera fecha del campeonato de<strong>\u00a0Rally Regional,<\/strong>\u00a0que se pone en marcha el pr\u00f3ximo viernes 6 de mayo con la rampa de largada simb\u00f3lica a partir de las 20 horas en la Plaza de las Banderas de Allen.<\/p>\n<p>Esta fecha del campeonato constar\u00e1 de dos etapas que tienen pruebas tanto en Allen, como en la vecina ciudad de Fern\u00e1ndez Oro: la primera en homenaje a los Veteranos de Malvinas y la segunda denominada \u201cMunicipalidad de Allen\u201d.<\/p>\n<p>Seg\u00fan inform\u00f3 la organizaci\u00f3n la grilla de actividades ser\u00e1 la siguiente:<\/p>\n<p><strong>Mi\u00e9rcoles 4\/5:<\/strong>\u00a0\u00faltima jornada de inscripciones.<\/p>\n<p><strong>Jueves 5\/5:<\/strong>\u00a0asignaci\u00f3n de n\u00fameros por prioridad y ranking.<\/p>\n<p><strong>Viernes 6\/5:<\/strong>\u00a0de 11 a 16 hs. Entrega de libros de Ruta y Verificaci\u00f3n Administrativa. De 11 a 17 hs. Verificaci\u00f3n T\u00e9cnica en Corral\u00f3n Municipal (Formosa y Ruta N\u00b065). 12 a 17 hs. Reconocimiento de Pruebas Especiales 1,3,5,6,7 y 8 (dos pasadas). 20 hs.\u00a0<em><u>Largada simb\u00f3lica en la rampa que estar\u00e1 ubicada en la Plaza de los M\u00e1stiles, un espect\u00e1culo para vivir en familia.<\/u><\/em><\/p>\n<p><strong>S\u00e1bado 7\/5:<\/strong>\u00a0Se bajar\u00e1 la bandera para el inicio de la Etapa n\u00b01 \u201cVeteranos de Malvinas\u201d a las 12 hs. El Parque Cerrado estar\u00e1 ubicado en el vel\u00f3dromo de Allen desde donde iniciar\u00e1 el enlace hacia el Aeroclub de Allen para el inicio de la primera prueba especial. Esta etapa consiste en 4 pruebas especiales.<\/p>\n<p><strong>Domingo 8\/5:<\/strong>\u00a0Se dar\u00e1 inicio a la Etapa N\u00b02 \u201cMunicipalidad de Allen\u201d desde las 9 hs. Esta etapa consta de 4 pruebas especiales. Se prev\u00e9 que la premiaci\u00f3n sea en la Pista de Ciclismo de la ciudad a las 15 hs.<\/p>\n<p>&nbsp;<\/p>\n<p>&nbsp;<\/p>\n<p>&nbsp;<\/p>\n","protected":false},"excerpt":{"rendered":"<p>Los pilotos de Catriel aparecen en la lista definitiva del rally regional, que ver\u00e1 cita este fin de semana en la ciudad de Allen, obedeciendo a la tercera fecha del campeonato, que tiene a ambos como protagonistas en la N2. (infosports.com.ar\/webweb\/)<\/p>\n","protected":false},"author":3,"featured_media":0,"comment_status":"open","ping_status":"open","sticky":false,"template":"","format":"standard","meta":{"_acf_changed":false,"footnotes":""},"categories":[],"tags":[],"class_list":["post-1119","post","type-post","status-publish","format-standard"],"acf":[],"aioseo_notices":[],"_links":{"self":[{"href":"https:\/\/infosports.com.ar\/web\/wp-json\/wp\/v2\/posts\/1119","targetHints":{"allow":["GET"]}}],"collection":[{"href":"https:\/\/infosports.com.ar\/web\/wp-json\/wp\/v2\/posts"}],"about":[{"href":"https:\/\/infosports.com.ar\/web\/wp-json\/wp\/v2\/types\/post"}],"author":[{"embeddable":true,"href":"https:\/\/infosports.com.ar\/web\/wp-json\/wp\/v2\/users\/3"}],"replies":[{"embeddable":true,"href":"https:\/\/infosports.com.ar\/web\/wp-json\/wp\/v2\/comments?post=1119"}],"version-history":[{"count":1,"href":"https:\/\/infosports.com.ar\/web\/wp-json\/wp\/v2\/posts\/1119\/revisions"}],"predecessor-version":[{"id":1121,"href":"https:\/\/infosports.com.ar\/web\/wp-json\/wp\/v2\/posts\/1119\/revisions\/1121"}],"wp:attachment":[{"href":"https:\/\/infosports.com.ar\/web\/wp-json\/wp\/v2\/media?parent=1119"}],"wp:term":[{"taxonomy":"category","embeddable":true,"href":"https:\/\/infosports.com.ar\/web\/wp-json\/wp\/v2\/categories?post=1119"},{"taxonomy":"post_tag","embeddable":true,"href":"https:\/\/infosports.com.ar\/web\/wp-json\/wp\/v2\/tags?post=1119"}],"curies":[{"name":"wp","href":"https:\/\/api.w.org\/{rel}","templated":true}]}}