{"id":1124,"date":"2022-05-06T10:01:30","date_gmt":"2022-05-06T13:01:30","guid":{"rendered":"https:\/\/infosports.com.ar\/web\/?p=1124"},"modified":"2022-05-06T10:01:30","modified_gmt":"2022-05-06T13:01:30","slug":"25-de-mayo-este-fin-de-semana-se-viene-la-3-del-campeonato-pedestre","status":"publish","type":"post","link":"https:\/\/infosports.com.ar\/web\/25-de-mayo-este-fin-de-semana-se-viene-la-3-del-campeonato-pedestre\/","title":{"rendered":"25 de Mayo-Este fin de semana se viene la 3\u00b0 del Campeonato Pedestre"},"content":{"rendered":"<div dir=\"auto\">Este domingo se correr\u00e1 la 3\u00ba fecha del Campeonato Pedestre \u201c25 se Mueve\u201d, competencia que en las dos primeras fechas cont\u00f3 con una gran participaci\u00f3n de atletas, mayoritariamente de nuestra ciudad, pero tambi\u00e9n lo hicieron deportistas de distintos puntos de nuestra regi\u00f3n.<\/div>\n<p><!--more--><\/p>\n<div dir=\"auto\">El lugar de concentraci\u00f3n en esta oportunidad ser\u00e1 en la curva de 90\u00ba, a las 10:30 horas est\u00e1 estipulado el horario de largado de esta carrera.<\/div>\n","protected":false},"excerpt":{"rendered":"<p>Este domingo se correr\u00e1 la 3\u00ba fecha del Campeonato Pedestre \u201c25 se Mueve\u201d, competencia que en las dos primeras fechas cont\u00f3 con una gran participaci\u00f3n de atletas, mayoritariamente de nuestra ciudad, pero tambi\u00e9n lo hicieron deportistas de distintos puntos de nuestra regi\u00f3n.<\/p>\n","protected":false},"author":3,"featured_media":0,"comment_status":"open","ping_status":"open","sticky":false,"template":"","format":"standard","meta":{"_acf_changed":false,"footnotes":""},"categories":[],"tags":[],"class_list":["post-1124","post","type-post","status-publish","format-standard"],"acf":[],"aioseo_notices":[],"_links":{"self":[{"href":"https:\/\/infosports.com.ar\/web\/wp-json\/wp\/v2\/posts\/1124","targetHints":{"allow":["GET"]}}],"collection":[{"href":"https:\/\/infosports.com.ar\/web\/wp-json\/wp\/v2\/posts"}],"about":[{"href":"https:\/\/infosports.com.ar\/web\/wp-json\/wp\/v2\/types\/post"}],"author":[{"embeddable":true,"href":"https:\/\/infosports.com.ar\/web\/wp-json\/wp\/v2\/users\/3"}],"replies":[{"embeddable":true,"href":"https:\/\/infosports.com.ar\/web\/wp-json\/wp\/v2\/comments?post=1124"}],"version-history":[{"count":1,"href":"https:\/\/infosports.com.ar\/web\/wp-json\/wp\/v2\/posts\/1124\/revisions"}],"predecessor-version":[{"id":1125,"href":"https:\/\/infosports.com.ar\/web\/wp-json\/wp\/v2\/posts\/1124\/revisions\/1125"}],"wp:attachment":[{"href":"https:\/\/infosports.com.ar\/web\/wp-json\/wp\/v2\/media?parent=1124"}],"wp:term":[{"taxonomy":"category","embeddable":true,"href":"https:\/\/infosports.com.ar\/web\/wp-json\/wp\/v2\/categories?post=1124"},{"taxonomy":"post_tag","embeddable":true,"href":"https:\/\/infosports.com.ar\/web\/wp-json\/wp\/v2\/tags?post=1124"}],"curies":[{"name":"wp","href":"https:\/\/api.w.org\/{rel}","templated":true}]}}