{"id":1138,"date":"2022-05-07T10:26:51","date_gmt":"2022-05-07T13:26:51","guid":{"rendered":"https:\/\/infosports.com.ar\/web\/?p=1138"},"modified":"2022-05-07T10:26:51","modified_gmt":"2022-05-07T13:26:51","slug":"micaela-diaz-convocada-a-la-preseleccion-de-voley-rionegrina","status":"publish","type":"post","link":"https:\/\/infosports.com.ar\/web\/micaela-diaz-convocada-a-la-preseleccion-de-voley-rionegrina\/","title":{"rendered":"Micaela Diaz convocada a la Preselecci\u00f3n de Voley Rionegrina"},"content":{"rendered":"<p>La joven deportista catrielense, Micaela D\u00edaz fue convocada para la pre-selecci\u00f3n de Rio Negro de Voley sub-16.<!--more-->Micaela surgida de la red de escuelas municipales de deporte viene realizando destacadas actuaciones en distintos torneos de la especialidad, lo que le valieron la convocatoria para representar a nuestra localidad en la preselecci\u00f3n rionegrina.<\/p>\n<p><a href=\"https:\/\/infosports.com.ar\/web\/wp-content\/uploads\/2022\/05\/FB_IMG_1651929667411.jpg\"><img loading=\"lazy\" decoding=\"async\" class=\"alignnone size-full wp-image-1139\" src=\"https:\/\/infosports.com.ar\/web\/wp-content\/uploads\/2022\/05\/FB_IMG_1651929667411.jpg\" alt=\"\" width=\"720\" height=\"405\" \/><\/a><\/p>\n<p>&#8220;Felicitamos a Mica, en una muestra m\u00e1s del trabajo que se viene realizando en el eje Ciudad Inclusiva, apostando por la pr\u00e1ctica deportiva como actividad integradora, formadora de valores y que tambi\u00e9n brinde posibilidades de crecimiento a futuro&#8221;<\/p>\n<p>&#8220;A trav\u00e9s de la promoci\u00f3n de espacios competitivos para que Catriel se siga potenciando como semillero de deportistas destacados a nivel provincial y nacional&#8221;, afirm\u00f3 el Director de Deportes David Armando Cisterna<\/p>\n","protected":false},"excerpt":{"rendered":"<p>La joven deportista catrielense, Micaela D\u00edaz fue convocada para la pre-selecci\u00f3n de Rio Negro de Voley sub-16.<\/p>\n","protected":false},"author":3,"featured_media":0,"comment_status":"open","ping_status":"open","sticky":false,"template":"","format":"standard","meta":{"_acf_changed":false,"footnotes":""},"categories":[],"tags":[],"class_list":["post-1138","post","type-post","status-publish","format-standard"],"acf":[],"aioseo_notices":[],"_links":{"self":[{"href":"https:\/\/infosports.com.ar\/web\/wp-json\/wp\/v2\/posts\/1138","targetHints":{"allow":["GET"]}}],"collection":[{"href":"https:\/\/infosports.com.ar\/web\/wp-json\/wp\/v2\/posts"}],"about":[{"href":"https:\/\/infosports.com.ar\/web\/wp-json\/wp\/v2\/types\/post"}],"author":[{"embeddable":true,"href":"https:\/\/infosports.com.ar\/web\/wp-json\/wp\/v2\/users\/3"}],"replies":[{"embeddable":true,"href":"https:\/\/infosports.com.ar\/web\/wp-json\/wp\/v2\/comments?post=1138"}],"version-history":[{"count":1,"href":"https:\/\/infosports.com.ar\/web\/wp-json\/wp\/v2\/posts\/1138\/revisions"}],"predecessor-version":[{"id":1141,"href":"https:\/\/infosports.com.ar\/web\/wp-json\/wp\/v2\/posts\/1138\/revisions\/1141"}],"wp:attachment":[{"href":"https:\/\/infosports.com.ar\/web\/wp-json\/wp\/v2\/media?parent=1138"}],"wp:term":[{"taxonomy":"category","embeddable":true,"href":"https:\/\/infosports.com.ar\/web\/wp-json\/wp\/v2\/categories?post=1138"},{"taxonomy":"post_tag","embeddable":true,"href":"https:\/\/infosports.com.ar\/web\/wp-json\/wp\/v2\/tags?post=1138"}],"curies":[{"name":"wp","href":"https:\/\/api.w.org\/{rel}","templated":true}]}}