{"id":1142,"date":"2022-05-08T01:05:32","date_gmt":"2022-05-08T04:05:32","guid":{"rendered":"https:\/\/infosports.com.ar\/web\/?p=1142"},"modified":"2022-05-08T01:05:32","modified_gmt":"2022-05-08T04:05:32","slug":"santa-rosa-lp-tendra-en-septiembre-una-ultra-maraton","status":"publish","type":"post","link":"https:\/\/infosports.com.ar\/web\/santa-rosa-lp-tendra-en-septiembre-una-ultra-maraton\/","title":{"rendered":"Santa Rosa (LP) tendr\u00e1 en septiembre una Ultra Marat\u00f3n"},"content":{"rendered":"<p>La competencia estar\u00e1 reservada para categor\u00edas damas y caballeros convencionales, individuales,\u00a0en 24, 12 y 6 horas.<!--more--><br \/>\nLa VII Ultra Marat\u00f3n \u201cCiudad de Santa Rosa\u201d se realizar\u00e1 el s\u00e1bado 17 y domingo 18 de septiembre. La organizaci\u00f3n est\u00e1 a cargo de la Direcci\u00f3n de Deportes y Recreaci\u00f3n de la Municipalidad de Santa Rosa, y estar\u00e1 fiscalizada por la Federaci\u00f3n Atl\u00e9tica Pampeana (afiliada a la Confederaci\u00f3n Argentina de Atletismo) y la AAU (Asociaci\u00f3n Argentina de Ultra marat\u00f3n).<\/p>\n<p>La competencia estar\u00e1 reservada para categor\u00edas damas y caballeros convencionales, individuales,\u00a0en 24, 12 y 6 horas. Competir\u00e1n atletas a partir de los 18 a\u00f1os y hasta 65 a\u00f1os cumplidos al 31\/12\/2022.<\/p>\n<p>Las categor\u00edas consideradas son: 18\/29; 30\/34; 35\/39; 40\/44; 45\/49; 50\/54; 55\/59 y 60\/65 a\u00f1os tomados al 31\/12\/2022.<\/p>\n<p><strong>Horario de largada<\/strong>:<\/p>\n<p>24 horas a las 12,00 horas del s\u00e1bado 17<\/p>\n<p>12 horas a las 00:,00 horas del domingo 18<\/p>\n<p>06 horas a las 06,00 horas del domingo 18<\/p>\n<p>Importante: la premiaci\u00f3n se realizara el domingo a las 13\u00a0horas.<\/p>\n<p>Seg\u00fan se pudo conocer la inscripci\u00f3n tiene un valor de $ 7.000 para las 24 horas; $5.000 para las 12 horas; $3.000 para las 6 horas. Los atletas deben solicitar informaci\u00f3n \u00fanicamente v\u00eda E \u2013 Mail a: deportes@santarosa.gob.ar- y las inscripciones en apt.santarosa.gob.ar (apartado ultramaraton).<\/p>\n<header class=\"header-area\">\n<div id=\"stickyMenu-sticky-wrapper\" class=\"sticky-wrapper is-sticky\">\n<div id=\"stickyMenu\" class=\"viral-news-main-menu\">\n<div class=\"container-fluid\">\n<div class=\"marquee\">\n<div class=\"scroll\">\n<div><span class=\"item\">MPARUNNING (I)<\/span><span class=\"item\">ANTONIO POBLETE Y ROSA GODOY SE QUEDARON CON LOS 21K DE A PAMPA TRAVIESA<\/span><span class=\"item\">LUIS MOLINA Y KARINA FUENTEALBA FUERON LOS GANADORES DE &#8220;A PAMPA TRAVIESA&#8221;<\/span><\/div>\n<\/div>\n<\/div>\n<\/div>\n<\/div>\n<\/div>\n<\/header>\n<div class=\"blog-area\">\n<div class=\"container\">\n<div class=\"row\">\n<div class=\"col-12 col-lg-8\">\n<div id=\"response\" class=\"blog-posts-area\">\n<div class=\"single-blog-post-details\">\n<div class=\"post-data\">\n<h2 class=\"post-title\">\u00bfTe le anim\u00e1s? Santa Rosa tendr\u00e1 en septiembre una Ultra Marat\u00f3n<\/h2>\n<div class=\"post-meta\">\n<div class=\"post-details-meta-data mb-50 d-flex align-items-center justify-content-between\">\n<div class=\"post-authors-date\"><\/div>\n<\/div>\n<div class=\"post-thumb\"><img decoding=\"async\" src=\"http:\/\/www.pamparunning.com\/imagen_noticia.php?id=640&amp;v=12022-05-02+19%3A46%3A21\" \/><\/div>\n<div class=\"RedesSociales\"><a class=\"post-catagory\" href=\"http:\/\/www.pamparunning.com\/single-post.php?id=640#\">DEPORTES<\/a><a><img decoding=\"async\" title=\"Compartir con Facebook\" src=\"http:\/\/www.pamparunning.com\/img\/BTNfacebook.png\" \/><\/a><a href=\"https:\/\/twitter.com\/share?url=http:\/\/www.pamparunning.com\/single-post.php?id=640&amp;text=%C2%BFTe%20le%20anim%C3%A1s?%20Santa%20Rosa%20tendr%C3%A1%20en%20septiembre%20una%20Ultra%20Marat%C3%B3n\" target=\"_blank\" rel=\"noopener\"><img decoding=\"async\" title=\"Compartir con Twitter\" src=\"http:\/\/www.pamparunning.com\/img\/BTNtweet.png\" \/><\/a><a href=\"https:\/\/api.whatsapp.com\/send?text=%C2%BFTe+le+anim%C3%A1s%3F+Santa+Rosa+tendr%C3%A1+en+septiembre+una+Ultra+Marat%C3%B3n%20http:\/\/www.pamparunning.com\/single-post.php?id=640&amp;utm_source=whatsapp\" target=\"_blank\" rel=\"noopener\"><img decoding=\"async\" title=\"Compartir con Whatsapp\" src=\"http:\/\/www.pamparunning.com\/img\/BTNwhatsapp.png\" \/><\/a><\/div>\n<p><b>La competencia estar\u00e1 reservada para categor\u00edas damas y caballeros convencionales, individuales,\u00a0en 24, 12 y 6 horas.<\/b><\/p>\n<p>La VII Ultra Marat\u00f3n \u201cCiudad de Santa Rosa\u201d se realizar\u00e1 el s\u00e1bado 17 y domingo 18 de septiembre. La organizaci\u00f3n est\u00e1 a cargo de la Direcci\u00f3n de Deportes y Recreaci\u00f3n de la Municipalidad de Santa Rosa, y estar\u00e1 fiscalizada por la Federaci\u00f3n Atl\u00e9tica Pampeana (afiliada a la Confederaci\u00f3n Argentina de Atletismo) y la AAU (Asociaci\u00f3n Argentina de Ultra marat\u00f3n).<\/p>\n<p>La competencia estar\u00e1 reservada para categor\u00edas damas y caballeros convencionales, individuales,\u00a0en 24, 12 y 6 horas. Competir\u00e1n atletas a partir de los 18 a\u00f1os y hasta 65 a\u00f1os cumplidos al 31\/12\/2022.<\/p>\n<p>Las categor\u00edas consideradas son: 18\/29; 30\/34; 35\/39; 40\/44; 45\/49; 50\/54; 55\/59 y 60\/65 a\u00f1os tomados al 31\/12\/2022.<\/p>\n<p><strong>Horario de largada<\/strong>:<\/p>\n<p>24 horas a las 12,00 horas del s\u00e1bado 17<\/p>\n<p>12 horas a las 00:,00 horas del domingo 18<\/p>\n<p>06 horas a las 06,00 horas del domingo 18<\/p>\n<p>Importante: la premiaci\u00f3n se realizara el domingo a las 13\u00a0horas.<\/p>\n<p>Seg\u00fan se pudo conocer la inscripci\u00f3n tiene un valor de $ 7.000 para las 24 horas; $5.000\u00a0para las 12 horas; $3.000\u00a0para las 6 horas. Los atletas deben solicitar informaci\u00f3n \u00fanicamente v\u00eda E \u2013 Mail a: deportes@santarosa.gob.ar- y las inscripciones en apt.santarosa.gob.ar (apartado ultramaraton)<\/p>\n<p>Completaran adem\u00e1s la ficha adjunta.<\/p>\n<p>Los kits, se entregaran en la pista de atletismo del Parque Don Tomas, el d\u00eda viernes 16 de 16,00 a 19,00 horas.-<\/p>\n<p>Los 3 (tres) primeros de la clasificaci\u00f3n de cada categor\u00eda de damas y caballeros recibir\u00e1n trofeos.<\/p>\n<p>Se otorgaran premios en \u00f3rdenes de compra, (distribuy\u00e9ndose el 40% de la recaudaci\u00f3n total por inscripciones, de ese importe en las 24horas el 14% al 1\u00ba; el 10% al 2\u00ba y el 7% al 3\u00ba; en las 12 horas el 10% al 1\u00ba y el 6% al 2\u00ba; en las 6 horas 3% al 1\u00b0).-<\/p>\n<p>Los competidores recibir\u00e1n dos (2) n\u00fameros de identificaci\u00f3n, los que deber\u00e1n portar obligatoriamente fijados en el pecho y la espalda, bien visibles sobre su vestimenta.- Los n\u00fameros, son de uso obligatorio, intransferibles y de su correcta colocaci\u00f3n depende la exactitud en el control manual de la distancia recorrida.-<\/p>\n<p>En caso de extrav\u00edo no habr\u00e1 reposici\u00f3n del mismo. Deber\u00e1 permanecer visible en su totalidad (sin alterar ni ocultar el patrocinador), con pena de descalificaci\u00f3n (regla 53 Art. 9 reglamento IAAF).<\/p>\n<p>Del evento y el circuito: Estar\u00e1 fiscalizada por la Federaci\u00f3n Atl\u00e9tica Pampeana y la AAU (Asociaci\u00f3n Argentina de Ultra marat\u00f3n). La clasificaci\u00f3n ser\u00e1 electr\u00f3nica, se desarrollara en el Parque Don Tomas, donde tenemos un circuito de 2K de pavimento liso y llano, medido y certificado por personal del Centro Nacional de Mediciones Atl\u00e9tica sobre Pavimento (AIMS, CADA, IAAF). El transito vehicular estar\u00e1 controlado, Habr\u00e1 ba\u00f1os, hidrataci\u00f3n, guardarropas, puestos de abastecimiento cada 2K y asistencia m\u00e9dica.<\/p>\n<p>Del puesto de avituallamiento y zona de atenci\u00f3n: Sera oficial y exclusivo para la atenci\u00f3n al atleta, se servir\u00e1n: bebidas gaseosas, agua, isot\u00f3nicas y frutas, pastas, caldo,etc, cada distancias tendr\u00e1 su puesto de abastecimiento y zona de descanso, como asi tambien cada corredor podr\u00e1 disponer de su propia carpa en caso de traerla, siempre dentro de la zona delimitada por los organizadores.. A efectos de una correcta organizaci\u00f3n, se deja claro, que en la zona de avituallamiento no podr\u00e1n permanecer otras personas ajenas a las que los organizadores designen, en caso del incumplimiento de cualquiera de las pautas mencionadas expresamente el Director de la Prueba tendr\u00e1 la autoridad para proceder a la exclusi\u00f3n del participante previo apercibimiento de tal actitud.-<\/p>\n<p>En ese sector no podr\u00e1 permanecer p\u00fablico, solamente uno de los dos asistentes designados por el atleta.<\/p>\n<p>Certificado M\u00e9dico: Es OBLIGATORIO presentar el certificado m\u00e9dico el d\u00eda de retiro de kit, el cual no puede tener una antig\u00fcedad mayor a 3 meses al d\u00eda de la competencia, donde se exprese expl\u00edcitamente que est\u00e1 capacitado f\u00edsicamente para realizar dicha competencia (24, 12 y 6 horas). En caso de tener, la necesidad, el atleta de ingerir alg\u00fan tipo de medicamento deber\u00e1 dar aviso a la organizaci\u00f3n y mostrar la correspondiente orden m\u00e9dica.-<\/p>\n<header class=\"header-area\">\n<div id=\"stickyMenu-sticky-wrapper\" class=\"sticky-wrapper is-sticky\">\n<div id=\"stickyMenu\" class=\"viral-news-main-menu\">\n<div class=\"classy-nav-container light left breakpoint-on\">\n<div class=\"container-fluid\">\n<nav id=\"viralnewsNav\" class=\"classy-navbar justify-content-between\"><a id=\"logo_principal\" class=\"nav-brand\" href=\"https:\/\/www.pamparunning.com\/\"><img decoding=\"async\" src=\"http:\/\/www.pamparunning.com\/img\/core-img\/logo_p.png\" alt=\"Pampa Diario\" \/><\/a><\/p>\n<div class=\"classy-navbar-toggler mr-2\"><\/div>\n<div class=\"classy-menu\">\n<div class=\"classycloseIcon\">\n<div class=\"cross-wrap\"><\/div>\n<\/div>\n<div class=\"classynav\">\n<ul>\n<li><a href=\"http:\/\/www.pamparunning.com\/index.php\">NOTICIAS<\/a><\/li>\n<\/ul>\n<div id=\"searchbtnDiv\" class=\"search-btn\"><\/div>\n<div class=\"viral-search-form\">\n<form id=\"search\" action=\"http:\/\/www.pamparunning.com\/index.php\" method=\"get\"><input name=\"b\" type=\"text\" placeholder=\"Ingrese su b\u00fasqueda aqu\u00ed ...\" \/><button type=\"submit\"><i class=\"fa fa-search\" aria-hidden=\"true\"><\/i><\/button><\/form>\n<\/div>\n<\/div>\n<\/div>\n<\/nav>\n<\/div>\n<\/div>\n<div class=\"container-fluid\">\n<div class=\"marquee\">\n<div class=\"scroll\">\n<div><span class=\"item\">FABI Y FOTOS. FOTOS Y FABI: A PAMPA TRAVIESA EN LA LENTE DEL MEJOR<\/span><span class=\"item\">\u00bfCORRISTE A PAMPA TRAVIESA? BUSCATE EN LAS CLASIFICACIONES GENERALES<\/span><span class=\"item\">A PAMPA TRAVIESA Y LAS MEJORES FOTOS DE PAMPARUNNING (I)<\/span><span class=\"item\">ANTONIO POBLETE Y ROSA GODOY SE QUEDARON CON LOS 21K DE A PAMPA TRAVIESA<\/span><span class=\"item\">LUIS MOLINA Y KARINA FUENTEALBA FUERON LOS GANADORES DE &#8220;A PAMPA TRAVIESA&#8221;<\/span><\/div>\n<div><span class=\"item\">FABI Y FOTOS. FOTOS Y FABI: A PAMPA TRAVIESA EN LA LENTE DEL MEJOR<\/span><span class=\"item\">\u00bfCORRISTE A PAMPA TRAVIESA? BUSCATE EN LAS CLASIFICACIONES GENERALES<\/span><span class=\"item\">A PAMPA TRAVIESA Y LAS MEJORES FOTOS DE PAMPARUNNING (I)<\/span><span class=\"item\">ANTONIO POBLETE Y ROSA GODOY SE QUEDARON CON LOS 21K DE A PAMPA TRAVIESA<\/span><span class=\"item\">LUIS MOLINA Y KARINA FUENTEALBA FUERON LOS GANADORES DE &#8220;A PAMPA TRAVIESA&#8221;<\/span><\/div>\n<\/div>\n<\/div>\n<\/div>\n<\/div>\n<\/div>\n<\/header>\n<div class=\"blog-area\">\n<div class=\"container\">\n<div class=\"row\">\n<div class=\"col-12 col-lg-8\">\n<div id=\"response\" class=\"blog-posts-area\">\n<div class=\"single-blog-post-details\">\n<div class=\"post-data\">\n<h2 class=\"post-title\">\u00bfTe le anim\u00e1s? Santa Rosa tendr\u00e1 en septiembre una Ultra Marat\u00f3n<\/h2>\n<div class=\"post-meta\">\n<div class=\"post-details-meta-data mb-50 d-flex align-items-center justify-content-between\">\n<div class=\"post-authors-date\"><\/div>\n<\/div>\n<div class=\"post-thumb\"><img decoding=\"async\" src=\"http:\/\/www.pamparunning.com\/imagen_noticia.php?id=640&amp;v=12022-05-02+19%3A46%3A21\" \/><\/div>\n<div class=\"RedesSociales\"><a class=\"post-catagory\" href=\"http:\/\/www.pamparunning.com\/single-post.php?id=640#\">DEPORTES<\/a><a><img decoding=\"async\" title=\"Compartir con Facebook\" src=\"http:\/\/www.pamparunning.com\/img\/BTNfacebook.png\" \/><\/a><a href=\"https:\/\/twitter.com\/share?url=http:\/\/www.pamparunning.com\/single-post.php?id=640&amp;text=%C2%BFTe%20le%20anim%C3%A1s?%20Santa%20Rosa%20tendr%C3%A1%20en%20septiembre%20una%20Ultra%20Marat%C3%B3n\" target=\"_blank\" rel=\"noopener\"><img decoding=\"async\" title=\"Compartir con Twitter\" src=\"http:\/\/www.pamparunning.com\/img\/BTNtweet.png\" \/><\/a><a href=\"https:\/\/api.whatsapp.com\/send?text=%C2%BFTe+le+anim%C3%A1s%3F+Santa+Rosa+tendr%C3%A1+en+septiembre+una+Ultra+Marat%C3%B3n%20http:\/\/www.pamparunning.com\/single-post.php?id=640&amp;utm_source=whatsapp\" target=\"_blank\" rel=\"noopener\"><img decoding=\"async\" title=\"Compartir con Whatsapp\" src=\"http:\/\/www.pamparunning.com\/img\/BTNwhatsapp.png\" \/><\/a><\/div>\n<p><b>La competencia estar\u00e1 reservada para categor\u00edas damas y caballeros convencionales, individuales,\u00a0en 24, 12 y 6 horas.<\/b><\/p>\n<p>La VII Ultra Marat\u00f3n \u201cCiudad de Santa Rosa\u201d se realizar\u00e1 el s\u00e1bado 17 y domingo 18 de septiembre. La organizaci\u00f3n est\u00e1 a cargo de la Direcci\u00f3n de Deportes y Recreaci\u00f3n de la Municipalidad de Santa Rosa, y estar\u00e1 fiscalizada por la Federaci\u00f3n Atl\u00e9tica Pampeana (afiliada a la Confederaci\u00f3n Argentina de Atletismo) y la AAU (Asociaci\u00f3n Argentina de Ultra marat\u00f3n).<\/p>\n<p>La competencia estar\u00e1 reservada para categor\u00edas damas y caballeros convencionales, individuales,\u00a0en 24, 12 y 6 horas. Competir\u00e1n atletas a partir de los 18 a\u00f1os y hasta 65 a\u00f1os cumplidos al 31\/12\/2022.<\/p>\n<p>Las categor\u00edas consideradas son: 18\/29; 30\/34; 35\/39; 40\/44; 45\/49; 50\/54; 55\/59 y 60\/65 a\u00f1os tomados al 31\/12\/2022.<\/p>\n<p><strong>Horario de largada<\/strong>:<\/p>\n<p>24 horas a las 12,00 horas del s\u00e1bado 17<\/p>\n<p>12 horas a las 00:,00 horas del domingo 18<\/p>\n<p>06 horas a las 06,00 horas del domingo 18<\/p>\n<p>Importante: la premiaci\u00f3n se realizara el domingo a las 13\u00a0horas.<\/p>\n<p>Seg\u00fan se pudo conocer la inscripci\u00f3n tiene un valor de $ 7.000 para las 24 horas; $5.000\u00a0para las 12 horas; $3.000\u00a0para las 6 horas. Los atletas deben solicitar informaci\u00f3n \u00fanicamente v\u00eda E \u2013 Mail a: deportes@santarosa.gob.ar- y las inscripciones en apt.santarosa.gob.ar (apartado ultramaraton)<\/p>\n<p>Completaran adem\u00e1s la ficha adjunta.<\/p>\n<p>Los kits, se entregaran en la pista de atletismo del Parque Don Tomas, el d\u00eda viernes 16 de 16,00 a 19,00 horas.-<\/p>\n<p>Los 3 (tres) primeros de la clasificaci\u00f3n de cada categor\u00eda de damas y caballeros recibir\u00e1n trofeos.<\/p>\n<p>Se otorgaran premios en \u00f3rdenes de compra, (distribuy\u00e9ndose el 40% de la recaudaci\u00f3n total por inscripciones, de ese importe en las 24horas el 14% al 1\u00ba; el 10% al 2\u00ba y el 7% al 3\u00ba; en las 12 horas el 10% al 1\u00ba y el 6% al 2\u00ba; en las 6 horas 3% al 1\u00b0).-<\/p>\n<p>Los competidores recibir\u00e1n dos (2) n\u00fameros de identificaci\u00f3n, los que deber\u00e1n portar obligatoriamente fijados en el pecho y la espalda, bien visibles sobre su vestimenta.- Los n\u00fameros, son de uso obligatorio, intransferibles y de su correcta colocaci\u00f3n depende la exactitud en el control manual de la distancia recorrida.-<\/p>\n<p>En caso de extrav\u00edo no habr\u00e1 reposici\u00f3n del mismo. Deber\u00e1 permanecer visible en su totalidad (sin alterar ni ocultar el patrocinador), con pena de descalificaci\u00f3n (regla 53 Art. 9 reglamento IAAF).<\/p>\n<p>Del evento y el circuito: Estar\u00e1 fiscalizada por la Federaci\u00f3n Atl\u00e9tica Pampeana y la AAU (Asociaci\u00f3n Argentina de Ultra marat\u00f3n). La clasificaci\u00f3n ser\u00e1 electr\u00f3nica, se desarrollara en el Parque Don Tomas, donde tenemos un circuito de 2K de pavimento liso y llano, medido y certificado por personal del Centro Nacional de Mediciones Atl\u00e9tica sobre Pavimento (AIMS, CADA, IAAF). El transito vehicular estar\u00e1 controlado, Habr\u00e1 ba\u00f1os, hidrataci\u00f3n, guardarropas, puestos de abastecimiento cada 2K y asistencia m\u00e9dica.<\/p>\n<p>Del puesto de avituallamiento y zona de atenci\u00f3n: Sera oficial y exclusivo para la atenci\u00f3n al atleta, se servir\u00e1n: bebidas gaseosas, agua, isot\u00f3nicas y frutas, pastas, caldo,etc, cada distancias tendr\u00e1 su puesto de abastecimiento y zona de descanso, como asi tambien cada corredor podr\u00e1 disponer de su propia carpa en caso de traerla, siempre dentro de la zona delimitada por los organizadores.. A efectos de una correcta organizaci\u00f3n, se deja claro, que en la zona de avituallamiento no podr\u00e1n permanecer otras personas ajenas a las que los organizadores designen, en caso del incumplimiento de cualquiera de las pautas mencionadas expresamente el Director de la Prueba tendr\u00e1 la autoridad para proceder a la exclusi\u00f3n del participante previo apercibimiento de tal actitud.-<\/p>\n<p>En ese sector no podr\u00e1 permanecer p\u00fablico, solamente uno de los dos asistentes designados por el atleta.<\/p>\n<p>Certificado M\u00e9dico: Es OBLIGATORIO presentar el certificado m\u00e9dico el d\u00eda de retiro de kit, el cual no puede tener una antig\u00fcedad mayor a 3 meses al d\u00eda de la competencia, donde se exprese expl\u00edcitamente que est\u00e1 capacitado f\u00edsicamente para realizar dicha competencia (24, 12 y 6 horas). En caso de tener, la necesidad, el atleta de ingerir alg\u00fan tipo de medicamento deber\u00e1 dar aviso a la organizaci\u00f3n y mostrar la correspondiente orden m\u00e9dica.-<\/p>\n<p><strong>De las sanciones y Normas especiales<\/strong>:<\/p>\n<ul>\n<li>Todas las decisiones referidas al desarrollo de la competencia son de incumbencia de los Jueces y el Director de la Competencia.<\/li>\n<li>Los banderilleros de seguridad y personal de apoyo cumplen funciones, definidas por el Director de la Competencia y sus indicaciones DEBEN INDEFECTIBLEMENTE ser cumplidas por los atletas.<\/li>\n<li>Esta absolutamente prohibido reducir el recorrido de la competencia, corriendo por fuera del trazado establecido por los organizadores y\/o salir del circuito en lugares no autorizados.<\/li>\n<li>El atleta que abandonare voluntariamente el circuito, en el transcurso del tiempo de la prueba, ser\u00e1 descalificado, sin derecho a reclamar.<\/li>\n<li>Esta estrictamente prohibido recibir asistencia, bebidas, medicamentos, alimentos o ropa fuera del puesto de abastecimiento fijado por los organizadores, Es este lugar, habr\u00e1 un espacio amplio para que cada corredor pueda ser atendido por su asistente y por su propia cuenta y riesgo.<\/li>\n<li>Esta prohibido ser acompa\u00f1ado durante la carrera por cualquier tipo de veh\u00edculo (moto, bicicleta o auto) o por personas corriendo sin inscripci\u00f3n.<\/li>\n<li>El servicio medico dispuesto por la organizaci\u00f3n podr\u00e1 retirar (transitoria o definitivamente) de la Competencia a cualquier competidor que, a su juicio, no est\u00e9 en condiciones de continuar la carrera por riesgo de salud. Su decisi\u00f3n es inapelable.<\/li>\n<li>Los competidores contaran con seguro para el corredor.-<\/li>\n<li>El circuito estar\u00e1 parcialmente cerrado al transito vehicular, aunque la Polic\u00eda controlara el circuito. Si corre con radio, grabador u otro dispositivo, por favor, este ATENTO a las indicaciones de transito.<\/li>\n<li>\u00a0La prueba de disputara con dependencia de las condiciones clim\u00e1ticas, pudiendo el Director de la misma, suspenderla, postergarla y\/o interrumpirla temporal o definitivamente, si las condiciones reinantes sean tales que se ponga en peligro la integridad f\u00edsica de los atletas o por cualquier otro motivo de fuerza mayor.<\/li>\n<\/ul>\n<p><strong>Clasificaci\u00f3n y resultados<\/strong><\/p>\n<p>La clasificaci\u00f3n de los atletas ser\u00e1 realizada por la Federaci\u00f3n Atl\u00e9tica Pampeana (afiliada a la CADA). Una vez controlada la informaci\u00f3n por los jueces, ser\u00e1 anunciada la clasificaci\u00f3n final.<\/p>\n<p>Simult\u00e1neamente se entregaran las copias de las clasificaciones a los trabajadores de prensa.-<\/p>\n<p><strong>(Info sustraida del Facebook de Ra\u00fal Risso)<\/strong><\/p>\n<p>Pamparunning.com<\/p>\n<\/div>\n<\/div>\n<\/div>\n<\/div>\n<\/div>\n<\/div>\n<\/div>\n<\/div>\n<\/div>\n<\/div>\n<\/div>\n<\/div>\n<\/div>\n<\/div>\n<\/div>\n<\/div>\n","protected":false},"excerpt":{"rendered":"<p>La competencia estar\u00e1 reservada para categor\u00edas damas y caballeros convencionales, individuales,\u00a0en 24, 12 y 6 horas.<\/p>\n","protected":false},"author":3,"featured_media":0,"comment_status":"open","ping_status":"open","sticky":false,"template":"","format":"standard","meta":{"_acf_changed":false,"footnotes":""},"categories":[],"tags":[],"class_list":["post-1142","post","type-post","status-publish","format-standard"],"acf":[],"aioseo_notices":[],"_links":{"self":[{"href":"https:\/\/infosports.com.ar\/web\/wp-json\/wp\/v2\/posts\/1142","targetHints":{"allow":["GET"]}}],"collection":[{"href":"https:\/\/infosports.com.ar\/web\/wp-json\/wp\/v2\/posts"}],"about":[{"href":"https:\/\/infosports.com.ar\/web\/wp-json\/wp\/v2\/types\/post"}],"author":[{"embeddable":true,"href":"https:\/\/infosports.com.ar\/web\/wp-json\/wp\/v2\/users\/3"}],"replies":[{"embeddable":true,"href":"https:\/\/infosports.com.ar\/web\/wp-json\/wp\/v2\/comments?post=1142"}],"version-history":[{"count":1,"href":"https:\/\/infosports.com.ar\/web\/wp-json\/wp\/v2\/posts\/1142\/revisions"}],"predecessor-version":[{"id":1144,"href":"https:\/\/infosports.com.ar\/web\/wp-json\/wp\/v2\/posts\/1142\/revisions\/1144"}],"wp:attachment":[{"href":"https:\/\/infosports.com.ar\/web\/wp-json\/wp\/v2\/media?parent=1142"}],"wp:term":[{"taxonomy":"category","embeddable":true,"href":"https:\/\/infosports.com.ar\/web\/wp-json\/wp\/v2\/categories?post=1142"},{"taxonomy":"post_tag","embeddable":true,"href":"https:\/\/infosports.com.ar\/web\/wp-json\/wp\/v2\/tags?post=1142"}],"curies":[{"name":"wp","href":"https:\/\/api.w.org\/{rel}","templated":true}]}}