{"id":1151,"date":"2022-05-08T20:30:23","date_gmt":"2022-05-08T23:30:23","guid":{"rendered":"https:\/\/infosports.com.ar\/web\/?p=1151"},"modified":"2022-05-08T20:31:22","modified_gmt":"2022-05-08T23:31:22","slug":"rally-regional-debasa-se-quedo-con-todo-en-allen","status":"publish","type":"post","link":"https:\/\/infosports.com.ar\/web\/rally-regional-debasa-se-quedo-con-todo-en-allen\/","title":{"rendered":"Rally Regional-Debasa se qued\u00f3 con todo en Allen"},"content":{"rendered":"<p><strong>Mauro Debasa\u00a0<\/strong>pudo romper con la mala racha en el regional en este 2022 y recuper\u00f3 la memoria a pleno, para quedarse con todo en la tercera fecha del Rally Regional en Allen.(Infosports.com.ar)<!--more--><\/p>\n<p>El piloto Catrielense ven\u00eda de dos fechas complicadas en este 2022, hasta que finalmente este fin de semana todo sali\u00f3 de la mejor manera para quedarse con su categor\u00eda,\u00a0 la N2 aventajando a Giuliano y adem\u00e1s sumar el primer puesto del podio en la General, por lo que se convirti\u00f3 en el piloto m\u00e1s r\u00e1pido a bordo de su Renault\u00a0 Clio, del Debasa Competici\u00f3n.<\/p>\n<p>Por si parte el otro representante Catrielense, <strong>Cristian Giuliano,<\/strong> supo mantener en el campeonato el primer puesto, ya que viene de ganar las dos fechas pasadas y sumar un tercera podio con este \u00faltimo cap\u00edtulo.<\/p>\n<p>-La pr\u00f3xima fecha se iba a disputar en junio en Catriel, pero estar\u00eda descartada y el cuarto cap\u00edtulo podr\u00eda ser en el Alto Valle en una etapa o directamente la versi\u00f3n local de la Vuelta de la Manzana.<\/p>\n","protected":false},"excerpt":{"rendered":"<p>Mauro Debasa\u00a0pudo romper con la mala racha en el regional en este 2022 y recuper\u00f3 la memoria a pleno, para quedarse con todo en la tercera fecha del Rally Regional en Allen.(Infosports.com.ar)<\/p>\n","protected":false},"author":3,"featured_media":0,"comment_status":"open","ping_status":"open","sticky":false,"template":"","format":"standard","meta":{"_acf_changed":false,"footnotes":""},"categories":[],"tags":[],"class_list":["post-1151","post","type-post","status-publish","format-standard"],"acf":[],"aioseo_notices":[],"_links":{"self":[{"href":"https:\/\/infosports.com.ar\/web\/wp-json\/wp\/v2\/posts\/1151","targetHints":{"allow":["GET"]}}],"collection":[{"href":"https:\/\/infosports.com.ar\/web\/wp-json\/wp\/v2\/posts"}],"about":[{"href":"https:\/\/infosports.com.ar\/web\/wp-json\/wp\/v2\/types\/post"}],"author":[{"embeddable":true,"href":"https:\/\/infosports.com.ar\/web\/wp-json\/wp\/v2\/users\/3"}],"replies":[{"embeddable":true,"href":"https:\/\/infosports.com.ar\/web\/wp-json\/wp\/v2\/comments?post=1151"}],"version-history":[{"count":2,"href":"https:\/\/infosports.com.ar\/web\/wp-json\/wp\/v2\/posts\/1151\/revisions"}],"predecessor-version":[{"id":1154,"href":"https:\/\/infosports.com.ar\/web\/wp-json\/wp\/v2\/posts\/1151\/revisions\/1154"}],"wp:attachment":[{"href":"https:\/\/infosports.com.ar\/web\/wp-json\/wp\/v2\/media?parent=1151"}],"wp:term":[{"taxonomy":"category","embeddable":true,"href":"https:\/\/infosports.com.ar\/web\/wp-json\/wp\/v2\/categories?post=1151"},{"taxonomy":"post_tag","embeddable":true,"href":"https:\/\/infosports.com.ar\/web\/wp-json\/wp\/v2\/tags?post=1151"}],"curies":[{"name":"wp","href":"https:\/\/api.w.org\/{rel}","templated":true}]}}