{"id":1155,"date":"2022-05-08T17:24:10","date_gmt":"2022-05-08T20:24:10","guid":{"rendered":"https:\/\/infosports.com.ar\/web\/?p=1155"},"modified":"2022-05-09T09:27:20","modified_gmt":"2022-05-09T12:27:20","slug":"muertes-en-el-futbol-amateur-regional-las-recomendaciones-de-un-cardiologo","status":"publish","type":"post","link":"https:\/\/infosports.com.ar\/web\/muertes-en-el-futbol-amateur-regional-las-recomendaciones-de-un-cardiologo\/","title":{"rendered":"Muertes en el f\u00fatbol amateur regional: las recomendaciones de un cardi\u00f3logo"},"content":{"rendered":"<section class=\"body-content\" data-twitter-link=\"https:\/\/twitter.com\/intent\/tweet?url=https:\/\/www.lmcipolletti.com\/c909631&amp;v\u00eda=lmneuquen&amp;related=LMCipolletti.com&amp;text=\" data-td-script-src=\"https:\/\/www.lmcipolletti.com\/js-custom\/198\/v2\/jquery-3.6.0.min-min-version-1621525305.js,https:\/\/www.lmcipolletti.com\/js-custom\/198\/v2\/functions\/function-embeds-min-version-1621525305.js\">Las dos\u00a0<a class=\"agrupador\" href=\"https:\/\/www.lmcipolletti.com\/muertes-violentas-a22971\" rel=\"12278\">muertes<\/a>\u00a0en siete d\u00edas en el marco de torneos amateurs conmocionaron a la regi\u00f3n y encendieron la alarma. El temor a que vuelvan a repetirse casos similares est\u00e1 y queda claro que se impone revisar algunas cuestiones para prevenir nuevas desgracias en este nuevo y triste escenario.<\/section>\n<p><!--more--><\/p>\n<section class=\"body-content\" data-twitter-link=\"https:\/\/twitter.com\/intent\/tweet?url=https:\/\/www.lmcipolletti.com\/c909631&amp;v\u00eda=lmneuquen&amp;related=LMCipolletti.com&amp;text=\" data-td-script-src=\"https:\/\/www.lmcipolletti.com\/js-custom\/198\/v2\/jquery-3.6.0.min-min-version-1621525305.js,https:\/\/www.lmcipolletti.com\/js-custom\/198\/v2\/functions\/function-embeds-min-version-1621525305.js\">En ese sentido, como la ocurrencia de esos casos o al menos uno de ellos podr\u00edan corresponder a complicaciones cardiovasculares, consultamos a un especialista, un prestigioso cardi\u00f3logo de la regi\u00f3n, a fin de conocer su mirada.<\/p>\n<section class=\"body-content\" data-twitter-link=\"https:\/\/twitter.com\/intent\/tweet?url=https:\/\/www.lmcipolletti.com\/c909631&amp;v\u00eda=lmneuquen&amp;related=LMCipolletti.com&amp;text=\" data-td-script-src=\"https:\/\/www.lmcipolletti.com\/js-custom\/198\/v2\/jquery-3.6.0.min-min-version-1621525305.js,https:\/\/www.lmcipolletti.com\/js-custom\/198\/v2\/functions\/function-embeds-min-version-1621525305.js\">Demetrio Thalasselis, jefe en la Fundaci\u00f3n M\u00e9dica de R\u00edo Negro y Neuqu\u00e9n, nos brinda su valiosa opini\u00f3n y hasta deja interesantes recomendaciones.<\/section>\n<section class=\"body-content\" data-twitter-link=\"https:\/\/twitter.com\/intent\/tweet?url=https:\/\/www.lmcipolletti.com\/c909631&amp;v\u00eda=lmneuquen&amp;related=LMCipolletti.com&amp;text=\" data-td-script-src=\"https:\/\/www.lmcipolletti.com\/js-custom\/198\/v2\/jquery-3.6.0.min-min-version-1621525305.js,https:\/\/www.lmcipolletti.com\/js-custom\/198\/v2\/functions\/function-embeds-min-version-1621525305.js\">\u00bfCu\u00e1nto influye el\u00a0<a class=\"agrupador\" href=\"https:\/\/www.lmneuquen.com\/covid-a15164\" rel=\"15164\">COVID<\/a>\u00a019 en las muertes s\u00fabitas e infartos? \u00bfLas vacunas causan efectos adversos? \u00bfC\u00f3mo evitar este tipo de sucesos? Esas y muchas otras inquietudes despeja el profesional, que elabor\u00f3 un pormenorizado informe en el que primero nos pone en contexto y luego s\u00ed realiza conclusiones y sugerencias. Pase y lea:<strong>Actividad deportiva y coraz\u00f3n en la era del COVID 19.<\/strong><\/p>\n<p>&#8220;La irrupci\u00f3n de la pandemia por Sars Cov 2(coronavirus) provoc\u00f3 necesarios cambios sanitarios, que estuvieron destinados en el inicio a limitar la propagaci\u00f3n y las consecuencias de este virus. Dentro de estas estrategias los confinamientos fueron adoptados por m\u00faltiples naciones, y la asistencia sanitaria se enfoc\u00f3 en limitar los da\u00f1os sobre los pacientes m\u00e1s gravemente comprometidos y posteriormente en generar recursos terap\u00e9uticos preventivos, las vacunas.<\/p>\n<p>En este contexto y ya advertido desde el inicio de la pandemia, los seguimientos de las\u00a0<a class=\"agrupador\" href=\"https:\/\/www.lmneuquen.com\/enfermedades-a13298\" rel=\"13298\">enfermedades<\/a>\u00a0cr\u00f3nica no transmisibles se vieron limitados, y la asistencia de pacientes con afecciones cardiovasculares agudas tambi\u00e9n (dadas las restricciones a la circulaci\u00f3n y tambi\u00e9n limitaciones en los sistemas sanitarios, casi en su totalidad abocados a dar respuestas a la pandemia). As\u00ed lo demuestran estudios nacionales e internacionales que muestran claramente esta reducci\u00f3n en n\u00famero de consultas programadas, de urgencia e internaciones cardiovasculares.<\/p>\n<p>Se interrumpieron actividades laborales con repercusi\u00f3n en la econom\u00eda global, y tambi\u00e9n actividades sociales y recreativas en el individuo, con repercusi\u00f3n en la salud (entendida como bienestar f\u00edsico, emocional y social de un individuo).<\/p>\n<div id=\"835135-Libre-2058618897_wrap\" class=\"embed_cont type_imagen\" contenteditable=\"false\">\n<div id=\"835135-Libre-2058618897_content\" class=\"embed_content\"><img decoding=\"async\" id=\"835135-Libre-2058618897_embed\" src=\"https:\/\/media.lmneuquen.com\/p\/7a717c4bf2073683772b7dc058dd54a8\/adjuntos\/195\/imagenes\/007\/144\/0007144367\/770x0\/smart\/imagepng.png\" alt=\"\" width=\"770\" height=\"\" \/><\/div>\n<\/div>\n<p>La producci\u00f3n de vacunas se hizo realidad en tiempos nunca vistos en la historia, y ayud\u00f3 a limitar el da\u00f1o por el virus (muertes y hospitalizaciones). Estas se encuentran a\u00fan en instancia de farmacovigilancia, esto significa que se eval\u00faan a\u00fan posibles efectos adversos (Aun as\u00ed, se muestran como de alta seguridad en los reportes\/ registros de reacciones secundarias que disponemos hasta la actualidad).<\/p>\n<p>Gran parte de la poblaci\u00f3n curs\u00f3 de forma asintom\u00e1tica o sintom\u00e1tica la enfermedad viral, en formas leves, moderadas o graves, y se lamentaron p\u00e9rdidas de vidas.<\/p>\n<p>En este contexto y en relaci\u00f3n a las actividades deportivas, se configura un nuevo escenario en el cual m\u00faltiples personas permanecieron inactivas y sin controles m\u00e9dicos por tiempo prolongado, cursaron o no, la COVID 19 de diferente forma cl\u00ednica; algunas con repercusiones duraderas en el tiempo. Y que a su vez recibieron diferentes esquemas de vacunaci\u00f3n como dijimos a\u00fan en fase de farmacovigilancia. Todo esto con mayor relevancia en el adulto mayor y antecedentes cardiovasculares.<\/p>\n<p>La evaluaci\u00f3n m\u00e9dica para la pr\u00e1ctica de actividades deportivas se volvi\u00f3 en un desaf\u00edo para la cardiolog\u00eda.<\/p>\n<p>Para los deportistas o no, en sus diferentes formas (recreativo, amateur, competitivo, o profesionales) que SI SUFRIERON la COVID 19, se recomienda en todos los casos una consulta post covid. En esta consulta cardiol\u00f3gica que consta de un interrogatorio, examen f\u00edsico y electrocardiograma, se definir\u00e1 la necesidad de avanzar con estudios complementarios. Y se buscar\u00e1 diagnosticar complicaciones como consecuencia de la enfermedad. Si bien es de baja frecuencia la detecci\u00f3n de afectaci\u00f3n cardiaca inflamatoria en atletas es de 0,4 a 3,8%.<\/p>\n<p>Para aquellos, deportistas o sedentarios, que NO HAN SUFRIDO la enfermedad se recomienda tambi\u00e9n una evaluaci\u00f3n cardiol\u00f3gica previa al inicio de la actividad f\u00edsica en especial en personas mayores de 35 a\u00f1os y con uno o m\u00e1s factores de riesgo cardiovascular.<\/p>\n<p>La consulta post Covid se recomienda luego de 10 d\u00edas posteriores al alta en pacientes que requirieron de internaci\u00f3n.<\/p>\n<p>El retorno a la actividad f\u00edsica ser\u00e1 indicado despu\u00e9s de finalizada la evaluaci\u00f3n, y seg\u00fan los resultados obtenidos, siempre de forma progresiva y con monitoreo de la aparici\u00f3n de s\u00edntomas.<\/p>\n<p>Estas consultas de evaluaci\u00f3n cardiol\u00f3gica post Covid y previas a la actividad deportiva tienen como objetivo central prevenir la muerte s\u00fabita que puede ser ocasionada por enfermedades cardiovasculares asintom\u00e1ticas y subdiagnosticadas. Promover la actividad f\u00edsica, y controlar factores de riesgo (tabaquismo, hipertensi\u00f3n arterial, diabetes, elevaci\u00f3n en colesterol plasm\u00e1tico, obesidad y sedentarismo), evitando a futuro enfermedades del coraz\u00f3n.<\/p>\n<p><strong>En resumen, se recomienda<\/strong><\/p>\n<p>-Una evaluaci\u00f3n post Covid para todos los pacientes que sufrieron la Covid 19.<\/p>\n<p>-Una evaluaci\u00f3n cardiol\u00f3gica para toda persona que inicia o reinicia actividad f\u00edsica y sea mayor de 35 a\u00f1os, haya sufrido o no COVID 19.<\/p>\n<p>-Los adultos mayores deben realzar estos controles.<\/p>\n<p>-Las vacunas son seguras seg\u00fan registros nacionales e internacionales de farmacovigilancia.<\/p>\n<p>-El regreso a la actividad debe ser progresivo, observando y comunicando a los profesionales, la aparici\u00f3n de s\u00edntomas. Estos son falta de aire, dolor opresivo en el precordio o pecho, o percepci\u00f3n de latidos del coraz\u00f3n (palpitaciones).<\/p>\n<p>-Adem\u00e1s de las enfermedades card\u00edacas conocidas como la afectaci\u00f3n de arterias coronarias, enfermedades cardiacas cong\u00e9nitas del adulto, enfermedades de las v\u00e1lvulas card\u00edacas; Covid puede promover procesos inflamatorios con repercusi\u00f3n en el coraz\u00f3n, los que pueden determinar compromiso en su funci\u00f3n, y arritmias; que pueden ser diagnosticadas y tratadas. Esto \u00faltimo afortunadamente ocurre con baja frecuencia, pero debe ser observado.<\/p>\n<p>-Especial cuidado en adultos mayores o con antecedentes de enfermedades card\u00edacas<\/p>\n<p>-Todav\u00eda tenemos mucho que aprender de esta nueva enfermedad.<\/p>\n<p>(LMN)<\/p>\n<\/section>\n<\/section>\n","protected":false},"excerpt":{"rendered":"<p>Las dos\u00a0muertes\u00a0en siete d\u00edas en el marco de torneos amateurs conmocionaron a la regi\u00f3n y encendieron la alarma. El temor a que vuelvan a repetirse casos similares est\u00e1 y queda claro que se impone revisar algunas cuestiones para prevenir nuevas desgracias en este nuevo y triste escenario.<\/p>\n","protected":false},"author":3,"featured_media":0,"comment_status":"open","ping_status":"open","sticky":false,"template":"","format":"standard","meta":{"_acf_changed":false,"footnotes":""},"categories":[],"tags":[],"class_list":["post-1155","post","type-post","status-publish","format-standard"],"acf":[],"aioseo_notices":[],"_links":{"self":[{"href":"https:\/\/infosports.com.ar\/web\/wp-json\/wp\/v2\/posts\/1155","targetHints":{"allow":["GET"]}}],"collection":[{"href":"https:\/\/infosports.com.ar\/web\/wp-json\/wp\/v2\/posts"}],"about":[{"href":"https:\/\/infosports.com.ar\/web\/wp-json\/wp\/v2\/types\/post"}],"author":[{"embeddable":true,"href":"https:\/\/infosports.com.ar\/web\/wp-json\/wp\/v2\/users\/3"}],"replies":[{"embeddable":true,"href":"https:\/\/infosports.com.ar\/web\/wp-json\/wp\/v2\/comments?post=1155"}],"version-history":[{"count":2,"href":"https:\/\/infosports.com.ar\/web\/wp-json\/wp\/v2\/posts\/1155\/revisions"}],"predecessor-version":[{"id":1158,"href":"https:\/\/infosports.com.ar\/web\/wp-json\/wp\/v2\/posts\/1155\/revisions\/1158"}],"wp:attachment":[{"href":"https:\/\/infosports.com.ar\/web\/wp-json\/wp\/v2\/media?parent=1155"}],"wp:term":[{"taxonomy":"category","embeddable":true,"href":"https:\/\/infosports.com.ar\/web\/wp-json\/wp\/v2\/categories?post=1155"},{"taxonomy":"post_tag","embeddable":true,"href":"https:\/\/infosports.com.ar\/web\/wp-json\/wp\/v2\/tags?post=1155"}],"curies":[{"name":"wp","href":"https:\/\/api.w.org\/{rel}","templated":true}]}}