{"id":1162,"date":"2022-05-09T12:07:37","date_gmt":"2022-05-09T15:07:37","guid":{"rendered":"https:\/\/infosports.com.ar\/web\/?p=1162"},"modified":"2022-05-09T13:07:01","modified_gmt":"2022-05-09T16:07:01","slug":"el-paddel-catrielense-se-destaco-en-el-interprovincial-de-tandil","status":"publish","type":"post","link":"https:\/\/infosports.com.ar\/web\/el-paddel-catrielense-se-destaco-en-el-interprovincial-de-tandil\/","title":{"rendered":"El Paddel Catrielense se destac\u00f3 en el Interprovincial de Tandil"},"content":{"rendered":"<p>El pasado fin de semana Catriel dio el presente en una nueva cita de Paddel a nivel formativo en la localidad de Tandil, donde nuestros representantes lograron en distintas categor\u00edas acceder a instancias positivas del Torneo Interprovincial, con podios incluidos.<!--more--><\/p>\n<p>Este torneo disputado del 6 al 8 de mayo inclusive, qued\u00f3 habilitados para distintas categor\u00edas sobre todo juveniles e infantiles, donde los chicos y chicas de la Escuela de Paddel de Lisant fueron sobresalientes en sus actuaciones, obteniendo el t\u00edtulo de campeones en el caso de Martino Debasa y Valeria Valliz, subcampeoanto para Tom\u00e1s Debasa y Sebasti\u00e1n Bogado.<\/p>\n<p>Estos son algunos de los destacados de la armada Catrielense, que complet\u00f3 un total de 22 jugadores, acompa\u00f1ados por entrenadores y familiares<\/p>\n<p><em><strong>Resumen por Categor\u00edas:<\/strong><\/em><\/p>\n<p><em><strong>*D5*<\/strong><\/em><\/p>\n<p><em>campeones<\/em><\/p>\n<p>Martu Debasa\/Vale Valliz<\/p>\n<p>Perdido en semi:<\/p>\n<p>Blas Aguilar\/Ciro Casanoves<\/p>\n<p><a href=\"https:\/\/infosports.com.ar\/web\/wp-content\/uploads\/2022\/05\/IMG-20220509-WA0046.jpg\"><img loading=\"lazy\" decoding=\"async\" class=\"alignnone size-large wp-image-1165\" src=\"https:\/\/infosports.com.ar\/web\/wp-content\/uploads\/2022\/05\/IMG-20220509-WA0046-1024x768.jpg\" alt=\"\" width=\"696\" height=\"522\" \/><\/a><\/p>\n<p><em><strong>Sub campeones\u00a0<\/strong><\/em><\/p>\n<p>Mart\u00edn Debasa\/Thiago Rodr\u00edguez<\/p>\n<p>&nbsp;<\/p>\n<p><em><strong>D1*<\/strong><\/em><\/p>\n<p>Tomas Debasa\/Sebasti\u00e1n Bogado<\/p>\n<p>Sub campeones.<\/p>\n<p>&nbsp;<\/p>\n<p><em><strong>*6ta caballeros*<\/strong><\/em><\/p>\n<p>Mart\u00edn Ancaten\/Francesco Bresciano perdido en semi.<\/p>\n<p>&nbsp;<\/p>\n<p><em><strong>*8va damas*<\/strong><\/em><\/p>\n<p>Milenna Debasa\/Ana Paula Arimany perdido en semi.<\/p>\n<p><a href=\"https:\/\/infosports.com.ar\/web\/wp-content\/uploads\/2022\/05\/IMG-20220509-WA0043-2.jpg\"><img loading=\"lazy\" decoding=\"async\" class=\"alignnone size-large wp-image-1164\" src=\"https:\/\/infosports.com.ar\/web\/wp-content\/uploads\/2022\/05\/IMG-20220509-WA0043-2-1024x768.jpg\" alt=\"\" width=\"696\" height=\"522\" \/><\/a><\/p>\n<p>&nbsp;<\/p>\n<p><em><strong>*7ma caballeros*<\/strong><\/em><\/p>\n<p>Agustin Valedebenito\/Braian Mercado perdido en Zona.<\/p>\n<p>Nacho Barletta\/\u00a0 \u00a0 \u00a0 \u00a0 Sub campeones<\/p>\n<p>&nbsp;<\/p>\n<p><em><strong>D2<\/strong><\/em><\/p>\n<p>Santiago Ram\u00edrez \/Francisco Barletta perdido en semi<\/p>\n<p><em><strong>Vale todo<\/strong><\/em><\/p>\n<p>Palo\/.\u00a0 \u00a0 \u00a0 Perdido en semi<\/p>\n<p>Halim Jat\u00fan\/Ramiro Alarc\u00f3n <strong>Sub campeones<\/strong><\/p>\n<p>&nbsp;<\/p>\n<p>Paloma \/ pareja TANDILENSE<\/p>\n<p>Llegaron a 4tos de final<\/p>\n<p>&nbsp;<\/p>\n","protected":false},"excerpt":{"rendered":"<p>El pasado fin de semana Catriel dio el presente en una nueva cita de Paddel a nivel formativo en la localidad de Tandil, donde nuestros representantes lograron en distintas categor\u00edas acceder a instancias positivas del Torneo Interprovincial, con podios incluidos.<\/p>\n","protected":false},"author":3,"featured_media":0,"comment_status":"open","ping_status":"open","sticky":false,"template":"","format":"standard","meta":{"_acf_changed":false,"footnotes":""},"categories":[],"tags":[],"class_list":["post-1162","post","type-post","status-publish","format-standard"],"acf":[],"aioseo_notices":[],"_links":{"self":[{"href":"https:\/\/infosports.com.ar\/web\/wp-json\/wp\/v2\/posts\/1162","targetHints":{"allow":["GET"]}}],"collection":[{"href":"https:\/\/infosports.com.ar\/web\/wp-json\/wp\/v2\/posts"}],"about":[{"href":"https:\/\/infosports.com.ar\/web\/wp-json\/wp\/v2\/types\/post"}],"author":[{"embeddable":true,"href":"https:\/\/infosports.com.ar\/web\/wp-json\/wp\/v2\/users\/3"}],"replies":[{"embeddable":true,"href":"https:\/\/infosports.com.ar\/web\/wp-json\/wp\/v2\/comments?post=1162"}],"version-history":[{"count":4,"href":"https:\/\/infosports.com.ar\/web\/wp-json\/wp\/v2\/posts\/1162\/revisions"}],"predecessor-version":[{"id":1170,"href":"https:\/\/infosports.com.ar\/web\/wp-json\/wp\/v2\/posts\/1162\/revisions\/1170"}],"wp:attachment":[{"href":"https:\/\/infosports.com.ar\/web\/wp-json\/wp\/v2\/media?parent=1162"}],"wp:term":[{"taxonomy":"category","embeddable":true,"href":"https:\/\/infosports.com.ar\/web\/wp-json\/wp\/v2\/categories?post=1162"},{"taxonomy":"post_tag","embeddable":true,"href":"https:\/\/infosports.com.ar\/web\/wp-json\/wp\/v2\/tags?post=1162"}],"curies":[{"name":"wp","href":"https:\/\/api.w.org\/{rel}","templated":true}]}}