{"id":1173,"date":"2022-05-10T12:49:00","date_gmt":"2022-05-10T15:49:00","guid":{"rendered":"https:\/\/infosports.com.ar\/web\/?p=1173"},"modified":"2022-05-10T12:56:45","modified_gmt":"2022-05-10T15:56:45","slug":"entre-paisajes-imponentes-lanin-extremo-confirma-fecha-te-regalamos-inscripciones","status":"publish","type":"post","link":"https:\/\/infosports.com.ar\/web\/entre-paisajes-imponentes-lanin-extremo-confirma-fecha-te-regalamos-inscripciones\/","title":{"rendered":"Entre paisajes imponentes Lan\u00edn Extremo confirma fecha (te regalamos inscripciones)"},"content":{"rendered":"<p>Senderos de monta\u00f1a, bosques milenarios, el bello lago Huechulafquen, entre r\u00edos con aguas de deshielo y el siempre imponente Volc\u00e1n Lan\u00edn. La Tercera edici\u00f3n del Lan\u00edn Extremo Desaf\u00edo &#8220;Ansilta&#8221;, confirm\u00f3 fecha en el calendario 2023 y en infosports.com.ar\/webweb\/ te regalamos inscripciones.<!--more--><\/p>\n<p>Una de las carreras m\u00e1s destacadas en Trail de Monta\u00f1a, vuelve a imponerse en el calendario 2023 de verano, destac\u00e1ndose no solo por sus recorridos t\u00e9cnicos, sino tambi\u00e9n por una organizaci\u00f3n a la altura y una inscripci\u00f3n bastante accesible dada su calidad<\/p>\n<p><a href=\"https:\/\/infosports.com.ar\/web\/wp-content\/uploads\/2022\/05\/274173125_976614992981902_2205592956498310996_n.jpg\"><img loading=\"lazy\" decoding=\"async\" class=\"alignnone wp-image-1174\" src=\"https:\/\/infosports.com.ar\/web\/wp-content\/uploads\/2022\/05\/274173125_976614992981902_2205592956498310996_n-1024x683.jpg\" alt=\"\" width=\"483\" height=\"322\" \/><\/a><\/p>\n<p>LAN\u00cdN Extremo es una carrera por sendas de Monta\u00f1a\u00a0 que cuenta con tres distancias para todos los perfiles de atletas, de los debutantes en el Trail Run a corredores de experiencia y trayectoria. Se puede optar por las distancias de 5k, 13k y 28k.<\/p>\n<p>No cabe duda que Jun\u00edn de los Andes posee uno de los paisajes m\u00e1s imponentes del mundo y de la Patagonia Argentina y tener la chance re recorrerlos haciendo lo que gusta no tiene precio<\/p>\n<p>Te invitamos a ser protagonista de esta desafiante aventura en un marc\u00f3 de Naturaleza \u00fanico, c\u00f3mo escenario y epicentro el Lago Huechulafquen, con la gran particularidad de correr al pie del Majestuoso volc\u00e1n Lan\u00edn.<\/p>\n<p>&nbsp;<\/p>\n<p><em><strong>LA CARRERA<\/strong><\/em><\/p>\n<p><em><strong>Lugar: Jun\u00edn de los Andes, Huechulafquen. Patagonia Argentina.<\/strong><\/em><\/p>\n<p><em><strong>Fecha: 11 de Febrero<\/strong><\/em><\/p>\n<p><em><strong>Distancias: 5K, 13K y 28K<\/strong><\/em><\/p>\n<p><em><strong>Horario de largada:\u00a0 A confirmar<\/strong><\/em><\/p>\n<p><a href=\"https:\/\/infosports.com.ar\/web\/wp-content\/uploads\/2022\/05\/274173125_976614992981902_2205592956498310996_n.jpg\"><img loading=\"lazy\" decoding=\"async\" class=\"alignnone size-large wp-image-1174\" src=\"https:\/\/infosports.com.ar\/web\/wp-content\/uploads\/2022\/05\/274173125_976614992981902_2205592956498310996_n-1024x683.jpg\" alt=\"\" width=\"696\" height=\"464\" \/><\/a><\/p>\n","protected":false},"excerpt":{"rendered":"<p>Senderos de monta\u00f1a, bosques milenarios, el bello lago Huechulafquen, entre r\u00edos con aguas de deshielo y el siempre imponente Volc\u00e1n Lan\u00edn. La Tercera edici\u00f3n del Lan\u00edn Extremo Desaf\u00edo &#8220;Ansilta&#8221;, confirm\u00f3 fecha en el calendario 2023 y en infosports.com.ar\/webweb\/ te regalamos inscripciones.<\/p>\n","protected":false},"author":3,"featured_media":0,"comment_status":"open","ping_status":"open","sticky":false,"template":"","format":"standard","meta":{"_acf_changed":false,"footnotes":""},"categories":[],"tags":[],"class_list":["post-1173","post","type-post","status-publish","format-standard"],"acf":[],"aioseo_notices":[],"_links":{"self":[{"href":"https:\/\/infosports.com.ar\/web\/wp-json\/wp\/v2\/posts\/1173","targetHints":{"allow":["GET"]}}],"collection":[{"href":"https:\/\/infosports.com.ar\/web\/wp-json\/wp\/v2\/posts"}],"about":[{"href":"https:\/\/infosports.com.ar\/web\/wp-json\/wp\/v2\/types\/post"}],"author":[{"embeddable":true,"href":"https:\/\/infosports.com.ar\/web\/wp-json\/wp\/v2\/users\/3"}],"replies":[{"embeddable":true,"href":"https:\/\/infosports.com.ar\/web\/wp-json\/wp\/v2\/comments?post=1173"}],"version-history":[{"count":2,"href":"https:\/\/infosports.com.ar\/web\/wp-json\/wp\/v2\/posts\/1173\/revisions"}],"predecessor-version":[{"id":1178,"href":"https:\/\/infosports.com.ar\/web\/wp-json\/wp\/v2\/posts\/1173\/revisions\/1178"}],"wp:attachment":[{"href":"https:\/\/infosports.com.ar\/web\/wp-json\/wp\/v2\/media?parent=1173"}],"wp:term":[{"taxonomy":"category","embeddable":true,"href":"https:\/\/infosports.com.ar\/web\/wp-json\/wp\/v2\/categories?post=1173"},{"taxonomy":"post_tag","embeddable":true,"href":"https:\/\/infosports.com.ar\/web\/wp-json\/wp\/v2\/tags?post=1173"}],"curies":[{"name":"wp","href":"https:\/\/api.w.org\/{rel}","templated":true}]}}