{"id":1179,"date":"2022-05-11T09:41:46","date_gmt":"2022-05-11T12:41:46","guid":{"rendered":"https:\/\/infosports.com.ar\/web\/?p=1179"},"modified":"2022-05-11T09:41:46","modified_gmt":"2022-05-11T12:41:46","slug":"tenis-de-mesa-manu-pereyra-lista-para-afrontar-el-sudamericano-u19","status":"publish","type":"post","link":"https:\/\/infosports.com.ar\/web\/tenis-de-mesa-manu-pereyra-lista-para-afrontar-el-sudamericano-u19\/","title":{"rendered":"Tenis de Mesa-Manu Pereyra lista para afrontar el Sudamericano U19"},"content":{"rendered":"<p>La joven talentosa Catrilense Manu Pereyra, ya se encuentra en el Centro de Alto Rendimiento la Videna de Lima Per\u00fa, lista para afrontar el Sudamericano U19 de Tenis de Mesa.<!--more--><\/p>\n<p>Manu viene de participar junto con la Selecci\u00f3n Argentina de los Juegos Odesur- Rosario Santa Fe 2022, donde cay\u00f3 en individual en 32avos y en\u00a0 \u00a0equipo lograron un m\u00e9ritoso 5to puesto al caer en 4tos de Final por 2 a 3 frente al equipo de Colombia.<\/p>\n<p>En esta oportunidad en individual femenino ser\u00e1 cabeza de serie del grupo N \u00b0 8, donde disputar\u00e1 su compromiso el d\u00eda 14 de mayo, a partir de las 15 30 hs frente a Fernanda Araneda de Chile<\/p>\n<p>Su segundo encuentro lo realizar\u00e1 el 10 de mayo, desde las 17 00 hs, frente a Juliana Lozada de Colombia. En la categor\u00eda Dobles, formar\u00e1 dupla junto a Camila P\u00e9rez de Mar del Plata, el encuentro est\u00e1 programado para el d\u00eda 14 de mayo a las 15 30 hs , donde se enfrentar\u00e1n a la dupla Chilena Fernanda Araneda &#8211; Sof\u00eda Vega.<\/p>\n<p>Una vez finalizado su participaci\u00f3n en el sudamericano, Manu se trasladar\u00e1 a Miraflores Per\u00fa, para disputar una nueva\u00a0 \u00a0fecha del Circuito Mundial.<\/p>\n","protected":false},"excerpt":{"rendered":"<p>La joven talentosa Catrilense Manu Pereyra, ya se encuentra en el Centro de Alto Rendimiento la Videna de Lima Per\u00fa, lista para afrontar el Sudamericano U19 de Tenis de Mesa.<\/p>\n","protected":false},"author":3,"featured_media":0,"comment_status":"open","ping_status":"open","sticky":false,"template":"","format":"standard","meta":{"_acf_changed":false,"footnotes":""},"categories":[],"tags":[],"class_list":["post-1179","post","type-post","status-publish","format-standard"],"acf":[],"aioseo_notices":[],"_links":{"self":[{"href":"https:\/\/infosports.com.ar\/web\/wp-json\/wp\/v2\/posts\/1179","targetHints":{"allow":["GET"]}}],"collection":[{"href":"https:\/\/infosports.com.ar\/web\/wp-json\/wp\/v2\/posts"}],"about":[{"href":"https:\/\/infosports.com.ar\/web\/wp-json\/wp\/v2\/types\/post"}],"author":[{"embeddable":true,"href":"https:\/\/infosports.com.ar\/web\/wp-json\/wp\/v2\/users\/3"}],"replies":[{"embeddable":true,"href":"https:\/\/infosports.com.ar\/web\/wp-json\/wp\/v2\/comments?post=1179"}],"version-history":[{"count":1,"href":"https:\/\/infosports.com.ar\/web\/wp-json\/wp\/v2\/posts\/1179\/revisions"}],"predecessor-version":[{"id":1181,"href":"https:\/\/infosports.com.ar\/web\/wp-json\/wp\/v2\/posts\/1179\/revisions\/1181"}],"wp:attachment":[{"href":"https:\/\/infosports.com.ar\/web\/wp-json\/wp\/v2\/media?parent=1179"}],"wp:term":[{"taxonomy":"category","embeddable":true,"href":"https:\/\/infosports.com.ar\/web\/wp-json\/wp\/v2\/categories?post=1179"},{"taxonomy":"post_tag","embeddable":true,"href":"https:\/\/infosports.com.ar\/web\/wp-json\/wp\/v2\/tags?post=1179"}],"curies":[{"name":"wp","href":"https:\/\/api.w.org\/{rel}","templated":true}]}}