{"id":1185,"date":"2022-05-11T12:44:03","date_gmt":"2022-05-11T15:44:03","guid":{"rendered":"https:\/\/infosports.com.ar\/web\/?p=1185"},"modified":"2022-05-11T12:44:03","modified_gmt":"2022-05-11T15:44:03","slug":"turmalina-ultra-trial-propietarios-de-terrenos-obligan-a-cambiar-el-circuito-y-cancelar-distancias","status":"publish","type":"post","link":"https:\/\/infosports.com.ar\/web\/turmalina-ultra-trial-propietarios-de-terrenos-obligan-a-cambiar-el-circuito-y-cancelar-distancias\/","title":{"rendered":"Turmalina Ultra Trial-Propietarios de terrenos obligan a cambiar el circuito y cancelar distancias"},"content":{"rendered":"<p>La quinta edici\u00f3n del Ultra Trail Turmalina sufri\u00f3 un duro golpe: propietarios privados restringieron el paso por varios senderos, obligando a cancelar el Kil\u00f3metro Vertical y la prueba de m\u00e1xima distancia, que era de 100 kil\u00f3metros, como tambi\u00e9n a reformular varios circuitos del resto de las competencias.<!--more--><\/p>\n<p>Esta situaci\u00f3n caus\u00f3 un gran revuelo en las redes sociales, con diferentes competidores, tanto amateurs como de elite, que manifestaron su enojo y disconformismo por la situaci\u00f3n.<\/p>\n<p>Vale destacar que Turmalina es una carrera de\u00a0<a href=\"https:\/\/masaireweb.com\/los-ejercicios-excentricos-son-ideales-los-trail-runners\/\">trail\u00a0<\/a>que se suele organizar en Capilla del Monte, C\u00f3rdoba, y que tiene al Cerro Uritorco como escenario principal.<\/p>\n<p>La carrera, este a\u00f1o, se har\u00e1 entre el 3 y 5 de junio, con las distancias de 58, 35, 21, 12 y 5 kil\u00f3metros.<\/p>\n<p>Adem\u00e1s, tambi\u00e9n se destaca por la organizaci\u00f3n del Kil\u00f3metro Vertical y la Carrera Alien\u00edgena, que est\u00e1 destinada a los m\u00e1s peque\u00f1os, que junto a sus padres recorren las principales calles de la ciudad, brindando un colorido y divertido show.<\/p>\n<p>De hecho, lo m\u00e1s ins\u00f3lito es que el KM Vertical fue uno de los eventos que m\u00e1s impulsaron desde la organizaci\u00f3n, promoviendo el sitio y trayendo grandes beneficios tur\u00edsticos, como el llevar a que los visitantes estuvieran en el lugar m\u00e1s d\u00edas, o que se generaran mayores ingresos en los comercios locales.<\/p>\n<p>Incluso, se realizaron placas con los nombres de los ganadores de cada edici\u00f3n, para darle a\u00fan m\u00e1s trascendencia.<\/p>\n<p>Desde la organizaci\u00f3n se emiti\u00f3 un comunicado al respecto, brindando detalles del panorama y las determinaciones adoptadas.<\/p>\n<h2>El comunicado de Turmalina<\/h2>\n<p>Las maravillas naturales de Capilla del Monte son privadas.<\/p>\n<p>Corr\u00eda el a\u00f1o 2016, cuando fuimos contactados por integrantes del municipio y propietarios de los cerros, para desarrollar a largo plazo un nuevo evento de trail en Capilla del Monte. Comenzamos a trabajarlo y, en julio de 2017 concretamos la 1\u00aa edici\u00f3n de TURMALINA ULTRA RUN, que cont\u00f3 con 450 participantes. A partir de esa edici\u00f3n, no par\u00f3 de crecer, y se posicion\u00f3 como una carrera cl\u00e1sica del calendario argentino, y el pueblo lleg\u00f3 a \u201cadoptarla\u201d como un evento fijo en el programa anual de eventos.<\/p>\n<p>Luego de 6 a\u00f1os de trabajar arduamente, construyendo desde las bases para desarrollar y sostener en el tiempo nuestro evento, debemos anunciar que \u00e9sta, la 5\u00aa edici\u00f3n de TURMALINA ULTRA RUN, es la \u00faltima edici\u00f3n que se hace en Capilla del Monte. Si bien siempre las condiciones para trabajar aqu\u00ed fueron dif\u00edciles, esta vez los impedimentos se tornaron insalvables.<\/p>\n<p>Las condiciones acordadas cambiaron repentinamente, y hoy no podemos transitar los senderos de los cerros Uritorco, Las Gemelas y Pav\u00f3n. Resulta incomprensible que, habiendo sido invitados a desarrollar un evento en este lugar, hoy tengamos que anunciar que nuestra carrera no transitar\u00e1 por estas hermosas monta\u00f1as.<\/p>\n<p>Siempre contamos con el apoyo del intendente Fabricio D\u00edaz y del Municipio, y han hecho lo que estaba a su alcance para que contin\u00fae, pero lamentablemente Turmalina Ultra Run se despide este a\u00f1o de Capilla del Monte.<\/p>\n<p>En este contexto, sin acceso a las monta\u00f1as de Capilla del Monte, nos encontramos limitados y debemos tomar decisiones dif\u00edciles a nivel desarrollo del evento. As\u00ed es que nos vemos en la obligaci\u00f3n de:<\/p>\n<p>\u2013 Cancelar Km Vertical \u2013 El 100% de la inscripci\u00f3n ser\u00e1 reembolsada a los inscriptos.<br \/>\n\u2013 Cancelar los 100km \u2013 El 100% de la inscripci\u00f3n ser\u00e1 reembolsada a los inscriptos.<br \/>\n\u2013 Modificar todos los restantes recorridos adapt\u00e1ndolos a los senderos y caminos disponibles.<\/p>\n<p>En breve estaremos publicando las nuevas altimetr\u00edas e informaci\u00f3n de puestos de abastecimiento, en nuestras redes sociales y p\u00e1gina web\u00a0<a href=\"http:\/\/www.turmalinaut.com\/\" target=\"_blank\" rel=\"noopener\">www.turmalinaut.com\u00a0<\/a><\/p>\n<p>(Mas Aire)<\/p>\n<p>&nbsp;<\/p>\n<p>&nbsp;<\/p>\n","protected":false},"excerpt":{"rendered":"<p>La quinta edici\u00f3n del Ultra Trail Turmalina sufri\u00f3 un duro golpe: propietarios privados restringieron el paso por varios senderos, obligando a cancelar el Kil\u00f3metro Vertical y la prueba de m\u00e1xima distancia, que era de 100 kil\u00f3metros, como tambi\u00e9n a reformular varios circuitos del resto de las competencias.<\/p>\n","protected":false},"author":3,"featured_media":0,"comment_status":"open","ping_status":"open","sticky":false,"template":"","format":"standard","meta":{"_acf_changed":false,"footnotes":""},"categories":[],"tags":[],"class_list":["post-1185","post","type-post","status-publish","format-standard"],"acf":[],"aioseo_notices":[],"_links":{"self":[{"href":"https:\/\/infosports.com.ar\/web\/wp-json\/wp\/v2\/posts\/1185","targetHints":{"allow":["GET"]}}],"collection":[{"href":"https:\/\/infosports.com.ar\/web\/wp-json\/wp\/v2\/posts"}],"about":[{"href":"https:\/\/infosports.com.ar\/web\/wp-json\/wp\/v2\/types\/post"}],"author":[{"embeddable":true,"href":"https:\/\/infosports.com.ar\/web\/wp-json\/wp\/v2\/users\/3"}],"replies":[{"embeddable":true,"href":"https:\/\/infosports.com.ar\/web\/wp-json\/wp\/v2\/comments?post=1185"}],"version-history":[{"count":1,"href":"https:\/\/infosports.com.ar\/web\/wp-json\/wp\/v2\/posts\/1185\/revisions"}],"predecessor-version":[{"id":1187,"href":"https:\/\/infosports.com.ar\/web\/wp-json\/wp\/v2\/posts\/1185\/revisions\/1187"}],"wp:attachment":[{"href":"https:\/\/infosports.com.ar\/web\/wp-json\/wp\/v2\/media?parent=1185"}],"wp:term":[{"taxonomy":"category","embeddable":true,"href":"https:\/\/infosports.com.ar\/web\/wp-json\/wp\/v2\/categories?post=1185"},{"taxonomy":"post_tag","embeddable":true,"href":"https:\/\/infosports.com.ar\/web\/wp-json\/wp\/v2\/tags?post=1185"}],"curies":[{"name":"wp","href":"https:\/\/api.w.org\/{rel}","templated":true}]}}