{"id":1188,"date":"2022-05-12T10:04:18","date_gmt":"2022-05-12T13:04:18","guid":{"rendered":"https:\/\/infosports.com.ar\/web\/?p=1188"},"modified":"2022-05-12T10:04:18","modified_gmt":"2022-05-12T13:04:18","slug":"otra-fecha-exitosa-del-campeonato-pedestre-25-se-mueve-clasificacion","status":"publish","type":"post","link":"https:\/\/infosports.com.ar\/web\/otra-fecha-exitosa-del-campeonato-pedestre-25-se-mueve-clasificacion\/","title":{"rendered":"Otra fecha exitosa del Campeonato Pedestre \u00ab25 se Mueve\u00bb (Clasificaci\u00f3n)"},"content":{"rendered":"<p>Se realiz\u00f3 la 3\u00b0 fecha del Campeonato Pedestre 25 se Mueve, en la localidad de 25 de Mayo. De forma exitosa la Direcci\u00f3n de Deportes del Municipio local puso en acci\u00f3n un nuevo cap\u00edtulo del exitoso campeonato, que en esta ocasi\u00f3n se realiz\u00f3 en inmediaciones de la denominada curva de 90\u00b0.(www.infosports.com.ar\/webweb\/)<!--more--><span id=\"more-28857\"><\/span><\/p>\n<p>Una importante cantidad de corredores se dieron cita el pasado d\u00eda domingo, en una jornada que acompa\u00f1\u00f3 desde lo clim\u00e1tico y con una organizaci\u00f3n de primer nivel, para que los corredores puedan sortear los 7 y 15kmts que dispone la organizaci\u00f3n, en esta ocasi\u00f3n con poco desnivel acumulado, y dado los tiempos de carrera pudo dar cuenta de una recorrido r\u00e1pido.<\/p>\n<p>&nbsp;<\/p>\n<p><em><strong>Clasificaci\u00f3n:<\/strong><\/em><\/p>\n<p>3\u00ba fecha del Torneo Pedestre \u201c25 se Mueve\u201d.<\/p>\n<p>&nbsp;<\/p>\n<p><strong>MASCULINO 7K<\/strong><\/p>\n<p>&nbsp;<\/p>\n<p><em><strong>CATEGOR\u00cdA HASTA 19 A\u00d1OS<\/strong><\/em><\/p>\n<p>1\u00aa) Kevin Raill\u00e1n<\/p>\n<p>2\u00aa) Alexis Vega<\/p>\n<p>3\u00aa) Marcos Orellano<\/p>\n<p>&nbsp;<\/p>\n<p><em><strong>CATEGOR\u00cdA DE 20 A 24 A\u00d1OS<\/strong><\/em><\/p>\n<p>1\u00aa) Sergio Sarasua<\/p>\n<p>2\u00aa) Lucas Lagos<\/p>\n<p>3\u00aa) Owen Lucero<\/p>\n<p>&nbsp;<\/p>\n<p><em><strong>CATEGOR\u00cdA DE 25 A 29 A\u00d1OS<\/strong><\/em><\/p>\n<p>1\u00aa) Eneas Chinchilla<\/p>\n<p>2\u00aa) Leonardo Vinez<\/p>\n<p>&nbsp;<\/p>\n<p><em><strong>CATEGOR\u00cdA 30 A 34 A\u00d1OS<\/strong><\/em><\/p>\n<p>1\u00aa) Marcos Contte<\/p>\n<p>2\u00aa) Leandro Antoniuk<\/p>\n<p>&nbsp;<\/p>\n<p><em><strong>CATEGOR\u00cdA DE 35 A 39 A\u00d1OS<\/strong><\/em><\/p>\n<p>1\u00aa) Luis Segura<\/p>\n<p>2\u00aa) Horacio Pelozo<\/p>\n<p>3\u00aa) Juan Coronel<\/p>\n<p>4\u00aa) Dami\u00e1n Medel<\/p>\n<p>&nbsp;<\/p>\n<p><em><strong>CATEGOR\u00cdA 40 A 44 A\u00d1OS<\/strong><\/em><\/p>\n<p>1\u00aa) David Schneider<\/p>\n<p>2\u00aa) Iv\u00e1n Gauna<\/p>\n<p>3\u00aa) Miguel Coronel<\/p>\n<p>&nbsp;<\/p>\n<p><em><strong>CATEGOR\u00cdA 45 A 49 A\u00d1OS<\/strong><\/em><\/p>\n<p>1\u00aa) Miguel Saso<\/p>\n<p>2\u00aa) Juan Raill\u00e1n<\/p>\n<p>3\u00aa) Claudio Fuentes<\/p>\n<p>&nbsp;<\/p>\n<p><em><strong>CATEGOR\u00cdA 50 A 54 A\u00d1OS<\/strong><\/em><\/p>\n<p>1\u00aa) Juan Carlos Bast\u00edas<\/p>\n<p>2\u00aa) Enrique Orellano<\/p>\n<p>&nbsp;<\/p>\n<p><em><strong>CATEGOR\u00cdA DE 55 A 59 A\u00d1OS<\/strong><\/em><\/p>\n<p>1\u00aa) Ra\u00fal Riveros<\/p>\n<p>2\u00aa) Elio Campillay<\/p>\n<p>&nbsp;<\/p>\n<p><em><strong>CATEGOR\u00cdA 60 A\u00d1OS Y M\u00c1S<\/strong><\/em><\/p>\n<p>1\u00aa) Nelson Qui\u00f1ones<\/p>\n<p>2\u00aa) Jorge Trecanao<\/p>\n<p>3\u00aa) Jos\u00e9 Su\u00e1rez<\/p>\n<p>&nbsp;<\/p>\n<p><strong><em>MASCULINO 15K<\/em><\/strong><\/p>\n<p><em><strong>CATEGOR\u00cdA HASTA 19 A\u00d1OS<\/strong><\/em><\/p>\n<p>1\u00aa) Bruno Busto<\/p>\n<p>&nbsp;<\/p>\n<p><em><strong>CATEGOR\u00cdA DE 20 A 24 A\u00d1OS<\/strong><\/em><\/p>\n<p>1\u00aa) Guillermo Zozaya<\/p>\n<p>&nbsp;<\/p>\n<p><em><strong>CATEGOR\u00cdA 25 A 29 A\u00d1OS<\/strong><\/em><\/p>\n<p>1\u00aa) Mart\u00edn Cabral<\/p>\n<p>2\u00aa) Marcos Ar\u00e9valo<\/p>\n<p>3\u00aa) Franco Riveira<\/p>\n<p>&nbsp;<\/p>\n<p><em><strong>CATEGOR\u00cdA 30 A 34 A\u00d1OS<\/strong><\/em><\/p>\n<p>1\u00aa) Lucas Campos<\/p>\n<p>2\u00aa) Leonel Monsalve<\/p>\n<p>3\u00aa) Marcelo Silva<\/p>\n<p>&nbsp;<\/p>\n<p><em><strong>CATEGOR\u00cdA 35 A 39 A\u00d1OS<\/strong><\/em><\/p>\n<p>1\u00aa) Wilson Fuentes<\/p>\n<p>2\u00aa) \u00c1ngel Montesino<\/p>\n<p>3\u00aa) Marcos Guzzetta<\/p>\n<p>4\u00aa) Jorge Miranda<\/p>\n<p>5\u00aa) Alejandro Figueroa<\/p>\n<p>&nbsp;<\/p>\n<p><em><strong>CATEGOR\u00cdA DE 40 A 44 A\u00d1OS<\/strong><\/em><\/p>\n<p>1\u00aa) Mario Busto<\/p>\n<p>&nbsp;<\/p>\n<p><em><strong>CATEGOR\u00cdA DE 45 A 49 A\u00d1OS<\/strong><\/em><\/p>\n<p>1\u00aa) Juan Guti\u00e9rrez<\/p>\n<p>2\u00aa) Alejandro Munives<\/p>\n<p>3\u00aa) Mauricio Baz\u00e1n<\/p>\n<p>4\u00aa) \u00c1ngel Villa<\/p>\n<p>&nbsp;<\/p>\n<p><em><strong>CATEGOR\u00cdA 50 A 54 A\u00d1OS<\/strong><\/em><\/p>\n<p>1\u00aa) David Mato<\/p>\n<p>&nbsp;<\/p>\n<p>CATEGOR\u00cdA 55 A 59 A\u00d1OS<\/p>\n<p>1\u00aa) Rub\u00e9n Villar<\/p>\n<p>2\u00aa) Fabi\u00e1n Valdebenito<\/p>\n<p>3\u00aa) Jos\u00e9 Maya<\/p>\n<p>&nbsp;<\/p>\n<p><em><strong>CATEGOR\u00cdA 60 A\u00d1OS Y M\u00c1S<\/strong><\/em><\/p>\n<p>1\u00aa) Domingo Gonz\u00e1lez<\/p>\n<p>2\u00aa) Guillermo Scardilla<\/p>\n<p>3\u00aa) Orlando Mardones<\/p>\n<p>&nbsp;<\/p>\n<p><em><strong>CATEGOR\u00cdA ESPECIAL 55 A 59 A\u00d1OS<\/strong><\/em><\/p>\n<p>1\u00aa) Miguel Manriquez<\/p>\n","protected":false},"excerpt":{"rendered":"<p>Se realiz\u00f3 la 3\u00b0 fecha del Campeonato Pedestre 25 se Mueve, en la localidad de 25 de Mayo. De forma exitosa la Direcci\u00f3n de Deportes del Municipio local puso en acci\u00f3n un nuevo cap\u00edtulo del exitoso campeonato, que en esta ocasi\u00f3n se realiz\u00f3 en inmediaciones de la denominada curva de 90\u00b0.(www.infosports.com.ar\/webweb\/)<\/p>\n","protected":false},"author":3,"featured_media":0,"comment_status":"open","ping_status":"open","sticky":false,"template":"","format":"standard","meta":{"_acf_changed":false,"footnotes":""},"categories":[],"tags":[],"class_list":["post-1188","post","type-post","status-publish","format-standard"],"acf":[],"aioseo_notices":[],"_links":{"self":[{"href":"https:\/\/infosports.com.ar\/web\/wp-json\/wp\/v2\/posts\/1188","targetHints":{"allow":["GET"]}}],"collection":[{"href":"https:\/\/infosports.com.ar\/web\/wp-json\/wp\/v2\/posts"}],"about":[{"href":"https:\/\/infosports.com.ar\/web\/wp-json\/wp\/v2\/types\/post"}],"author":[{"embeddable":true,"href":"https:\/\/infosports.com.ar\/web\/wp-json\/wp\/v2\/users\/3"}],"replies":[{"embeddable":true,"href":"https:\/\/infosports.com.ar\/web\/wp-json\/wp\/v2\/comments?post=1188"}],"version-history":[{"count":1,"href":"https:\/\/infosports.com.ar\/web\/wp-json\/wp\/v2\/posts\/1188\/revisions"}],"predecessor-version":[{"id":1190,"href":"https:\/\/infosports.com.ar\/web\/wp-json\/wp\/v2\/posts\/1188\/revisions\/1190"}],"wp:attachment":[{"href":"https:\/\/infosports.com.ar\/web\/wp-json\/wp\/v2\/media?parent=1188"}],"wp:term":[{"taxonomy":"category","embeddable":true,"href":"https:\/\/infosports.com.ar\/web\/wp-json\/wp\/v2\/categories?post=1188"},{"taxonomy":"post_tag","embeddable":true,"href":"https:\/\/infosports.com.ar\/web\/wp-json\/wp\/v2\/tags?post=1188"}],"curies":[{"name":"wp","href":"https:\/\/api.w.org\/{rel}","templated":true}]}}