{"id":1194,"date":"2022-05-12T10:56:05","date_gmt":"2022-05-12T13:56:05","guid":{"rendered":"https:\/\/infosports.com.ar\/web\/?p=1194"},"modified":"2022-05-12T23:01:15","modified_gmt":"2022-05-13T02:01:15","slug":"la-champions-league-tiene-nuevo-formato","status":"publish","type":"post","link":"https:\/\/infosports.com.ar\/web\/la-champions-league-tiene-nuevo-formato\/","title":{"rendered":"La Champions League tiene nuevo formato"},"content":{"rendered":"<p class=\"paragraph\">La\u00a0<b>UEFA<\/b>\u00a0anunci\u00f3 este martes el radical cambio de formato que tendr\u00e1 la\u00a0<a href=\"https:\/\/tn.com.ar\/webtags\/champions-league\/\" target=\"_blank\" rel=\"noopener\"><b>Champions League<\/b><\/a><b>\u00a0<\/b>a partir de la\u00a0<b>temporada 2024-2025<\/b>. Las principales modificaciones son el ingreso de m\u00e1s equipos a la fase de grupos y la organizaci\u00f3n de un minicampeonato en esa instancia.<!--more--><\/p>\n<div id=\"div-gpt-ad-1614365044997-0\" class=\"infeed-container\" data-google-query-id=\"CIuXkZaO2vcCFZchuQYdmEEHEA\"><\/div>\n<p class=\"paragraph\">La reforma implica que el certamen contar\u00e1 con\u00a0<b>36 equipos participantes,<\/b>\u00a0en lugar de los 32 que compiten actualmente. La primera fase ser\u00e1 un minicampeonato -una suerte de \u201cliga\u201d con todos los clubes- en el que cada participante disputar\u00e1 ocho partidos (hoy son seis) contra 8 rivales diferentes, cuatro de local y cuatro de visitante. A\u00fan no se inform\u00f3 c\u00f3mo se definir\u00e1n los cruces.<\/p>\n<p class=\"paragraph\"><b>Habr\u00e1 una \u00fanica tabla de posiciones.<\/b>\u00a0Los ochos primeros equipos al t\u00e9rmino de la primera fase se clasificar\u00e1n a octavos de final, mientras que los que ocupen los puestos del 9 al 24 pasar\u00e1n por un repechaje con el formato de eliminatoria con partidos de ida y vuelta.<\/p>\n<div id=\"hybs-mslot-3040-1\" class=\"hybs-mslot\"><\/div>\n<p class=\"paragraph\">La UEFA tambi\u00e9n decidi\u00f3 que, con excepci\u00f3n de la final, todos los partidos continuar\u00e1n jug\u00e1ndose en mitad de semana y en formato de ida y vuelta, descartando la opci\u00f3n de una \u2018Final 4\u2032.<\/p>\n<p class=\"paragraph\">Las cuatro plazas que se suman se asignar\u00e1n de la siguiente manera: dos para las dos mejores naciones europeas de la temporada precedente (que puede servir para rescatar a alg\u00fan gran club que no haga una buena temporada en su lugar), otra ser\u00e1 para un tercer club del el quinto pa\u00eds en el \u00edndice UEFA (actualmente Francia) y por \u00faltimo se otorgar\u00e1 un boleto a un campe\u00f3n nacional ampliando de cuatro a cinco el n\u00famero de clubes que se clasifican a trav\u00e9s de la llamada \u201cRuta de los campeones\u201d.<\/p>\n<div id=\"hybs-mslot-3040-2\" class=\"hybs-mslot\"><\/div>\n<h2 class=\"font--primary\">La nueva Champions League: m\u00e1s partidos, m\u00e1s televisaci\u00f3n, m\u00e1s entradas vendidas, m\u00e1s dinero<\/h2>\n<p class=\"paragraph\">Este nuevo formato llevar\u00e1 a tener una primera fase con un total de 225 partidos (hoy son 125). De esta manera,<b>\u00a0aumentar\u00e1n los ingresos para los clubes por la venta de entradas y tambi\u00e9n se elevar\u00e1n los montos que se reparten en cuanto a los derechos por la televisaci\u00f3n de los encuentros.<\/b><\/p>\n<p class=\"paragraph\">Esta reforma, la m\u00e1s radical desde hace veinte a\u00f1os, fue decidida un a\u00f1o despu\u00e9s de la tormenta de la Super Liga europea, ese ef\u00edmero proyecto de competici\u00f3n privada lanzado por varios clubes amotinados, incluido el Real Madrid y el Liverpool, que van a enfrentarse el 28 de mayo en la final de la actual edici\u00f3n de la Champions League.<\/p>\n<p class=\"paragraph\">\u201dEstamos convencidos de que la f\u00f3rmula elegida es armoniosa, que mejorar\u00e1 el equilibrio de las competiciones y asegurar\u00e1 ingresos s\u00f3lidos que puedan ser redistribuidos (&#8230;), aumentando adem\u00e1s el atractivo y la popularidad de nuestras competiciones interclubes\u201d, se felicit\u00f3 el presidente de la UEFA,\u00a0<b>Aleksander Ceferin<\/b>, citado en un comunicado.<\/p>\n<p class=\"paragraph\">La\u00a0<b>Europa League<\/b>\u00a0y la\u00a0<b>Europa Conference League<\/b>\u00a0se han visto tambi\u00e9n reformadas, con un formato calcado al de la nueva Champions.<\/p>\n","protected":false},"excerpt":{"rendered":"<p>La\u00a0UEFA\u00a0anunci\u00f3 este martes el radical cambio de formato que tendr\u00e1 la\u00a0Champions League\u00a0a partir de la\u00a0temporada 2024-2025. Las principales modificaciones son el ingreso de m\u00e1s equipos a la fase de grupos y la organizaci\u00f3n de un minicampeonato en esa instancia.<\/p>\n","protected":false},"author":3,"featured_media":0,"comment_status":"open","ping_status":"open","sticky":false,"template":"","format":"standard","meta":{"_acf_changed":false,"footnotes":""},"categories":[],"tags":[],"class_list":["post-1194","post","type-post","status-publish","format-standard"],"acf":[],"aioseo_notices":[],"_links":{"self":[{"href":"https:\/\/infosports.com.ar\/web\/wp-json\/wp\/v2\/posts\/1194","targetHints":{"allow":["GET"]}}],"collection":[{"href":"https:\/\/infosports.com.ar\/web\/wp-json\/wp\/v2\/posts"}],"about":[{"href":"https:\/\/infosports.com.ar\/web\/wp-json\/wp\/v2\/types\/post"}],"author":[{"embeddable":true,"href":"https:\/\/infosports.com.ar\/web\/wp-json\/wp\/v2\/users\/3"}],"replies":[{"embeddable":true,"href":"https:\/\/infosports.com.ar\/web\/wp-json\/wp\/v2\/comments?post=1194"}],"version-history":[{"count":1,"href":"https:\/\/infosports.com.ar\/web\/wp-json\/wp\/v2\/posts\/1194\/revisions"}],"predecessor-version":[{"id":1196,"href":"https:\/\/infosports.com.ar\/web\/wp-json\/wp\/v2\/posts\/1194\/revisions\/1196"}],"wp:attachment":[{"href":"https:\/\/infosports.com.ar\/web\/wp-json\/wp\/v2\/media?parent=1194"}],"wp:term":[{"taxonomy":"category","embeddable":true,"href":"https:\/\/infosports.com.ar\/web\/wp-json\/wp\/v2\/categories?post=1194"},{"taxonomy":"post_tag","embeddable":true,"href":"https:\/\/infosports.com.ar\/web\/wp-json\/wp\/v2\/tags?post=1194"}],"curies":[{"name":"wp","href":"https:\/\/api.w.org\/{rel}","templated":true}]}}