{"id":1204,"date":"2022-05-13T09:31:54","date_gmt":"2022-05-13T12:31:54","guid":{"rendered":"https:\/\/infosports.com.ar\/web\/?p=1204"},"modified":"2022-05-13T09:31:54","modified_gmt":"2022-05-13T12:31:54","slug":"con-presencia-catrielense-se-viene-el-paralelo-39-de-mtb","status":"publish","type":"post","link":"https:\/\/infosports.com.ar\/web\/con-presencia-catrielense-se-viene-el-paralelo-39-de-mtb\/","title":{"rendered":"Con presencia Catrielense se viene el Paralelo 39 de MTB"},"content":{"rendered":"<p>Hace meses se confirm\u00f3 una nueva edici\u00f3n de la fecha de MTB Paralelo 39 en Paso C\u00f3rdoba, una de las pruebas de mountain bike mas convocantes de la Patagonia en la especialidad y que re\u00fane a los mejores en el orden nacional.<!--more--><\/p>\n<p><strong>Por el momento, <\/strong>no presentar\u00eda grandes cambios la prueba en relaci\u00f3n con el \u00a0circuito utilizado en la pasada edici\u00f3n, que tuvo para las categor\u00edas principales 50 kil\u00f3metros y para las promocionales 25 kil\u00f3metros.<\/p>\n<p>Se espera como en ediciones pasadas, la participaci\u00f3n de varios ciclistas Catrielenses y Veinticinque\u00f1os.<\/p>\n<p>La largada ser\u00e1 a las 10hs (competitiva) y a las 10:05 (Promocional)<\/p>\n<p>Lugar: Club N\u00e1utico Paso Cordoba<\/p>\n<p><strong>El a\u00f1o \u00faltimo, en el regreso de la prueba despu\u00e9s de la postergaci\u00f3n que sufri\u00f3 por la pandemia de Coronavirus, m\u00e1s de 500 pedalistas participaron<\/strong>\u00a0en la suma de todas las categor\u00edas y entre los dos recorridos, entregando un excelente espect\u00e1culo ante una notable cantidad de aficionados.<\/p>\n<p>Fernando Contreras y Camila Quintul\u00e9n hicieron un gran trabajo, logrando la victoria en la d\u00e9cima edici\u00f3n de la prueba de mountain bike Paralelo 39, que se cumpli\u00f3 en la zona de Paso C\u00f3rdoba.<\/p>\n<p>Contreras lider\u00f3 la trilog\u00eda de bikers de Mendoza que coparon la prueba tanto en la general como en elite pro, logrando la victoria con un excelente registro de 1h 46m. Lo escoltaron Federico Mallo, a 32s, y Bruno Contreras, a 53s. Luego finalizaron Franco Orocito, el mejor regional; Marcos Aga; Germ\u00e1n Dorhmann; Cristian Ranquehue, el m\u00e1s ganador de la prueba con seis victorias; Mat\u00edas Herrera; Federico Rosas, y Guillermo Lloyd.<\/p>\n<p>En damas se luci\u00f3 Camila Quintul\u00e9n, quien ratific\u00f3 que pasa por un gran momento y logr\u00f3 una c\u00f3moda victoria, con un tiempo de 2h 16m 23s.<\/p>\n","protected":false},"excerpt":{"rendered":"<p>Hace meses se confirm\u00f3 una nueva edici\u00f3n de la fecha de MTB Paralelo 39 en Paso C\u00f3rdoba, una de las pruebas de mountain bike mas convocantes de la Patagonia en la especialidad y que re\u00fane a los mejores en el orden nacional.<\/p>\n","protected":false},"author":3,"featured_media":0,"comment_status":"open","ping_status":"open","sticky":false,"template":"","format":"standard","meta":{"_acf_changed":false,"footnotes":""},"categories":[],"tags":[],"class_list":["post-1204","post","type-post","status-publish","format-standard"],"acf":[],"aioseo_notices":[],"_links":{"self":[{"href":"https:\/\/infosports.com.ar\/web\/wp-json\/wp\/v2\/posts\/1204","targetHints":{"allow":["GET"]}}],"collection":[{"href":"https:\/\/infosports.com.ar\/web\/wp-json\/wp\/v2\/posts"}],"about":[{"href":"https:\/\/infosports.com.ar\/web\/wp-json\/wp\/v2\/types\/post"}],"author":[{"embeddable":true,"href":"https:\/\/infosports.com.ar\/web\/wp-json\/wp\/v2\/users\/3"}],"replies":[{"embeddable":true,"href":"https:\/\/infosports.com.ar\/web\/wp-json\/wp\/v2\/comments?post=1204"}],"version-history":[{"count":1,"href":"https:\/\/infosports.com.ar\/web\/wp-json\/wp\/v2\/posts\/1204\/revisions"}],"predecessor-version":[{"id":1206,"href":"https:\/\/infosports.com.ar\/web\/wp-json\/wp\/v2\/posts\/1204\/revisions\/1206"}],"wp:attachment":[{"href":"https:\/\/infosports.com.ar\/web\/wp-json\/wp\/v2\/media?parent=1204"}],"wp:term":[{"taxonomy":"category","embeddable":true,"href":"https:\/\/infosports.com.ar\/web\/wp-json\/wp\/v2\/categories?post=1204"},{"taxonomy":"post_tag","embeddable":true,"href":"https:\/\/infosports.com.ar\/web\/wp-json\/wp\/v2\/tags?post=1204"}],"curies":[{"name":"wp","href":"https:\/\/api.w.org\/{rel}","templated":true}]}}