{"id":1268,"date":"2022-05-18T21:20:27","date_gmt":"2022-05-19T00:20:27","guid":{"rendered":"https:\/\/infosports.com.ar\/web\/?p=1268"},"modified":"2022-05-18T21:20:27","modified_gmt":"2022-05-19T00:20:27","slug":"utacch-amanecer-comechingon-la-gran-carrera-que-se-viene-en-julio","status":"publish","type":"post","link":"https:\/\/infosports.com.ar\/web\/utacch-amanecer-comechingon-la-gran-carrera-que-se-viene-en-julio\/","title":{"rendered":"UTACCH \u2013 AMANECER COMECHING\u00d3N, LA GRAN CARRERA QUE SE VIENE EN JULIO"},"content":{"rendered":"<p>Cada vez falta menos para Utacch, o el Ultra Trail Amanecer Comeching\u00f3n, como guste llamarla, una de las competencias que supo ganarse espacio en el calendario nacional de trail running gracias a su m\u00edstica, dureza y belleza de los paisajes.<!--more--><\/p>\n<p>En la localidad de Villa Yacanto de Calamuchita, C\u00f3rdoba, la competencia se desarrollar\u00e1 entre el 7 y 10 de julio, y tendr\u00e1 el Campeonato Nacional de Ultra Distancia, que tendr\u00e1 un recorrido de 70 kil\u00f3metros y tambi\u00e9n en la distancia Classic, con 15k.<\/p>\n<p>Conocida por sus siglas, UTACCH, cuenta con la organizaci\u00f3n de Mountain Race: una de sus caras visibles es nada menos que Tania D\u00edaz Slater, una de las mejores corredoras de ultra trail del pa\u00eds, y Rodrigo Peretti.<\/p>\n<p>Como ya es costumbre, ser\u00e1n ocho los recorridos que ofrece Utacch: las ultra distancias de 100 millas, 110, 70 y 55 kil\u00f3metros, la alternativa de la marat\u00f3n de monta\u00f1a (42k), y los circuitos de 26, 16 y 9k.<\/p>\n<h3>Un desaf\u00edo completo<\/h3>\n<p>La prueba de\u00a0<a href=\"https:\/\/masaireweb.com\/en-japon-ya-hay-carreras-de-trail-para-ninos\/\">trail\u00a0<\/a>tiene todos los condimentos para transformarse en una fiesta. Desde convertirse en un punto de reuni\u00f3n de los corredores de todas partes, a contar con la presencia de shows musicales que dan pie a la largada.<\/p>\n<p>Para el mediod\u00eda del\u00a0viernes 8 de julio est\u00e1 pautada la largada de las\u00a0100 millas de Utacch, una distancia en la que la\u00a0exigencia f\u00edsica\u00a0es tan alta como la\u00a0mental, y requiere una gran preparaci\u00f3n.<\/p>\n<p>En cuanto al circuito, empezar\u00e1 con destino\u00a0al sur, hasta el\u00a0Paraje El Durazno, luego suben hasta el Cerro Agust\u00edn, pasando por el puesto de control del Avi\u00f3n y transitando el filo de las sierras.<\/p>\n<p>M\u00e1s tarde se llega a la cima del cerro Champaqu\u00ed, a 2.884 metros por sobre el nivel del mar, d\u00f3nde los primeros disfrutan de un espectacular amanecer, para bajan hasta el pueblo de La Cumbrecita, pasar por Villa Alpina y terminar retornando a Villa Yacanto de Calamuchita.<\/p>\n<h3>La coronaci\u00f3n de meses de preparaci\u00f3n para llegar a Utacch<\/h3>\n<p>Las diferentes pruebas representan un duro y exigente desaf\u00edo para los corredores, pero la medalla finisher es el premio y reconocimiento a ello.<\/p>\n<p>Durante el trayecto, los trail-runners ser\u00e1n recibidos por el staff en los\u00a0puestos de abastecimiento\u00a0con caldo, mate cocido, tortas fritas, galletitas, frutas, frutos secos, caramelos, barras de cereal e\u00a0incluso con asado, para que recuperen energ\u00edas.<\/p>\n<p>S\u00f3lo restan d\u00edas para que Villa Yacanto de Calamuchita reciba a miles de corredores y que el desaf\u00edo comience.<\/p>\n<h2>Cronograma de Utacch<\/h2>\n<p>Jueves 7 de Julio:<br \/>\nAcreditaciones de 10 a 21hs, en el SUM, retiro de Kits.<br \/>\nEntrega de bolsas de recambio solamente de las 100 MILLAS 18:00 a 19:00hs. Lugar: Concejo Deliberante<br \/>\nFeria, expo y actividades.<\/p>\n<p>Viernes 8 de Julio:<br \/>\nAcreditaciones de 9 a 20hs, en el SUM, retiro de Kits.<br \/>\nLargada 12hs 100 MILLAS (40hs DE CARRERA)<br \/>\nEntrega del bolso de recambio de los 110k \u2013 14hs a 15hs. Concejo Deliberante<br \/>\nLargada 22hs 110k (30 HS DE CARRERA)<br \/>\nFeria, expo y actividades: food truck, comidas regionales y cerveza artesanal.<\/p>\n<p>S\u00e1bado 9 de Julio:<br \/>\nLargadas:<br \/>\n70k: 5:00hs.<br \/>\n55k: 6:00hs.<br \/>\n42k: 6:30hs.<br \/>\n26k: 7:00hs.<br \/>\n15k: 7:15hs.<br \/>\n10k: 7:30hs.<\/p>\n<p>Entrega de premios 12hs: 10K \u2013 15K \u2013 26K<br \/>\nEntrega de premios 18hs: 42K \u2013 55K \u2013 70K<br \/>\nFeria, expo , actividades, food trucks, comidas regionales y cerveza artesanal.<\/p>\n<p>Domingo 10 de Julio: 4hs CIERRE DE CARRERA<br \/>\nRetiro de bolsas de recambio Post-Carrera: 9 a 12hs Concejo Deliberante<br \/>\nEntrega de Premios 11hs: 110K \u2013 100 MILLAS<\/p>\n<p><strong>Acreditaci\u00f3n<\/strong><br \/>\nDia de acreditaci\u00f3n y retiro de kits en el SUM (sal\u00f3n usos m\u00faltiples) de Villa Yacanto Calamuchita.<br \/>\nJueves 7 de Julio: Acreditaciones de 10 a 21hs.<br \/>\nViernes 8 de Julio: Acreditaciones de 9 a 20hs.<\/p>\n<p><strong>Charla t\u00e9cnica<br \/>\n<\/strong>Jueves 7 de Julio a las 19hs. CHARLA T\u00c9CNICA DE LAS 100 Millas en el Club Municipal<br \/>\nViernes 8 de Viernes a las 10hs. CHARLA T\u00c9CNICA DE LOS 110K, 70K, 55K, 42K, 26K, 15K y 10K en el Club Municipal<\/p>\n<p>Se comenzar\u00e1 con las distancias m\u00e1s largas y luego las siguientes.<\/p>\n<p>HORARIO DE LARGADA 100 MILLAS: 12hs \u2013 Viernes 8 de Julio.<br \/>\nHORARIO DE LARGADA 110K: 22hs \u2013 Viernes 8 de Julio<\/p>\n<p>Horarios largada resto de distancias \u2013 S\u00e1bado 9 de Julio:<br \/>\n70k: 5:00hs.<br \/>\n55k: 6:00hs.<br \/>\n42k: 6:30hs.<br \/>\n26k: 7:00hs.<br \/>\n15K: 7:15hs.<br \/>\n10k: 7:30hs.<\/p>\n<p>El horario puede variar en 30 minutos dependiendo de las condiciones clim\u00e1ticas o disposici\u00f3n de la organizaci\u00f3n.<\/p>\n<p>Lugar de largada y llegada: Plaza Central de Villa Yacanto de Calamuchita, C\u00f3rdoba Argentina.<\/p>\n<p>Inscripciones\u00a0<a href=\"https:\/\/utacch.com.ar\/web\" target=\"_blank\" rel=\"noopener\">AQU\u00cd<\/a><\/p>\n<p>(Masaire web)<\/p>\n","protected":false},"excerpt":{"rendered":"<p>Cada vez falta menos para Utacch, o el Ultra Trail Amanecer Comeching\u00f3n, como guste llamarla, una de las competencias que supo ganarse espacio en el calendario nacional de trail running gracias a su m\u00edstica, dureza y belleza de los paisajes.<\/p>\n","protected":false},"author":3,"featured_media":0,"comment_status":"open","ping_status":"open","sticky":false,"template":"","format":"standard","meta":{"_acf_changed":false,"footnotes":""},"categories":[],"tags":[],"class_list":["post-1268","post","type-post","status-publish","format-standard"],"acf":[],"aioseo_notices":[],"_links":{"self":[{"href":"https:\/\/infosports.com.ar\/web\/wp-json\/wp\/v2\/posts\/1268","targetHints":{"allow":["GET"]}}],"collection":[{"href":"https:\/\/infosports.com.ar\/web\/wp-json\/wp\/v2\/posts"}],"about":[{"href":"https:\/\/infosports.com.ar\/web\/wp-json\/wp\/v2\/types\/post"}],"author":[{"embeddable":true,"href":"https:\/\/infosports.com.ar\/web\/wp-json\/wp\/v2\/users\/3"}],"replies":[{"embeddable":true,"href":"https:\/\/infosports.com.ar\/web\/wp-json\/wp\/v2\/comments?post=1268"}],"version-history":[{"count":1,"href":"https:\/\/infosports.com.ar\/web\/wp-json\/wp\/v2\/posts\/1268\/revisions"}],"predecessor-version":[{"id":1270,"href":"https:\/\/infosports.com.ar\/web\/wp-json\/wp\/v2\/posts\/1268\/revisions\/1270"}],"wp:attachment":[{"href":"https:\/\/infosports.com.ar\/web\/wp-json\/wp\/v2\/media?parent=1268"}],"wp:term":[{"taxonomy":"category","embeddable":true,"href":"https:\/\/infosports.com.ar\/web\/wp-json\/wp\/v2\/categories?post=1268"},{"taxonomy":"post_tag","embeddable":true,"href":"https:\/\/infosports.com.ar\/web\/wp-json\/wp\/v2\/tags?post=1268"}],"curies":[{"name":"wp","href":"https:\/\/api.w.org\/{rel}","templated":true}]}}