{"id":2129,"date":"2022-09-12T09:57:30","date_gmt":"2022-09-12T12:57:30","guid":{"rendered":"https:\/\/infosports.com.ar\/web\/?p=2129"},"modified":"2022-09-12T09:57:30","modified_gmt":"2022-09-12T12:57:30","slug":"pkn-de-pergamino-thomas-lopez-debuto-con-pole-incluida","status":"publish","type":"post","link":"https:\/\/infosports.com.ar\/web\/pkn-de-pergamino-thomas-lopez-debuto-con-pole-incluida\/","title":{"rendered":"PKN de Pergamino-Thom\u00e1s L\u00f3pez debut\u00f3 con pole incluida"},"content":{"rendered":"<div class=\"l7ghb35v kjdc1dyq kmwttqpk gh25dzvf jikcssrz n3t5jt4f\">\n<div dir=\"auto\">Pergamino-En el marco de la octava fecha del a\u00f1o de la Agrupaci\u00f3n Pilotos Karting Del Norte, Thom\u00e1s L\u00f3pez fue el m\u00e1s veloz en la clasificaci\u00f3n sabatina, tras emplear un tiempo de 45.789 en su mejor vuelta. Tras una desconcertada clasificaci\u00f3n donde los dos mejores tiempos fueron excluidos en la t\u00e9cnica, el piloto de la ciudad de Catriel, Rio Negro, se quedaba con lo mejor, justamente en el d\u00eda de su debut en la categor\u00eda.<\/div>\n<\/div>\n<p><!--more--><\/p>\n<div class=\"l7ghb35v kjdc1dyq kmwttqpk gh25dzvf jikcssrz n3t5jt4f\">\n<div dir=\"auto\">Con un chasis nuevo de la firma RK Revolution, la asistencia precisa del ingeniero Federico Castro y la mec\u00e1nica de Agust\u00edn Chaves, este joven volante que viene de ser un gran protagonista de la actividad en la regi\u00f3n patag\u00f3nica, mostr\u00f3 los dientes desde el mismo comienzo, a pesar de no conocer el trazado.<\/div>\n<div dir=\"auto\"><\/div>\n<\/div>\n<div class=\"l7ghb35v kjdc1dyq kmwttqpk gh25dzvf jikcssrz n3t5jt4f\">\n<div dir=\"auto\">El pasado fin de semana en el Kart\u00f3dromo \u201cEnrique Tit\u00ed Sticconi\u201d de Pergamino, se disput\u00f3 la octava competencia del a\u00f1o, donde el piloto rionegrino se alz\u00f3 con la pole-position de la fecha, superando a Valentino S\u00e1nchez y a Ignacio Nomdedeu.<\/div>\n<div dir=\"auto\"><\/div>\n<\/div>\n<div class=\"l7ghb35v kjdc1dyq kmwttqpk gh25dzvf jikcssrz n3t5jt4f\">\n<div dir=\"auto\">Si bien Anton y Mu\u00f1oz se quedaron sin tiempo, el volante de Catriel despleg\u00f3 una enorme performance, que a\u00fan sin conocer el trazado no tuvo problemas en entremezclarse con los m\u00e1s r\u00e1pido de la jornada.<\/div>\n<div dir=\"auto\"><\/div>\n<\/div>\n<div class=\"l7ghb35v kjdc1dyq kmwttqpk gh25dzvf jikcssrz n3t5jt4f\">\n<div dir=\"auto\">De esta manera en el soleado del s\u00e1bado 3 de septiembre, la clase 150 Pre Junior desplegaba su actividad oficial, donde este debutante en PKN, se adue\u00f1aba del primer caj\u00f3n de partida en la primera serie del d\u00eda domingo.<\/div>\n<div dir=\"auto\"><\/div>\n<\/div>\n<div class=\"l7ghb35v kjdc1dyq kmwttqpk gh25dzvf jikcssrz n3t5jt4f\">\n<div dir=\"auto\">Clasificaci\u00f3n 150cc Pre Junior fecha #8 \/ 2022<\/div>\n<\/div>\n<div class=\"l7ghb35v kjdc1dyq kmwttqpk gh25dzvf jikcssrz n3t5jt4f\">\n<div dir=\"auto\">1 38 L\u00f3pez Thom\u00e1s 45.789<\/div>\n<div dir=\"auto\">2 7 Valentino S\u00e1nchez 45.805<\/div>\n<div dir=\"auto\">3 21 Ignacio Nomdedeu 45.815<\/div>\n<div dir=\"auto\">4 14 Anita Cattaneo 45.927<\/div>\n<div dir=\"auto\">5 22 Sharif Fern\u00e1ndez 46.160<\/div>\n<div dir=\"auto\">6 13 Bulich Bautista 46.235<\/div>\n<div dir=\"auto\">7 36 Joaqu\u00edn Busto 46.354<\/div>\n<div dir=\"auto\">8 3 Dante Pagliarulo 46.360<\/div>\n<div dir=\"auto\">9 15 Carlitos Mart\u00ednez 46.400<\/div>\n<div dir=\"auto\">10 31 Agust\u00edn Pereyra 46.442<\/div>\n<div dir=\"auto\">11 8 Ramiro Roldan 46.578<\/div>\n<div dir=\"auto\">12 133 Juan Pablo Martin 46.964<\/div>\n<div dir=\"auto\">13 372 Benjam\u00edn Quarchioni 47.064<\/div>\n<div dir=\"auto\">14 10 Lauti Liotard 48.916<\/div>\n<div dir=\"auto\">Dq 37 Benjam\u00edn Ant\u00f3n 45.668<\/div>\n<div dir=\"auto\">Dq 2 Est\u00e9fano Mu\u00f1oz 45.718<\/div>\n<div dir=\"auto\">Announcements: kart 37 y 2 excluido por t\u00e9cnica<\/div>\n<div dir=\"auto\"><\/div>\n<div dir=\"auto\">(PKN 2022)<\/div>\n<\/div>\n","protected":false},"excerpt":{"rendered":"<p>Pergamino-En el marco de la octava fecha del a\u00f1o de la Agrupaci\u00f3n Pilotos Karting Del Norte, Thom\u00e1s L\u00f3pez fue el m\u00e1s veloz en la clasificaci\u00f3n sabatina, tras emplear un tiempo de 45.789 en su mejor vuelta. Tras una desconcertada clasificaci\u00f3n donde los dos mejores tiempos fueron excluidos en la t\u00e9cnica, el piloto de la ciudad [&hellip;]<\/p>\n","protected":false},"author":3,"featured_media":0,"comment_status":"open","ping_status":"open","sticky":false,"template":"","format":"standard","meta":{"_acf_changed":false,"footnotes":""},"categories":[],"tags":[],"class_list":["post-2129","post","type-post","status-publish","format-standard"],"acf":[],"aioseo_notices":[],"_links":{"self":[{"href":"https:\/\/infosports.com.ar\/web\/wp-json\/wp\/v2\/posts\/2129","targetHints":{"allow":["GET"]}}],"collection":[{"href":"https:\/\/infosports.com.ar\/web\/wp-json\/wp\/v2\/posts"}],"about":[{"href":"https:\/\/infosports.com.ar\/web\/wp-json\/wp\/v2\/types\/post"}],"author":[{"embeddable":true,"href":"https:\/\/infosports.com.ar\/web\/wp-json\/wp\/v2\/users\/3"}],"replies":[{"embeddable":true,"href":"https:\/\/infosports.com.ar\/web\/wp-json\/wp\/v2\/comments?post=2129"}],"version-history":[{"count":1,"href":"https:\/\/infosports.com.ar\/web\/wp-json\/wp\/v2\/posts\/2129\/revisions"}],"predecessor-version":[{"id":2131,"href":"https:\/\/infosports.com.ar\/web\/wp-json\/wp\/v2\/posts\/2129\/revisions\/2131"}],"wp:attachment":[{"href":"https:\/\/infosports.com.ar\/web\/wp-json\/wp\/v2\/media?parent=2129"}],"wp:term":[{"taxonomy":"category","embeddable":true,"href":"https:\/\/infosports.com.ar\/web\/wp-json\/wp\/v2\/categories?post=2129"},{"taxonomy":"post_tag","embeddable":true,"href":"https:\/\/infosports.com.ar\/web\/wp-json\/wp\/v2\/tags?post=2129"}],"curies":[{"name":"wp","href":"https:\/\/api.w.org\/{rel}","templated":true}]}}