{"id":2132,"date":"2022-09-12T11:01:22","date_gmt":"2022-09-12T14:01:22","guid":{"rendered":"https:\/\/infosports.com.ar\/web\/?p=2132"},"modified":"2022-09-12T11:01:22","modified_gmt":"2022-09-12T14:01:22","slug":"juegos-de-la-integracion-patagonicos-gran-desempeno-de-priscila-y-saso","status":"publish","type":"post","link":"https:\/\/infosports.com.ar\/web\/juegos-de-la-integracion-patagonicos-gran-desempeno-de-priscila-y-saso\/","title":{"rendered":"Juegos de la Integraci\u00f3n Patag\u00f3nicos-Gran desempe\u00f1o de Priscila y Saso"},"content":{"rendered":"<p>El Tenis de Mesa regional en lo m\u00e1s alto de la Patagonia gracias al gran desempe\u00f1o de Priscila Jara de Catriel (RN) y Damiela Saso de 25 de Mayo (LP). Ambas jugadoras lograron medallas en su primera incursi\u00f3n en este tipo de torneo<!--more--><\/p>\n<p>Del 9 al 11 de septiembre en Santa Rosa Capital de La Pampa se disput\u00f3 la 1ra edici\u00f3n de los JUEGIS DE INTEGRACI\u00d3N PATAG\u00d3NICOS, donde compitieron delegaciones de Neuqu\u00e9n, Santa Cruz, Tierra del Fuego, Chubut, R\u00edo Negro y La Pampa.<\/p>\n<p>La regi\u00f3n en la especialidad Tenis de Mesa estuvieron representados por dos grandes deportistas.<\/p>\n<p><strong>DIAMELA SASO<\/strong>, quien surgi\u00f3 de la Escuela Municipal de 25 de Mayo La Pampa y\u00a0<strong>PRISCILA JARA\u00a0<\/strong>qui\u00e9n surgi\u00f3 de la Escuela Municipal de Catriel R\u00edo Negro.<\/p>\n<p>Gran pero gran desempe\u00f1o de ambas competidoras ac\u00e1 el resumen:<\/p>\n<p>&nbsp;<\/p>\n<p><strong>DIAMELA SASO:\u00a0<\/strong><\/p>\n<p>Compiti\u00f3 en dos categor\u00edas y obtuvo 1 podio.<\/p>\n<p>Categor\u00eda Dobles femeninos, obtuvo MEDALLA\u00a0 de\u00a0<strong>BRONCE\u00a0<\/strong>junto a Rosa Janko Pardo de Gobernador Duval, para lograrlo debieron ganar un duro encuentro a los representantes de Chubut.<\/p>\n<p>El resultado final fue 3 a 2 en favor del equipo Pampeano.<\/p>\n<p>Categor\u00eda Individual lleg\u00f3 hasta\u00a0<strong>8vos de FINAL<\/strong>, donde\u00a0 cay\u00f3 ajustadamente frente a, su compa\u00f1era de Selecci\u00f3n Pampeana\u00a0 Rosa Junko Pardo por 2 a 3.<\/p>\n<p>Gran Desempe\u00f1o de Diamela que en su primera competencia regional obtuvo la medalla de\u00a0<strong>BRONCE .<\/strong><\/p>\n<p>&nbsp;<\/p>\n<p><strong>PRISCILA JARA:<\/strong><\/p>\n<p>Compiti\u00f3 en 3 categor\u00edas y obtuvo 3 podios.<\/p>\n<p>Categor\u00edas Dobles Femenino junto a Cielo Alvarado de San Carlos de Bariloche (<strong>MEDALLA DE PLATA)<\/strong><\/p>\n<p><strong>T<\/strong>riunfaron frente a Chubut, La Pampa, Tierra del Fuego, Neuqu\u00e9n y cayeron muy ajustado frente a las representantes de la Provincia de Santa Cruz por<\/p>\n<p>2 a 3,\u00a0 (11 &#8211; 13) en el 5to Set.<\/p>\n<p>&nbsp;<\/p>\n<p>Categor\u00eda Doble Mixto junto a Ciro Sanczuk de Dina Huapi (<strong>MEDALLA DE ORO)\u00a0<\/strong><\/p>\n<p>Triunfaron 3 a 0 frente al equipo de Chubut.<\/p>\n<p>Triunfaron 3 a 0 frente a La Pampa.<\/p>\n<p>Triunfaron 3 a 1 frente a Santa Cruz<\/p>\n<p>Triunfaron 3 a 0 frente a Tierra del Fuego.<\/p>\n<p>Triunfaron 3 a 0 frente a Neuqu\u00e9n<\/p>\n<p>&nbsp;<\/p>\n<p><em><strong>Categor\u00eda Individual:<\/strong><\/em><\/p>\n<p>Paso 1ra su zona Triunfo:<\/p>\n<p>2 a 1 frente a Yamila \u00c1lvarez de (Chubut)<\/p>\n<p>2 a 0 frente a Rosa Junko Pardo (La Pampa)<\/p>\n<p>2 a 1 frente a Arami Sosa (Santa Cruz)<\/p>\n<p>2 a 0 frente a Martina Diaz Rocha (Tierra del Fuego)<\/p>\n<p>En 8vos paso sin jugar al quedar 1ra en su zona.<\/p>\n<p><em><strong>En 4tos de Final:<\/strong><\/em><\/p>\n<p>Triunfo por 3 a 1 frente a Jamila Fuentes (Neuqu\u00e9n)<\/p>\n<p>En Semifinal:<\/p>\n<p>Triunfo por 3 a 2 frente a Luana Paredes de Santa Cruz)luego de levantar un parcial de 0 a 2 en Set y reponerse de un Mach Point en su contra en el 3er Set.<\/p>\n<p>&nbsp;<\/p>\n<p>En la FINAL:<\/p>\n<p>Triunfo 3 a 1 frente a Arami Sosa de Santa Cruz),<\/p>\n<p>Comenz\u00f3 perdiendo el 1er Set y se repuso de gran forma\u00a0<strong>OBTENIDO el 1er Puesto y MEDALLA DE ORO,\u00a0<\/strong>del primer Tornero de Integraci\u00f3n Patag\u00f3nica.<\/p>\n<p>Un desempe\u00f1o impecable de Priscila que hace Historia al coronarse BI &#8211; CAMPEONA\u0139 de la 1ra Edici\u00f3n del Torneo de\u00a0 Integraci\u00f3n Patag\u00f3nica.<\/p>\n<p>El Coach de las Escuelas Municipales de 25 de Mayo y Catriel Profesor Cristian Pereyra,\u00a0resalto\u00a0que es muy importante el trabajo y el desempe\u00f1\u00f3 de Diamela ya que reci\u00e9n es su 2do compromiso importante.<\/p>\n<p>En lo que refiere a Priscila jugo un extraordinario Torneo, yendo siempre de menor a mayor.<\/p>\n<p>Era un resultado que esperaba tanto Priscila como yo, ya que realizo un gran trabajo en los entrenamientos y jugo un torneo perfecto, manejando el tiempo y la ansiedad.<\/p>\n<p>Quiero Felicitar de coraz\u00f3n tanto a Diame como a Prisci, como as\u00ed tambi\u00e9n a sus familias por confiar en mi\u00a0 trabajo como Coach.<\/p>\n<p>&nbsp;<\/p>\n","protected":false},"excerpt":{"rendered":"<p>El Tenis de Mesa regional en lo m\u00e1s alto de la Patagonia gracias al gran desempe\u00f1o de Priscila Jara de Catriel (RN) y Damiela Saso de 25 de Mayo (LP). Ambas jugadoras lograron medallas en su primera incursi\u00f3n en este tipo de torneo<\/p>\n","protected":false},"author":3,"featured_media":0,"comment_status":"open","ping_status":"open","sticky":false,"template":"","format":"standard","meta":{"_acf_changed":false,"footnotes":""},"categories":[],"tags":[],"class_list":["post-2132","post","type-post","status-publish","format-standard"],"acf":[],"aioseo_notices":[],"_links":{"self":[{"href":"https:\/\/infosports.com.ar\/web\/wp-json\/wp\/v2\/posts\/2132","targetHints":{"allow":["GET"]}}],"collection":[{"href":"https:\/\/infosports.com.ar\/web\/wp-json\/wp\/v2\/posts"}],"about":[{"href":"https:\/\/infosports.com.ar\/web\/wp-json\/wp\/v2\/types\/post"}],"author":[{"embeddable":true,"href":"https:\/\/infosports.com.ar\/web\/wp-json\/wp\/v2\/users\/3"}],"replies":[{"embeddable":true,"href":"https:\/\/infosports.com.ar\/web\/wp-json\/wp\/v2\/comments?post=2132"}],"version-history":[{"count":1,"href":"https:\/\/infosports.com.ar\/web\/wp-json\/wp\/v2\/posts\/2132\/revisions"}],"predecessor-version":[{"id":2134,"href":"https:\/\/infosports.com.ar\/web\/wp-json\/wp\/v2\/posts\/2132\/revisions\/2134"}],"wp:attachment":[{"href":"https:\/\/infosports.com.ar\/web\/wp-json\/wp\/v2\/media?parent=2132"}],"wp:term":[{"taxonomy":"category","embeddable":true,"href":"https:\/\/infosports.com.ar\/web\/wp-json\/wp\/v2\/categories?post=2132"},{"taxonomy":"post_tag","embeddable":true,"href":"https:\/\/infosports.com.ar\/web\/wp-json\/wp\/v2\/tags?post=2132"}],"curies":[{"name":"wp","href":"https:\/\/api.w.org\/{rel}","templated":true}]}}