{"id":2140,"date":"2022-09-12T12:59:36","date_gmt":"2022-09-12T15:59:36","guid":{"rendered":"https:\/\/infosports.com.ar\/web\/?p=2140"},"modified":"2022-09-12T12:59:36","modified_gmt":"2022-09-12T15:59:36","slug":"k21-villa-pehuenia-aguero-una-vez-mas-entre-los-mejores","status":"publish","type":"post","link":"https:\/\/infosports.com.ar\/web\/k21-villa-pehuenia-aguero-una-vez-mas-entre-los-mejores\/","title":{"rendered":"K21 Villa Pehuenia- Ag\u00fcero una vez m\u00e1s entre los mejores"},"content":{"rendered":"<p>El corredor Catrielense \u201cTony\u201d Ag\u00fcero continua intratable en su recorrido deportivo en cada reuni\u00f3n de trail donde suele presentarse, esta vez el convocado a la Selecci\u00f3n Nacional de Trail se subi\u00f3 al podio del K21 Salom\u00f3n de Villa Pehuenia.<!--more--><\/p>\n<p>Ag\u00fcero sum\u00f3 un tiempo de 1:39&#8217;36 s logr\u00f3 un meritorio segundo puesto en la general del K21 y la 1\u00b0 ubicaci\u00f3n de su categor\u00eda.<\/p>\n<p><a href=\"https:\/\/infosports.com.ar\/web\/wp-content\/uploads\/2022\/09\/302339845_2942824536018126_7354312165654745608_n.jpg\"><img loading=\"lazy\" decoding=\"async\" class=\"alignnone size-medium wp-image-2143\" src=\"https:\/\/infosports.com.ar\/web\/wp-content\/uploads\/2022\/09\/302339845_2942824536018126_7354312165654745608_n-300x300.jpg\" alt=\"\" width=\"300\" height=\"300\" \/><\/a><\/p>\n<p>El deportista Catrielense remarca el gran momento que vive, tras quedarse con uno de los mejores tiempos en el Mundial en San Juan fuera de los denominados Elite, aunque cosech\u00f3 en varios casos mejor tiempo que otros runners de selecci\u00f3n. Al igual que su coterr\u00e1neo Maira Mardones, sin dudas lo sembrado en los \u00faltimos a\u00f1os, ha hecho que sean ambos convocados al Mundial de Trail a realizarse en Tailandia en 2023. M\u00e1s all\u00e1 de la grata noticia, como sucede con tantas disciplinas deportivas en el pa\u00eds, no tiene apoyo alguno del Gobierno Nacional, solo la confirmaci\u00f3n del llamado, esto hace que cada corredor deba costearse el viaje, hospedaje, comida y dem\u00e1s en totalidad por sus propios medios.<\/p>\n<p>Te dejamos la posibilidad de colaborar a trav\u00e9s de un Bingo Virtual, el cual es a totalidad beneficio de Maira Mardones y Jes\u00fas Aguero.<\/p>\n<p><a href=\"https:\/\/infosports.com.ar\/web\/wp-content\/uploads\/2022\/09\/302548250_5417626611618022_995617123488166259_n.jpg\"><img loading=\"lazy\" decoding=\"async\" class=\"alignnone wp-image-2141 size-full\" src=\"https:\/\/infosports.com.ar\/web\/wp-content\/uploads\/2022\/09\/302548250_5417626611618022_995617123488166259_n.jpg\" alt=\"\" width=\"720\" height=\"894\" \/><\/a><\/p>\n","protected":false},"excerpt":{"rendered":"<p>El corredor Catrielense \u201cTony\u201d Ag\u00fcero continua intratable en su recorrido deportivo en cada reuni\u00f3n de trail donde suele presentarse, esta vez el convocado a la Selecci\u00f3n Nacional de Trail se subi\u00f3 al podio del K21 Salom\u00f3n de Villa Pehuenia.<\/p>\n","protected":false},"author":3,"featured_media":0,"comment_status":"open","ping_status":"open","sticky":false,"template":"","format":"standard","meta":{"_acf_changed":false,"footnotes":""},"categories":[],"tags":[],"class_list":["post-2140","post","type-post","status-publish","format-standard"],"acf":[],"aioseo_notices":[],"_links":{"self":[{"href":"https:\/\/infosports.com.ar\/web\/wp-json\/wp\/v2\/posts\/2140","targetHints":{"allow":["GET"]}}],"collection":[{"href":"https:\/\/infosports.com.ar\/web\/wp-json\/wp\/v2\/posts"}],"about":[{"href":"https:\/\/infosports.com.ar\/web\/wp-json\/wp\/v2\/types\/post"}],"author":[{"embeddable":true,"href":"https:\/\/infosports.com.ar\/web\/wp-json\/wp\/v2\/users\/3"}],"replies":[{"embeddable":true,"href":"https:\/\/infosports.com.ar\/web\/wp-json\/wp\/v2\/comments?post=2140"}],"version-history":[{"count":1,"href":"https:\/\/infosports.com.ar\/web\/wp-json\/wp\/v2\/posts\/2140\/revisions"}],"predecessor-version":[{"id":2144,"href":"https:\/\/infosports.com.ar\/web\/wp-json\/wp\/v2\/posts\/2140\/revisions\/2144"}],"wp:attachment":[{"href":"https:\/\/infosports.com.ar\/web\/wp-json\/wp\/v2\/media?parent=2140"}],"wp:term":[{"taxonomy":"category","embeddable":true,"href":"https:\/\/infosports.com.ar\/web\/wp-json\/wp\/v2\/categories?post=2140"},{"taxonomy":"post_tag","embeddable":true,"href":"https:\/\/infosports.com.ar\/web\/wp-json\/wp\/v2\/tags?post=2140"}],"curies":[{"name":"wp","href":"https:\/\/api.w.org\/{rel}","templated":true}]}}