{"id":2151,"date":"2022-09-13T11:14:55","date_gmt":"2022-09-13T14:14:55","guid":{"rendered":"https:\/\/infosports.com.ar\/web\/?p=2151"},"modified":"2022-09-13T11:14:55","modified_gmt":"2022-09-13T14:14:55","slug":"debasa-se-destaco-en-el-rally-de-piedra-del-aguila","status":"publish","type":"post","link":"https:\/\/infosports.com.ar\/web\/debasa-se-destaco-en-el-rally-de-piedra-del-aguila\/","title":{"rendered":"Debasa se destac\u00f3 en el Rally de Piedra del \u00c1guila"},"content":{"rendered":"<p>El piloto Catrielense, dej\u00f3 de lado por unos d\u00edas el rally regional, para abocarse a la puesta a punto del nuevo auto (Ford K) de nuevo generaci\u00f3n participando de la 7\u00b0 fecha del rally Neuquino en Piedra del \u00c1guila, donde estuve entre los m\u00e1s r\u00e1pidos.<!--more--><\/p>\n<p><strong>Despu\u00e9s de una contundente demostraci\u00f3n, Nicol\u00e1s Gonz\u00e1lez volvi\u00f3 a la victoria en la N2, donde debi\u00f3 competir mano a mano con Mauro Debasa, quien decidi\u00f3 participar como invitado, no sumando puntos m\u00e1s all\u00e1 de ubicarse en el 2\u00b0 puesto de la categor\u00eda, a fin de no quitar puntos a quienes vienen participando de manera continua en este rally. Esto aun as\u00ed no fue excusa para que tanto Gonz\u00e1lez, ganador de la divisional, como el piloto de Catriel no brinden un gran espect\u00e1culo.<\/strong><\/p>\n<p>El Top 10 lo completaron Gustavo Rojas, Federico Goriziano, Miguel Radomich, Dami\u00e1n Di Bartolo, Diego Semper, Roberto Raimondi, Adri\u00e1n Altamirano y Javier Mozzi.<\/p>\n<p>Como lo anticip\u00f3 este medio, Debasa compite de lleno en el rally regional, donde lidera la N2 a bordo de un Renault Cl\u00edo, mientras busca con la participaci\u00f3n de forma espor\u00e1dica en carreras como lo fue en Piedra del \u00c1guila el desarrollo final del Ford K, con el cual apuntar\u00eda a alg\u00fan campeonato de forma total en el 2023<\/p>\n<p><strong>\u00a0<\/strong><\/p>\n","protected":false},"excerpt":{"rendered":"<p>El piloto Catrielense, dej\u00f3 de lado por unos d\u00edas el rally regional, para abocarse a la puesta a punto del nuevo auto (Ford K) de nuevo generaci\u00f3n participando de la 7\u00b0 fecha del rally Neuquino en Piedra del \u00c1guila, donde estuve entre los m\u00e1s r\u00e1pidos.<\/p>\n","protected":false},"author":3,"featured_media":0,"comment_status":"open","ping_status":"open","sticky":false,"template":"","format":"standard","meta":{"_acf_changed":false,"footnotes":""},"categories":[],"tags":[],"class_list":["post-2151","post","type-post","status-publish","format-standard"],"acf":[],"aioseo_notices":[],"_links":{"self":[{"href":"https:\/\/infosports.com.ar\/web\/wp-json\/wp\/v2\/posts\/2151","targetHints":{"allow":["GET"]}}],"collection":[{"href":"https:\/\/infosports.com.ar\/web\/wp-json\/wp\/v2\/posts"}],"about":[{"href":"https:\/\/infosports.com.ar\/web\/wp-json\/wp\/v2\/types\/post"}],"author":[{"embeddable":true,"href":"https:\/\/infosports.com.ar\/web\/wp-json\/wp\/v2\/users\/3"}],"replies":[{"embeddable":true,"href":"https:\/\/infosports.com.ar\/web\/wp-json\/wp\/v2\/comments?post=2151"}],"version-history":[{"count":1,"href":"https:\/\/infosports.com.ar\/web\/wp-json\/wp\/v2\/posts\/2151\/revisions"}],"predecessor-version":[{"id":2152,"href":"https:\/\/infosports.com.ar\/web\/wp-json\/wp\/v2\/posts\/2151\/revisions\/2152"}],"wp:attachment":[{"href":"https:\/\/infosports.com.ar\/web\/wp-json\/wp\/v2\/media?parent=2151"}],"wp:term":[{"taxonomy":"category","embeddable":true,"href":"https:\/\/infosports.com.ar\/web\/wp-json\/wp\/v2\/categories?post=2151"},{"taxonomy":"post_tag","embeddable":true,"href":"https:\/\/infosports.com.ar\/web\/wp-json\/wp\/v2\/tags?post=2151"}],"curies":[{"name":"wp","href":"https:\/\/api.w.org\/{rel}","templated":true}]}}