{"id":2155,"date":"2022-09-14T09:38:47","date_gmt":"2022-09-14T12:38:47","guid":{"rendered":"https:\/\/infosports.com.ar\/web\/?p=2155"},"modified":"2022-09-14T09:38:47","modified_gmt":"2022-09-14T12:38:47","slug":"gran-prix-de-tenis-de-mesa-ignacio-serra-rumbo-a-jujuy","status":"publish","type":"post","link":"https:\/\/infosports.com.ar\/web\/gran-prix-de-tenis-de-mesa-ignacio-serra-rumbo-a-jujuy\/","title":{"rendered":"Gran Prix de Tenis de Mesa- Ignacio Serra rumbo a Jujuy"},"content":{"rendered":"<p>El talentoso jugador, de Tenis de Mesa\u00a0<strong>Ignacio Serra, <\/strong>viajar\u00e1 junto a su padre Gabriel Serra, el pr\u00f3ximo d\u00eda jueves desde el Aeropuerto Internacional Juan Domingo Per\u00f3n de Neuqu\u00e9n, rumbo a la Provincia de Jujuy, para participar del Gran Prix Nacional &#8221; Las Yungas&#8221;.<!--more--><\/p>\n<p>Dicho Torneo da puntaje para el Ranking Nacional. Actualmente Ignacio ocupa la 7ma posici\u00f3n en la Categor\u00eda Sub 13 y la 15ta posici\u00f3n en la Categor\u00eda Sub 15.<\/p>\n<p>Ignacio, quien surgi\u00f3 de la Escuela Municipal de Catriel y donde a\u00fan contin\u00faa, participar\u00e1 desde este viernes 16 de septiembre en 3 Categor\u00eda: Sub 13, Sub 15 y en la Categor\u00eda Dobles, junto a Fabricio Videla de la Provincia de Mendoza.<\/p>\n<p><a href=\"https:\/\/infosports.com.ar\/web\/wp-content\/uploads\/2022\/09\/IMG-20220912-WA0402.jpg\"><img loading=\"lazy\" decoding=\"async\" class=\"size-medium wp-image-2156 alignright\" src=\"https:\/\/infosports.com.ar\/web\/wp-content\/uploads\/2022\/09\/IMG-20220912-WA0402-217x300.jpg\" alt=\"\" width=\"217\" height=\"300\" \/><\/a>El Torneo se llevar\u00e1 adelante en el Complejo Deportivo- Escuela T\u00e9cnica Ingeniero Herminio Arrieta, ubicado en la Avenida Ant\u00e1rtida Argentina de la Ciudad de Libertador General San Martin de la Provincia de Jujuy.<\/p>\n<p>En esta oportunidad su hermano Santiago Serra y Manu Pereyra no viajar\u00e1n para competir por diferentes motivos personales.<\/p>\n<p>El Coach de la Escuela Municipal Cristian Pereyra, destac\u00f3 que Ignacio est\u00e1 pasando un gran momento deportivo y estos Torneos Nacionales son muy importante para seguir creciendo.<\/p>\n","protected":false},"excerpt":{"rendered":"<p>El talentoso jugador, de Tenis de Mesa\u00a0Ignacio Serra, viajar\u00e1 junto a su padre Gabriel Serra, el pr\u00f3ximo d\u00eda jueves desde el Aeropuerto Internacional Juan Domingo Per\u00f3n de Neuqu\u00e9n, rumbo a la Provincia de Jujuy, para participar del Gran Prix Nacional &#8221; Las Yungas&#8221;.<\/p>\n","protected":false},"author":3,"featured_media":0,"comment_status":"open","ping_status":"open","sticky":false,"template":"","format":"standard","meta":{"_acf_changed":false,"footnotes":""},"categories":[],"tags":[],"class_list":["post-2155","post","type-post","status-publish","format-standard"],"acf":[],"aioseo_notices":[],"_links":{"self":[{"href":"https:\/\/infosports.com.ar\/web\/wp-json\/wp\/v2\/posts\/2155","targetHints":{"allow":["GET"]}}],"collection":[{"href":"https:\/\/infosports.com.ar\/web\/wp-json\/wp\/v2\/posts"}],"about":[{"href":"https:\/\/infosports.com.ar\/web\/wp-json\/wp\/v2\/types\/post"}],"author":[{"embeddable":true,"href":"https:\/\/infosports.com.ar\/web\/wp-json\/wp\/v2\/users\/3"}],"replies":[{"embeddable":true,"href":"https:\/\/infosports.com.ar\/web\/wp-json\/wp\/v2\/comments?post=2155"}],"version-history":[{"count":1,"href":"https:\/\/infosports.com.ar\/web\/wp-json\/wp\/v2\/posts\/2155\/revisions"}],"predecessor-version":[{"id":2158,"href":"https:\/\/infosports.com.ar\/web\/wp-json\/wp\/v2\/posts\/2155\/revisions\/2158"}],"wp:attachment":[{"href":"https:\/\/infosports.com.ar\/web\/wp-json\/wp\/v2\/media?parent=2155"}],"wp:term":[{"taxonomy":"category","embeddable":true,"href":"https:\/\/infosports.com.ar\/web\/wp-json\/wp\/v2\/categories?post=2155"},{"taxonomy":"post_tag","embeddable":true,"href":"https:\/\/infosports.com.ar\/web\/wp-json\/wp\/v2\/tags?post=2155"}],"curies":[{"name":"wp","href":"https:\/\/api.w.org\/{rel}","templated":true}]}}