{"id":2169,"date":"2022-09-15T10:46:34","date_gmt":"2022-09-15T13:46:34","guid":{"rendered":"https:\/\/infosports.com.ar\/web\/?p=2169"},"modified":"2022-09-15T10:46:34","modified_gmt":"2022-09-15T13:46:34","slug":"roger-federer-anuncio-su-retiro-del-tenis-trabaje-duro-para-volver-pero-mi-cuerpo-tiene-un-limite","status":"publish","type":"post","link":"https:\/\/infosports.com.ar\/web\/roger-federer-anuncio-su-retiro-del-tenis-trabaje-duro-para-volver-pero-mi-cuerpo-tiene-un-limite\/","title":{"rendered":"Roger Federer anunci\u00f3 su retiro del tenis: \u201cTrabaj\u00e9 duro para volver, pero mi cuerpo tiene un l\u00edmite\u201d"},"content":{"rendered":"<p class=\"paragraph\"><b>Roger Federer anunci\u00f3 su retiro del tenis<\/b>. Uno de los\u00a0<a href=\"https:\/\/tn.com.ar\/webdeportes\/tenis\/2022\/09\/07\/preocupacion-por-roger-federer-un-nuevo-contratiempo-pone-en-jaque-su-vuelta-al-circuito\/\" target=\"_blank\" rel=\"noopener\">mejores de la historia<\/a>\u00a0anunci\u00f3 a sus 41 a\u00f1os que se termin\u00f3 su \u00e9poca en el deporte, pero que se encuentra feliz porque \u201cvendr\u00e1n grandes momentos\u201d en su vida personal, enfoc\u00e1ndose a\u00fan m\u00e1s en su familia.<!--more--><\/p>\n<p class=\"paragraph\">Las lesiones cortaron la carrera del suizo, que reconoci\u00f3 en una carta: \u201cLos \u00faltimos tres a\u00f1os tuve que afrontar desaf\u00edos por las molestias y las operaciones. Trabaj\u00e9 para volver de forma competitiva,\u00a0<b>pero mi cuerpo tiene l\u00edmites y es un mensaje que qued\u00f3 muy claro<\/b>\u201d.<\/p>\n<p class=\"paragraph\">Su \u00faltimo partido fue el 7 de julio de 2021, cuando cay\u00f3 en cuartos de final de Wimbledon. En abril de este a\u00f1o hab\u00eda anunciado su regreso a la actividad, estipulada para octubre, m\u00e1s precisamente para el ATP 500 de Basilea, su ciudad.<\/p>\n<div id=\"arcAds-infeed\" class=\"infeed-container\" data-google-query-id=\"CNzIjYb3lvoCFZk7uQYdEFIB5w\"><\/div>\n","protected":false},"excerpt":{"rendered":"<p>Roger Federer anunci\u00f3 su retiro del tenis. Uno de los\u00a0mejores de la historia\u00a0anunci\u00f3 a sus 41 a\u00f1os que se termin\u00f3 su \u00e9poca en el deporte, pero que se encuentra feliz porque \u201cvendr\u00e1n grandes momentos\u201d en su vida personal, enfoc\u00e1ndose a\u00fan m\u00e1s en su familia.<\/p>\n","protected":false},"author":3,"featured_media":0,"comment_status":"open","ping_status":"open","sticky":false,"template":"","format":"standard","meta":{"_acf_changed":false,"footnotes":""},"categories":[],"tags":[],"class_list":["post-2169","post","type-post","status-publish","format-standard"],"acf":[],"aioseo_notices":[],"_links":{"self":[{"href":"https:\/\/infosports.com.ar\/web\/wp-json\/wp\/v2\/posts\/2169","targetHints":{"allow":["GET"]}}],"collection":[{"href":"https:\/\/infosports.com.ar\/web\/wp-json\/wp\/v2\/posts"}],"about":[{"href":"https:\/\/infosports.com.ar\/web\/wp-json\/wp\/v2\/types\/post"}],"author":[{"embeddable":true,"href":"https:\/\/infosports.com.ar\/web\/wp-json\/wp\/v2\/users\/3"}],"replies":[{"embeddable":true,"href":"https:\/\/infosports.com.ar\/web\/wp-json\/wp\/v2\/comments?post=2169"}],"version-history":[{"count":1,"href":"https:\/\/infosports.com.ar\/web\/wp-json\/wp\/v2\/posts\/2169\/revisions"}],"predecessor-version":[{"id":2171,"href":"https:\/\/infosports.com.ar\/web\/wp-json\/wp\/v2\/posts\/2169\/revisions\/2171"}],"wp:attachment":[{"href":"https:\/\/infosports.com.ar\/web\/wp-json\/wp\/v2\/media?parent=2169"}],"wp:term":[{"taxonomy":"category","embeddable":true,"href":"https:\/\/infosports.com.ar\/web\/wp-json\/wp\/v2\/categories?post=2169"},{"taxonomy":"post_tag","embeddable":true,"href":"https:\/\/infosports.com.ar\/web\/wp-json\/wp\/v2\/tags?post=2169"}],"curies":[{"name":"wp","href":"https:\/\/api.w.org\/{rel}","templated":true}]}}