{"id":2174,"date":"2022-09-16T09:30:56","date_gmt":"2022-09-16T12:30:56","guid":{"rendered":"https:\/\/infosports.com.ar\/web\/?p=2174"},"modified":"2022-09-16T09:30:56","modified_gmt":"2022-09-16T12:30:56","slug":"scaloni-presento-la-lista-para-los-ultimos-amistosos","status":"publish","type":"post","link":"https:\/\/infosports.com.ar\/web\/scaloni-presento-la-lista-para-los-ultimos-amistosos\/","title":{"rendered":"Scaloni present\u00f3 la lista para los \u00faltimos amistosos"},"content":{"rendered":"<section class=\"body-content\" data-twitter-link=\"https:\/\/twitter.com\/intent\/tweet?url=https:\/\/www.lmneuquen.com\/c947068&amp;v\u00eda=lmneuquen&amp;related=LM Neuquen&amp;text=\" data-td-script-src=\"https:\/\/www.lmneuquen.com\/js-custom\/195\/v2\/jquery-3.6.0.min-min-version-1621517491.js,https:\/\/www.lmneuquen.com\/js-custom\/195\/v2\/functions\/function-embeds-min-version-1622559975.js\">La\u00a0<strong>Selecci\u00f3n Argentina<\/strong>\u00a0se prepara para lo que ser\u00e1n sus \u00faltimos dos amistosos internacionales antes del inicio\u00a0<strong>de Qatar 2022<\/strong>. El pr\u00f3ximo 23 de septiembre, los dirigidos por\u00a0<strong>Lionel Scaloni<\/strong>\u00a0se estar\u00e1n enfrentando ante\u00a0<strong>Honduras en Miami<\/strong>, mientras que cuatro d\u00edas m\u00e1s tarde chocar\u00e1n frente a\u00a0<strong>Jamaica en Nueva York.<\/strong>&nbsp;<\/p>\n<\/section>\n<p><!--more--><\/p>\n<section class=\"body-content\" data-twitter-link=\"https:\/\/twitter.com\/intent\/tweet?url=https:\/\/www.lmneuquen.com\/c947068&amp;v\u00eda=lmneuquen&amp;related=LM Neuquen&amp;text=\" data-td-script-src=\"https:\/\/www.lmneuquen.com\/js-custom\/195\/v2\/jquery-3.6.0.min-min-version-1621517491.js,https:\/\/www.lmneuquen.com\/js-custom\/195\/v2\/functions\/function-embeds-min-version-1622559975.js\">A primeras horas de este jueves,\u00a0<strong>Scaloni present\u00f3 la lista de 28 futbolistas que participar\u00e1n de la \u00faltima gira de la Albiceleste en la previa de la Copa de Mundo<\/strong>. Cabe recordar que, d\u00edas atr\u00e1s, el t\u00e9cnico hab\u00eda entregado una n\u00f3mina de 32 nombres.&nbsp;<\/p>\n<section class=\"body-content\" data-twitter-link=\"https:\/\/twitter.com\/intent\/tweet?url=https:\/\/www.lmneuquen.com\/c947068&amp;v\u00eda=lmneuquen&amp;related=LM Neuquen&amp;text=\" data-td-script-src=\"https:\/\/www.lmneuquen.com\/js-custom\/195\/v2\/jquery-3.6.0.min-min-version-1621517491.js,https:\/\/www.lmneuquen.com\/js-custom\/195\/v2\/functions\/function-embeds-min-version-1622559975.js\">Los cuatro jugadores que se quedaron afuera fueron el arquero<strong>\u00a0Juan Musso, el defensor Lucas Mart\u00ednez Quarta, el mediocampista Exequiel Palacios y el extremo Nicol\u00e1s Gonz\u00e1lez<\/strong>. Estos \u00faltimos dos, quienes han tenido mucho rodaje en este proceso,\u00a0<strong>quedaron desafectados por estar lesionados.<\/strong>&nbsp;<\/p>\n<\/section>\n<section class=\"body-content\" data-twitter-link=\"https:\/\/twitter.com\/intent\/tweet?url=https:\/\/www.lmneuquen.com\/c947068&amp;v\u00eda=lmneuquen&amp;related=LM Neuquen&amp;text=\" data-td-script-src=\"https:\/\/www.lmneuquen.com\/js-custom\/195\/v2\/jquery-3.6.0.min-min-version-1621517491.js,https:\/\/www.lmneuquen.com\/js-custom\/195\/v2\/functions\/function-embeds-min-version-1622559975.js\">De esta manera, la lista qued\u00f3 conformada por:<strong>\u00a0Emiliano Mart\u00ednez, Franco Armani y Ger\u00f3nimo Rulli; Gonzalo Montiel, Nahuel Molina, Germ\u00e1n Pezzella, Facundo Medina, Cristian Romero, Nehu\u00e9n P\u00e9rez, Nicol\u00e1s Otamendi, Lisandro Mart\u00ednez, Nicol\u00e1s Tagliafico y Marcos Acu\u00f1a; Leandro Paredes, Guido Rodr\u00edguez, Enzo Fern\u00e1ndez, Rodrigo De Paul, Alejandro G\u00f3mez, Giovani Lo Celso, Alexis Mac Allister y \u00c1ngel Di Mar\u00eda; Paulo Dybala, \u00c1ngel Correa, Lionel Messi, Thiago Almada, Joaqu\u00edn Correa, Lautaro Mart\u00ednez y Juli\u00e1n \u00c1lvarez.<\/strong>&nbsp;<\/p>\n<div id=\"embed3682_wrap\" class=\"embed_cont type_freetext\" contenteditable=\"false\" data-provider=\"Twitter\">\n<div id=\"embed3682_content\" class=\"embed_content\">\n<div id=\"embed3682_embed\">\n<div class=\"twitter-tweet twitter-tweet-rendered\"><iframe id=\"twitter-widget-0\" class=\"\" title=\"Twitter Tweet\" src=\"https:\/\/platform.twitter.com\/embed\/Tweet.html?creatorScreenName=LMNeuquen&amp;dnt=false&amp;embedId=twitter-widget-0&amp;features=eyJ0ZndfdGltZWxpbmVfbGlzdCI6eyJidWNrZXQiOlsibGlua3RyLmVlIiwidHIuZWUiLCJ0ZXJyYS5jb20uYnIiLCJ3d3cubGlua3RyLmVlIiwid3d3LnRyLmVlIiwid3d3LnRlcnJhLmNvbS5iciJdLCJ2ZXJzaW9uIjpudWxsfSwidGZ3X2hvcml6b25fdGltZWxpbmVfMTIwMzQiOnsiYnVja2V0IjoidHJlYXRtZW50IiwidmVyc2lvbiI6bnVsbH0sInRmd190d2VldF9lZGl0X2JhY2tlbmQiOnsiYnVja2V0Ijoib24iLCJ2ZXJzaW9uIjpudWxsfSwidGZ3X3JlZnNyY19zZXNzaW9uIjp7ImJ1Y2tldCI6Im9uIiwidmVyc2lvbiI6bnVsbH0sInRmd19jaGluX3BpbGxzXzE0NzQxIjp7ImJ1Y2tldCI6ImNvbG9yX2ljb25zIiwidmVyc2lvbiI6bnVsbH0sInRmd190d2VldF9yZXN1bHRfbWlncmF0aW9uXzEzOTc5Ijp7ImJ1Y2tldCI6InR3ZWV0X3Jlc3VsdCIsInZlcnNpb24iOm51bGx9LCJ0Zndfc2Vuc2l0aXZlX21lZGlhX2ludGVyc3RpdGlhbF8xMzk2MyI6eyJidWNrZXQiOiJpbnRlcnN0aXRpYWwiLCJ2ZXJzaW9uIjpudWxsfSwidGZ3X2V4cGVyaW1lbnRzX2Nvb2tpZV9leHBpcmF0aW9uIjp7ImJ1Y2tldCI6MTIwOTYwMCwidmVyc2lvbiI6bnVsbH0sInRmd19kdXBsaWNhdGVfc2NyaWJlc190b19zZXR0aW5ncyI6eyJidWNrZXQiOiJvbiIsInZlcnNpb24iOm51bGx9LCJ0ZndfdHdlZXRfZWRpdF9mcm9udGVuZCI6eyJidWNrZXQiOiJvZmYiLCJ2ZXJzaW9uIjpudWxsfX0%3D&amp;frame=false&amp;hideCard=false&amp;hideThread=false&amp;id=1570412223998083074&amp;lang=es&amp;origin=https%3A%2F%2Fwww.lmneuquen.com%2Fscaloni-presento-la-lista-los-ultimos-amistosos-la-argentina-antes-qatar-2022-n947068&amp;sessionId=95e8266364f93f2b89ff40612875fbe09ed8e0c5&amp;siteScreenName=LMNeuquen&amp;theme=light&amp;widgetsVersion=1bfeb5c3714e8%3A1661975971032&amp;width=550px\" frameborder=\"0\" scrolling=\"no\" allowfullscreen=\"allowfullscreen\" data-tweet-id=\"1570412223998083074\" data-mce-fragment=\"1\"><\/iframe><\/div>\n<\/div>\n<\/div>\n<\/div>\n<p>&nbsp;<\/p>\n<p>El \u00fanico de los futbolistas que nunca hab\u00eda formado parte de una convocatoria es\u00a0<strong>Enzo Fern\u00e1ndez<\/strong>. El ex River, quien actualmente se desempe\u00f1a en el Benfica de Portugal, viene demostrando un enorme nivel en el f\u00fatbol Europeo y<strong>\u00a0se convirti\u00f3 en uno de los jugadores m\u00e1s pedidos por el p\u00fablico de la Selecci\u00f3n Argentina en el \u00faltimo tiempo.<\/strong><\/p>\n<p>Tambi\u00e9n se destacan las presencias de\u00a0<strong>Thiago Almada<\/strong>,\u00a0<strong>Facundo Medina\u00a0<\/strong>y\u00a0<strong>Nehu\u00e9n P\u00e9rez<\/strong>. Si bien los tres ya han sumado un pu\u00f1ado de minutos con la camiseta albiceleste, siempre fue por alguna ausencia o lesi\u00f3n de otro jugador.<\/p>\n<div id=\"embed1607_wrap\" class=\"embed_cont type_freetext\" contenteditable=\"false\" data-provider=\"Twitter\">\n<div id=\"embed1607_content\" class=\"embed_content\">\n<div id=\"embed1607_embed\">\n<div class=\"twitter-tweet twitter-tweet-rendered\"><iframe id=\"twitter-widget-1\" class=\"\" title=\"Twitter Tweet\" src=\"https:\/\/platform.twitter.com\/embed\/Tweet.html?creatorScreenName=LMNeuquen&amp;dnt=false&amp;embedId=twitter-widget-1&amp;features=eyJ0ZndfdGltZWxpbmVfbGlzdCI6eyJidWNrZXQiOlsibGlua3RyLmVlIiwidHIuZWUiLCJ0ZXJyYS5jb20uYnIiLCJ3d3cubGlua3RyLmVlIiwid3d3LnRyLmVlIiwid3d3LnRlcnJhLmNvbS5iciJdLCJ2ZXJzaW9uIjpudWxsfSwidGZ3X2hvcml6b25fdGltZWxpbmVfMTIwMzQiOnsiYnVja2V0IjoidHJlYXRtZW50IiwidmVyc2lvbiI6bnVsbH0sInRmd190d2VldF9lZGl0X2JhY2tlbmQiOnsiYnVja2V0Ijoib24iLCJ2ZXJzaW9uIjpudWxsfSwidGZ3X3JlZnNyY19zZXNzaW9uIjp7ImJ1Y2tldCI6Im9uIiwidmVyc2lvbiI6bnVsbH0sInRmd19jaGluX3BpbGxzXzE0NzQxIjp7ImJ1Y2tldCI6ImNvbG9yX2ljb25zIiwidmVyc2lvbiI6bnVsbH0sInRmd190d2VldF9yZXN1bHRfbWlncmF0aW9uXzEzOTc5Ijp7ImJ1Y2tldCI6InR3ZWV0X3Jlc3VsdCIsInZlcnNpb24iOm51bGx9LCJ0Zndfc2Vuc2l0aXZlX21lZGlhX2ludGVyc3RpdGlhbF8xMzk2MyI6eyJidWNrZXQiOiJpbnRlcnN0aXRpYWwiLCJ2ZXJzaW9uIjpudWxsfSwidGZ3X2V4cGVyaW1lbnRzX2Nvb2tpZV9leHBpcmF0aW9uIjp7ImJ1Y2tldCI6MTIwOTYwMCwidmVyc2lvbiI6bnVsbH0sInRmd19kdXBsaWNhdGVfc2NyaWJlc190b19zZXR0aW5ncyI6eyJidWNrZXQiOiJvbiIsInZlcnNpb24iOm51bGx9LCJ0ZndfdHdlZXRfZWRpdF9mcm9udGVuZCI6eyJidWNrZXQiOiJvZmYiLCJ2ZXJzaW9uIjpudWxsfX0%3D&amp;frame=false&amp;hideCard=false&amp;hideThread=false&amp;id=1570421772415111168&amp;lang=es&amp;origin=https%3A%2F%2Fwww.lmneuquen.com%2Fscaloni-presento-la-lista-los-ultimos-amistosos-la-argentina-antes-qatar-2022-n947068&amp;sessionId=95e8266364f93f2b89ff40612875fbe09ed8e0c5&amp;siteScreenName=LMNeuquen&amp;theme=light&amp;widgetsVersion=1bfeb5c3714e8%3A1661975971032&amp;width=550px\" frameborder=\"0\" scrolling=\"no\" allowfullscreen=\"allowfullscreen\" data-tweet-id=\"1570421772415111168\" data-mce-fragment=\"1\"><\/iframe><\/div>\n<\/div>\n<\/div>\n<\/div>\n<p>&nbsp;<\/p>\n<p>Tras los duelos ante Honduras y Jamaica,\u00a0<strong>Lionel Scaloni conformar\u00e1 una prelista de 35 futbolistas como m\u00e1ximo<\/strong>, la cual deber\u00e1 ser enviada a la\u00a0<strong>FIFA\u00a0<\/strong>antes del pr\u00f3ximo 21 de octubre. De esta n\u00f3mina,\u00a0<strong>el t\u00e9cnico tendr\u00e1 que recortar nombres hasta quedarse con los 26 jugadores que representar\u00e1n al seleccionado nacional en el Mundial de Qatar 2022.<\/strong><\/p>\n<p><a href=\"https:\/\/infosports.com.ar\/web\/wp-content\/uploads\/2022\/09\/lista-seleccion_w416.jpg\"><img loading=\"lazy\" decoding=\"async\" class=\"alignnone wp-image-2176 size-full\" src=\"https:\/\/infosports.com.ar\/web\/wp-content\/uploads\/2022\/09\/lista-seleccion_w416.jpg\" alt=\"\" width=\"416\" height=\"416\" \/><\/a><\/p>\n<\/section>\n<\/section>\n","protected":false},"excerpt":{"rendered":"<p>La\u00a0Selecci\u00f3n Argentina\u00a0se prepara para lo que ser\u00e1n sus \u00faltimos dos amistosos internacionales antes del inicio\u00a0de Qatar 2022. El pr\u00f3ximo 23 de septiembre, los dirigidos por\u00a0Lionel Scaloni\u00a0se estar\u00e1n enfrentando ante\u00a0Honduras en Miami, mientras que cuatro d\u00edas m\u00e1s tarde chocar\u00e1n frente a\u00a0Jamaica en Nueva York.&nbsp;<\/p>\n","protected":false},"author":3,"featured_media":0,"comment_status":"open","ping_status":"open","sticky":false,"template":"","format":"standard","meta":{"_acf_changed":false,"footnotes":""},"categories":[],"tags":[],"class_list":["post-2174","post","type-post","status-publish","format-standard"],"acf":[],"aioseo_notices":[],"_links":{"self":[{"href":"https:\/\/infosports.com.ar\/web\/wp-json\/wp\/v2\/posts\/2174","targetHints":{"allow":["GET"]}}],"collection":[{"href":"https:\/\/infosports.com.ar\/web\/wp-json\/wp\/v2\/posts"}],"about":[{"href":"https:\/\/infosports.com.ar\/web\/wp-json\/wp\/v2\/types\/post"}],"author":[{"embeddable":true,"href":"https:\/\/infosports.com.ar\/web\/wp-json\/wp\/v2\/users\/3"}],"replies":[{"embeddable":true,"href":"https:\/\/infosports.com.ar\/web\/wp-json\/wp\/v2\/comments?post=2174"}],"version-history":[{"count":1,"href":"https:\/\/infosports.com.ar\/web\/wp-json\/wp\/v2\/posts\/2174\/revisions"}],"predecessor-version":[{"id":2177,"href":"https:\/\/infosports.com.ar\/web\/wp-json\/wp\/v2\/posts\/2174\/revisions\/2177"}],"wp:attachment":[{"href":"https:\/\/infosports.com.ar\/web\/wp-json\/wp\/v2\/media?parent=2174"}],"wp:term":[{"taxonomy":"category","embeddable":true,"href":"https:\/\/infosports.com.ar\/web\/wp-json\/wp\/v2\/categories?post=2174"},{"taxonomy":"post_tag","embeddable":true,"href":"https:\/\/infosports.com.ar\/web\/wp-json\/wp\/v2\/tags?post=2174"}],"curies":[{"name":"wp","href":"https:\/\/api.w.org\/{rel}","templated":true}]}}