{"id":2183,"date":"2022-09-19T10:11:30","date_gmt":"2022-09-19T13:11:30","guid":{"rendered":"https:\/\/infosports.com.ar\/web\/?p=2183"},"modified":"2022-09-19T10:11:30","modified_gmt":"2022-09-19T13:11:30","slug":"volvio-el-pro-kart-a-la-isla-con-varios-catrielenses-en-carrera","status":"publish","type":"post","link":"https:\/\/infosports.com.ar\/web\/volvio-el-pro-kart-a-la-isla-con-varios-catrielenses-en-carrera\/","title":{"rendered":"Volvi\u00f3 el Pro Kart a la Isla con varios Catrielenses en carrera"},"content":{"rendered":"<p>Regres\u00f3 el ProKart a la Isla Jordan, despu\u00e9s del parate invernal el rugir de motores se hizo presente para dar continuidad a la \u00faltima etapa del a\u00f1o en las distintas categor\u00edas, donde en las finales de la fecha aparecen varios pilotos Catrielenses bien clasificados. (infosports.com.ar\/webweb\/)<!--more--><\/p>\n<p>En la Pre Junior, Mart\u00edn Debasa logr\u00f3 ubicarse en el puesto 3, lo cual lo mantiene peleando por el titulo 2022. En tanto en la Pro Kart 150 Invitados, Bautista Zu\u00f1iga esta vez debi\u00f3 sortear m\u00e1s que pilotos en escena ya que sufri\u00f3 con algunos percances t\u00e9cnicos que a\u00fan as\u00ed no fueron escollo para que una vez m\u00e1s de lo mejor aunque marcara el puesto 7 de la divisional en la final. Mientras que en Promocionales su ubicaci\u00f3n fue el 9\u00b0 lugar.<\/p>\n<p>En la categor\u00eda, Pro Kart Sprinter 150cc Felipe Debasa, se ubic\u00f3 4\u00b0 en el podio.<\/p>\n<p>En Pre Junior 110cc, Mart\u00edn Debasa culmin\u00f3 3\u00b0 en el podio<\/p>\n","protected":false},"excerpt":{"rendered":"<p>Regres\u00f3 el ProKart a la Isla Jordan, despu\u00e9s del parate invernal el rugir de motores se hizo presente para dar continuidad a la \u00faltima etapa del a\u00f1o en las distintas categor\u00edas, donde en las finales de la fecha aparecen varios pilotos Catrielenses bien clasificados. (infosports.com.ar\/webweb\/)<\/p>\n","protected":false},"author":3,"featured_media":0,"comment_status":"open","ping_status":"open","sticky":false,"template":"","format":"standard","meta":{"_acf_changed":false,"footnotes":""},"categories":[],"tags":[],"class_list":["post-2183","post","type-post","status-publish","format-standard"],"acf":[],"aioseo_notices":[],"_links":{"self":[{"href":"https:\/\/infosports.com.ar\/web\/wp-json\/wp\/v2\/posts\/2183","targetHints":{"allow":["GET"]}}],"collection":[{"href":"https:\/\/infosports.com.ar\/web\/wp-json\/wp\/v2\/posts"}],"about":[{"href":"https:\/\/infosports.com.ar\/web\/wp-json\/wp\/v2\/types\/post"}],"author":[{"embeddable":true,"href":"https:\/\/infosports.com.ar\/web\/wp-json\/wp\/v2\/users\/3"}],"replies":[{"embeddable":true,"href":"https:\/\/infosports.com.ar\/web\/wp-json\/wp\/v2\/comments?post=2183"}],"version-history":[{"count":1,"href":"https:\/\/infosports.com.ar\/web\/wp-json\/wp\/v2\/posts\/2183\/revisions"}],"predecessor-version":[{"id":2185,"href":"https:\/\/infosports.com.ar\/web\/wp-json\/wp\/v2\/posts\/2183\/revisions\/2185"}],"wp:attachment":[{"href":"https:\/\/infosports.com.ar\/web\/wp-json\/wp\/v2\/media?parent=2183"}],"wp:term":[{"taxonomy":"category","embeddable":true,"href":"https:\/\/infosports.com.ar\/web\/wp-json\/wp\/v2\/categories?post=2183"},{"taxonomy":"post_tag","embeddable":true,"href":"https:\/\/infosports.com.ar\/web\/wp-json\/wp\/v2\/tags?post=2183"}],"curies":[{"name":"wp","href":"https:\/\/api.w.org\/{rel}","templated":true}]}}