{"id":2186,"date":"2022-09-19T10:42:29","date_gmt":"2022-09-19T13:42:29","guid":{"rendered":"https:\/\/infosports.com.ar\/web\/?p=2186"},"modified":"2022-09-19T10:42:29","modified_gmt":"2022-09-19T13:42:29","slug":"ignacio-serra-doblemente-subcampeon-del-gran-prix-de-jujuy","status":"publish","type":"post","link":"https:\/\/infosports.com.ar\/web\/ignacio-serra-doblemente-subcampeon-del-gran-prix-de-jujuy\/","title":{"rendered":"Ignacio Serra, doblemente subcampe\u00f3n del Gran Prix de Jujuy"},"content":{"rendered":"<p>Surgido de la Escuela de Tenis de Mesa Municipal, Nacho Serra sigue pisando fuerte en los estadios del pa\u00eds. Esta vez, logr\u00f3 el segundo puesto en la categor\u00eda sub 13, modalidad individual y dobles, del Gran Prix de la provincia de Jujuy, denominado &#8220;Las Yungas&#8221;, disputado en el polideportivo de la Escuela T\u00e9cnica Emilio Arrieta, de la ciudad de Libertador General San Mart\u00edn.<!--more--><\/p>\n<p>Ignacio demostr\u00f3 un excelente nivel, imponi\u00e9ndose por 3-0 en ambos partidos de fase de grupos, derrotando a los locales Luciano S\u00e1nchez y Salvador G\u00e1mez Cellino. Ya en llave final, derrot\u00f3 por id\u00e9ntico marcador a Federico Varela, de Salta, en octavos de final, y venci\u00f3 por 3-1 a Juan Mart\u00edn Molina, de FETEMBA, en cuartos. En semifinales, venci\u00f3 3-1 a Santino Rossi Vera, de Fetemba.<\/p>\n<p>Ya en la final, cay\u00f3 1-3 ante Tomas Soria Castillo, de Salta, referente e integrante de la Selecci\u00f3n Argentina de la categor\u00eda, a quien Nacho hab\u00eda vencido dos veces en el pasado Torneo Nacional. Por su parte, en sub 15 empez\u00f3 directamente en llave, venciendo en 16avos. de final a Leandro Sosa, de Jujuy, por 3-0. En octavos, derrot\u00f3 por el mismo score a Clemente Mosteir\u00edn, de FETEMBA, y en cuartos, cay\u00f3 1-3 contra Juan Ignacio Videla, de Mendoza.<\/p>\n<p>Es de destacar que todos estos jugadores, tienen entre catorce y quince a\u00f1os, contra los doce reci\u00e9n cumplidos de Nacho.<\/p>\n<p>Por \u00faltimo, disput\u00f3 el torneo de dobles en categor\u00eda sub 13, obteniendo el segundo puesto, haciendo dupla con Fabricio Videla, de Mendoza.<\/p>\n<p>En grupos, derrotaron por sendos 3-0 a las duplas locales Lautaro Ortega y Santiago Vergara, e Ignacio Bozo y Emiliano Cerpa.<\/p>\n<p>En cuartos de final, y en una muestra de gran car\u00e1cter, derrotaron 3-2 al binomio integrado por Santiago Nu\u00f1ez y Juan Cruz Axon, de Chaco, tras ir perdiendo 1-2.<\/p>\n<p>Ya en semifinales, derrotaron a Juan Mart\u00edn Molina y Augusto Mero, de Fetemba, por 3-1 en electrizante partido.<\/p>\n<p>En la final, perdieron 0-3 contra la dupla de Fetemba integrada por Mateo Carraza y Santino Rossi Vera.<\/p>\n<p>Adem\u00e1s, Nacho recibi\u00f3 un reconocimiento por haber sido el jugador que lleg\u00f3 desde m\u00e1s lejos a disputar el certamen.<\/p>\n<p>Sin dudas, un torneo que lo estimula y lo hace llegar enfocado al Gran Prix de nuestra provincia, que se disputar\u00e1 entre el 14 y 16 de octubre en la ciudad de Viedma.<\/p>\n","protected":false},"excerpt":{"rendered":"<p>Surgido de la Escuela de Tenis de Mesa Municipal, Nacho Serra sigue pisando fuerte en los estadios del pa\u00eds. Esta vez, logr\u00f3 el segundo puesto en la categor\u00eda sub 13, modalidad individual y dobles, del Gran Prix de la provincia de Jujuy, denominado &#8220;Las Yungas&#8221;, disputado en el polideportivo de la Escuela T\u00e9cnica Emilio Arrieta, [&hellip;]<\/p>\n","protected":false},"author":3,"featured_media":0,"comment_status":"open","ping_status":"open","sticky":false,"template":"","format":"standard","meta":{"_acf_changed":false,"footnotes":""},"categories":[],"tags":[],"class_list":["post-2186","post","type-post","status-publish","format-standard"],"acf":[],"aioseo_notices":[],"_links":{"self":[{"href":"https:\/\/infosports.com.ar\/web\/wp-json\/wp\/v2\/posts\/2186","targetHints":{"allow":["GET"]}}],"collection":[{"href":"https:\/\/infosports.com.ar\/web\/wp-json\/wp\/v2\/posts"}],"about":[{"href":"https:\/\/infosports.com.ar\/web\/wp-json\/wp\/v2\/types\/post"}],"author":[{"embeddable":true,"href":"https:\/\/infosports.com.ar\/web\/wp-json\/wp\/v2\/users\/3"}],"replies":[{"embeddable":true,"href":"https:\/\/infosports.com.ar\/web\/wp-json\/wp\/v2\/comments?post=2186"}],"version-history":[{"count":1,"href":"https:\/\/infosports.com.ar\/web\/wp-json\/wp\/v2\/posts\/2186\/revisions"}],"predecessor-version":[{"id":2188,"href":"https:\/\/infosports.com.ar\/web\/wp-json\/wp\/v2\/posts\/2186\/revisions\/2188"}],"wp:attachment":[{"href":"https:\/\/infosports.com.ar\/web\/wp-json\/wp\/v2\/media?parent=2186"}],"wp:term":[{"taxonomy":"category","embeddable":true,"href":"https:\/\/infosports.com.ar\/web\/wp-json\/wp\/v2\/categories?post=2186"},{"taxonomy":"post_tag","embeddable":true,"href":"https:\/\/infosports.com.ar\/web\/wp-json\/wp\/v2\/tags?post=2186"}],"curies":[{"name":"wp","href":"https:\/\/api.w.org\/{rel}","templated":true}]}}