{"id":2189,"date":"2022-09-19T07:52:47","date_gmt":"2022-09-19T10:52:47","guid":{"rendered":"https:\/\/infosports.com.ar\/web\/?p=2189"},"modified":"2022-09-19T10:53:03","modified_gmt":"2022-09-19T13:53:03","slug":"deportista-rionegrino-en-mundial-de-beach-volley","status":"publish","type":"post","link":"https:\/\/infosports.com.ar\/web\/deportista-rionegrino-en-mundial-de-beach-volley\/","title":{"rendered":"Deportista rionegrino en Mundial de Beach Volley"},"content":{"rendered":"<p align=\"JUSTIFY\">Durante los d\u00edas 5 y hasta el 11 de Septiembre del a\u00f1o 2022 se realiz\u00f3 el Campeonato Mundial de Beach Volley en Macei\u00f3, ciudad capital del estado de Alagoas, en costa este de Brasil. Previamente, bajo la organizaci\u00f3n y coordinaci\u00f3n de la Universidad de San Mart\u00edn se llev\u00f3 a cabo un torneo clasificatorio para dicho evento, donde se logr\u00f3 obtener dos cupos, uno para la rama femenina y otro para la masculina. La dupla Masculina fue integrada por Santiago Gauto de la provincia de C\u00f3rdoba y el rionegrino Augusto Sosaya de la ciudad de General Roca.<!--more--><\/p>\n<p align=\"JUSTIFY\">El rionegrino jugaba al Beach Volley Piso en su ciudad natal General Roca desde peque\u00f1o, luego de un tiempo se interes\u00f3 por el Beach Volley pero no hab\u00eda un espacio adecuado para desarrollarse en dicho deporte, pero a partir del a\u00f1o 2020, comenz\u00f3 a entrenar en la ciudad de Allen junto a su actual Director T\u00e9cnico, Lionel Bernardo Huebra, en las canchas del predio del Sindicato de Camioneros, con esfuerzo y dedicaci\u00f3n se gan\u00f3 un lugar en el Centro Nacional de Alto Rendimiento Deportivo (CENARD).<\/p>\n<p align=\"JUSTIFY\">El legislador Juan Pablo Muena present\u00f3 una iniciativa con el objetivo declarar de inter\u00e9s deportivo y social la participaci\u00f3n del deportista Augusto Sosaya, oriundo de la ciudad de General Roca, en el Mundial Universitario de Beach Volley realizado los d\u00edas 5 y hasta el 11 de Septiembre del a\u00f1o 2022 en Macei\u00f3, ciudad capital del estado de Alagoas, en la costa este de Brasil. Las legisladoras Claudia Contreras, Julia Fern\u00e1ndez, Adriana Del Agua y Graciela Vivanco acompa\u00f1an dicho proyecto.<\/p>\n","protected":false},"excerpt":{"rendered":"<p>Durante los d\u00edas 5 y hasta el 11 de Septiembre del a\u00f1o 2022 se realiz\u00f3 el Campeonato Mundial de Beach Volley en Macei\u00f3, ciudad capital del estado de Alagoas, en costa este de Brasil. Previamente, bajo la organizaci\u00f3n y coordinaci\u00f3n de la Universidad de San Mart\u00edn se llev\u00f3 a cabo un torneo clasificatorio para dicho [&hellip;]<\/p>\n","protected":false},"author":3,"featured_media":0,"comment_status":"open","ping_status":"open","sticky":false,"template":"","format":"standard","meta":{"_acf_changed":false,"footnotes":""},"categories":[],"tags":[],"class_list":["post-2189","post","type-post","status-publish","format-standard"],"acf":[],"aioseo_notices":[],"_links":{"self":[{"href":"https:\/\/infosports.com.ar\/web\/wp-json\/wp\/v2\/posts\/2189","targetHints":{"allow":["GET"]}}],"collection":[{"href":"https:\/\/infosports.com.ar\/web\/wp-json\/wp\/v2\/posts"}],"about":[{"href":"https:\/\/infosports.com.ar\/web\/wp-json\/wp\/v2\/types\/post"}],"author":[{"embeddable":true,"href":"https:\/\/infosports.com.ar\/web\/wp-json\/wp\/v2\/users\/3"}],"replies":[{"embeddable":true,"href":"https:\/\/infosports.com.ar\/web\/wp-json\/wp\/v2\/comments?post=2189"}],"version-history":[{"count":1,"href":"https:\/\/infosports.com.ar\/web\/wp-json\/wp\/v2\/posts\/2189\/revisions"}],"predecessor-version":[{"id":2191,"href":"https:\/\/infosports.com.ar\/web\/wp-json\/wp\/v2\/posts\/2189\/revisions\/2191"}],"wp:attachment":[{"href":"https:\/\/infosports.com.ar\/web\/wp-json\/wp\/v2\/media?parent=2189"}],"wp:term":[{"taxonomy":"category","embeddable":true,"href":"https:\/\/infosports.com.ar\/web\/wp-json\/wp\/v2\/categories?post=2189"},{"taxonomy":"post_tag","embeddable":true,"href":"https:\/\/infosports.com.ar\/web\/wp-json\/wp\/v2\/tags?post=2189"}],"curies":[{"name":"wp","href":"https:\/\/api.w.org\/{rel}","templated":true}]}}