{"id":2195,"date":"2022-09-19T12:04:44","date_gmt":"2022-09-19T15:04:44","guid":{"rendered":"https:\/\/infosports.com.ar\/web\/?p=2195"},"modified":"2022-09-19T12:04:44","modified_gmt":"2022-09-19T15:04:44","slug":"el-grupo-de-actividades-fisicas-adaptadas-participo-en-taller-de-inclusion","status":"publish","type":"post","link":"https:\/\/infosports.com.ar\/web\/el-grupo-de-actividades-fisicas-adaptadas-participo-en-taller-de-inclusion\/","title":{"rendered":"El Grupo de Actividades F\u00edsicas Adaptadas particip\u00f3 en &#8220;Taller de Inclusi\u00f3n&#8221;"},"content":{"rendered":"<div class=\"m8h3af8h l7ghb35v kjdc1dyq kmwttqpk gh25dzvf n3t5jt4f\">\n<div dir=\"auto\"><span class=\"fxk3tzhb b2rh1bv3 gh55jysx m8h3af8h ewco64xe kjdc1dyq ms56khn7 bq6c9xl4 eohcrkr5 akh3l2rg\">El grupo municipal AFAC (Actividades F\u00edsicas Adaptadas de Catriel) particip\u00f3 del Taller &#8220;La Inclusi\u00f3n en la Escuela Secundaria&#8221;, realizada desde el espacio EVE por docentes, preceptores y estudiantes de la ESRN 78.<\/span><\/div>\n<\/div>\n<p><!--more--><\/p>\n<div class=\"l7ghb35v kjdc1dyq kmwttqpk gh25dzvf jikcssrz n3t5jt4f\">\n<div dir=\"auto\"><span class=\"fxk3tzhb b2rh1bv3 gh55jysx m8h3af8h ewco64xe kjdc1dyq ms56khn7 bq6c9xl4 eohcrkr5 akh3l2rg\"><img loading=\"lazy\" decoding=\"async\" src=\"https:\/\/static.xx.fbcdn.net\/images\/emoji.php\/v9\/t86\/1.5\/16\/1f4cd.png\" alt=\"&#x1f4cd;\" width=\"16\" height=\"16\" \/><\/span>Se trat\u00f3 de una jornada l\u00fadica y pr\u00e1ctica, donde se abordaron aspectos generales del deporte adaptado y paral\u00edmpico que se llevan adelante en nuestra ciudad, como Tenis para personas ciegas y con baja visi\u00f3n, a cargo de Miguel Vara.<\/div>\n<\/div>\n<div class=\"l7ghb35v kjdc1dyq kmwttqpk gh25dzvf jikcssrz n3t5jt4f\">\n<div dir=\"auto\"><span class=\"fxk3tzhb b2rh1bv3 gh55jysx m8h3af8h ewco64xe kjdc1dyq ms56khn7 bq6c9xl4 eohcrkr5 akh3l2rg\"><img loading=\"lazy\" decoding=\"async\" src=\"https:\/\/static.xx.fbcdn.net\/images\/emoji.php\/v9\/t86\/1.5\/16\/1f4cd.png\" alt=\"&#x1f4cd;\" width=\"16\" height=\"16\" \/><\/span>Adem\u00e1s, se nombraron competencias provinciales como los Juegos Rionegrinos, que tuvieron la participaci\u00f3n de Dahiton Lorca (bicampe\u00f3n provincial de lanzamiento de bala, disco y jabalina)<\/div>\n<\/div>\n<div class=\"l7ghb35v kjdc1dyq kmwttqpk gh25dzvf jikcssrz n3t5jt4f\">\n<div dir=\"auto\"><span class=\"fxk3tzhb b2rh1bv3 gh55jysx m8h3af8h ewco64xe kjdc1dyq ms56khn7 bq6c9xl4 eohcrkr5 akh3l2rg\"><img loading=\"lazy\" decoding=\"async\" src=\"https:\/\/static.xx.fbcdn.net\/images\/emoji.php\/v9\/t86\/1.5\/16\/1f4cd.png\" alt=\"&#x1f4cd;\" width=\"16\" height=\"16\" \/><\/span>Tambi\u00e9n se realiz\u00f3 una jornada de tiro con arco, a cargo de la instructora y preparadora f\u00edsica, M\u00f3nica Ocampos.<\/div>\n<\/div>\n<div class=\"l7ghb35v kjdc1dyq kmwttqpk gh25dzvf jikcssrz n3t5jt4f\">\n<div dir=\"auto\"><span class=\"fxk3tzhb b2rh1bv3 gh55jysx m8h3af8h ewco64xe kjdc1dyq ms56khn7 bq6c9xl4 eohcrkr5 akh3l2rg\"><img loading=\"lazy\" decoding=\"async\" src=\"https:\/\/static.xx.fbcdn.net\/images\/emoji.php\/v9\/t86\/1.5\/16\/1f4cd.png\" alt=\"&#x1f4cd;\" width=\"16\" height=\"16\" \/><\/span>Finalmente, se habl\u00f3 del deporte adaptado en silla de ruedas y se expusieron sillas deportivas para la integraci\u00f3n y socializaci\u00f3n de personas con movilidad reducida.<\/div>\n<\/div>\n","protected":false},"excerpt":{"rendered":"<p>El grupo municipal AFAC (Actividades F\u00edsicas Adaptadas de Catriel) particip\u00f3 del Taller &#8220;La Inclusi\u00f3n en la Escuela Secundaria&#8221;, realizada desde el espacio EVE por docentes, preceptores y estudiantes de la ESRN 78.<\/p>\n","protected":false},"author":3,"featured_media":0,"comment_status":"open","ping_status":"open","sticky":false,"template":"","format":"standard","meta":{"_acf_changed":false,"footnotes":""},"categories":[],"tags":[],"class_list":["post-2195","post","type-post","status-publish","format-standard"],"acf":[],"aioseo_notices":[],"_links":{"self":[{"href":"https:\/\/infosports.com.ar\/web\/wp-json\/wp\/v2\/posts\/2195","targetHints":{"allow":["GET"]}}],"collection":[{"href":"https:\/\/infosports.com.ar\/web\/wp-json\/wp\/v2\/posts"}],"about":[{"href":"https:\/\/infosports.com.ar\/web\/wp-json\/wp\/v2\/types\/post"}],"author":[{"embeddable":true,"href":"https:\/\/infosports.com.ar\/web\/wp-json\/wp\/v2\/users\/3"}],"replies":[{"embeddable":true,"href":"https:\/\/infosports.com.ar\/web\/wp-json\/wp\/v2\/comments?post=2195"}],"version-history":[{"count":1,"href":"https:\/\/infosports.com.ar\/web\/wp-json\/wp\/v2\/posts\/2195\/revisions"}],"predecessor-version":[{"id":2197,"href":"https:\/\/infosports.com.ar\/web\/wp-json\/wp\/v2\/posts\/2195\/revisions\/2197"}],"wp:attachment":[{"href":"https:\/\/infosports.com.ar\/web\/wp-json\/wp\/v2\/media?parent=2195"}],"wp:term":[{"taxonomy":"category","embeddable":true,"href":"https:\/\/infosports.com.ar\/web\/wp-json\/wp\/v2\/categories?post=2195"},{"taxonomy":"post_tag","embeddable":true,"href":"https:\/\/infosports.com.ar\/web\/wp-json\/wp\/v2\/tags?post=2195"}],"curies":[{"name":"wp","href":"https:\/\/api.w.org\/{rel}","templated":true}]}}