{"id":2198,"date":"2022-09-19T12:17:55","date_gmt":"2022-09-19T15:17:55","guid":{"rendered":"https:\/\/infosports.com.ar\/web\/?p=2198"},"modified":"2022-09-19T12:17:55","modified_gmt":"2022-09-19T15:17:55","slug":"25-de-mayo-gran-encuentro-de-futbol-infantil","status":"publish","type":"post","link":"https:\/\/infosports.com.ar\/web\/25-de-mayo-gran-encuentro-de-futbol-infantil\/","title":{"rendered":"25 de Mayo-Gran encuentro de Futbol Infantil"},"content":{"rendered":"<div dir=\"auto\">25 de Mayo-Se desarroll\u00f3 una jornada recreativa de f\u00fatbol, organizada por la Escuela Municipal del barrio La Esperanza y adem\u00e1s de los locales, cont\u00f3 con la presencia del Club Independiente de Catriel, La Reforma F\u00fatbol Club y Club Punto Unido.<\/div>\n<p><!--more--><\/p>\n<div dir=\"auto\">Las categor\u00edas que participaron fueron: 2013&#8242;-14-15-16.<\/div>\n<div dir=\"auto\">Lo m\u00e1s importante en este tipo de encuentro, sin dudas, no es el resultado en si; sino la integraci\u00f3n y la inserci\u00f3n primaria en el deporte, eje fundamental para el crecimiento como ser humano.<\/div>\n","protected":false},"excerpt":{"rendered":"<p>25 de Mayo-Se desarroll\u00f3 una jornada recreativa de f\u00fatbol, organizada por la Escuela Municipal del barrio La Esperanza y adem\u00e1s de los locales, cont\u00f3 con la presencia del Club Independiente de Catriel, La Reforma F\u00fatbol Club y Club Punto Unido.<\/p>\n","protected":false},"author":3,"featured_media":0,"comment_status":"open","ping_status":"open","sticky":false,"template":"","format":"standard","meta":{"_acf_changed":false,"footnotes":""},"categories":[],"tags":[],"class_list":["post-2198","post","type-post","status-publish","format-standard"],"acf":[],"aioseo_notices":[],"_links":{"self":[{"href":"https:\/\/infosports.com.ar\/web\/wp-json\/wp\/v2\/posts\/2198","targetHints":{"allow":["GET"]}}],"collection":[{"href":"https:\/\/infosports.com.ar\/web\/wp-json\/wp\/v2\/posts"}],"about":[{"href":"https:\/\/infosports.com.ar\/web\/wp-json\/wp\/v2\/types\/post"}],"author":[{"embeddable":true,"href":"https:\/\/infosports.com.ar\/web\/wp-json\/wp\/v2\/users\/3"}],"replies":[{"embeddable":true,"href":"https:\/\/infosports.com.ar\/web\/wp-json\/wp\/v2\/comments?post=2198"}],"version-history":[{"count":1,"href":"https:\/\/infosports.com.ar\/web\/wp-json\/wp\/v2\/posts\/2198\/revisions"}],"predecessor-version":[{"id":2200,"href":"https:\/\/infosports.com.ar\/web\/wp-json\/wp\/v2\/posts\/2198\/revisions\/2200"}],"wp:attachment":[{"href":"https:\/\/infosports.com.ar\/web\/wp-json\/wp\/v2\/media?parent=2198"}],"wp:term":[{"taxonomy":"category","embeddable":true,"href":"https:\/\/infosports.com.ar\/web\/wp-json\/wp\/v2\/categories?post=2198"},{"taxonomy":"post_tag","embeddable":true,"href":"https:\/\/infosports.com.ar\/web\/wp-json\/wp\/v2\/tags?post=2198"}],"curies":[{"name":"wp","href":"https:\/\/api.w.org\/{rel}","templated":true}]}}