{"id":2201,"date":"2022-09-19T12:23:55","date_gmt":"2022-09-19T15:23:55","guid":{"rendered":"https:\/\/infosports.com.ar\/web\/?p=2201"},"modified":"2022-09-19T12:23:55","modified_gmt":"2022-09-19T15:23:55","slug":"provincial-de-futbol-femenino-la-escuela-municipal-logro-la-clasificacion","status":"publish","type":"post","link":"https:\/\/infosports.com.ar\/web\/provincial-de-futbol-femenino-la-escuela-municipal-logro-la-clasificacion\/","title":{"rendered":"Provincial de Futbol Femenino-La Escuela Municipal logr\u00f3 la clasificaci\u00f3n"},"content":{"rendered":"<div class=\"l7ghb35v kjdc1dyq kmwttqpk gh25dzvf jikcssrz n3t5jt4f\">\n<div dir=\"auto\">Tras disputarse la \u00faltima fecha de la fase de grupos por la zona 5A, Escuela Municipal se clasific\u00f3 a la instancia de octavos de final del Torneo Provincial de F\u00fatbol Femenino, fue victoria por 9 a 0, aunque solo ese resultado no alcanzaba, sino que deb\u00edan esperar que se diera uno m\u00e1s y ese se dio.<\/div>\n<\/div>\n<p><!--more--><\/p>\n<div class=\"l7ghb35v kjdc1dyq kmwttqpk gh25dzvf jikcssrz n3t5jt4f\">\n<div dir=\"auto\">Las chicas viajaron a La Humada, sede de esta fecha, con toda la esperanza, sab\u00edan perfectamente que era dif\u00edcil pero no imposible, porque no depend\u00edan de un solo partido.<\/div>\n<div dir=\"auto\">Fue por eso que se tomaron su encuentro ante Seniors Club de Santa Isabel con absoluta seriedad y concentraci\u00f3n y eso es lo que refleja el resultado, a los 15 minutos del primer tiempo ya ganaban 4 a 0, 3 goles de su capitana Maira Oses y el restante de Agostina Zurita.<\/div>\n<div dir=\"auto\"><\/div>\n<div dir=\"auto\">El segundo tiempo fue de la misma tonalidad, Escuela Municipal fue dominador de principio a fin, 2 goles m\u00e1s de Zurita, otro de Oses y los restantes los convirtieron Abiga\u00edl Cerna y \u201cPili\u201d Almada, con un golazo de tiro libre.<\/div>\n<div dir=\"auto\"><\/div>\n<div dir=\"auto\">Final y a esperar.<\/div>\n<\/div>\n<div class=\"l7ghb35v kjdc1dyq kmwttqpk gh25dzvf jikcssrz n3t5jt4f\">\n<div dir=\"auto\">Aunque parezca irreal, este cotejo no fue el que clasific\u00f3 a las veinticinque\u00f1as, sino el que jugaron La Humada y Juventud Unida, dos muy buenos equipos, si empataban ambos clasificaban, pero se observ\u00f3 desde el principio que los dos equipos salieron a ganar.<\/div>\n<div dir=\"auto\">Y fue el equipo de Sol, que se puso en ventaja en la primera mitad y se defendi\u00f3 con u\u00f1as y dientes hasta el final del partido, tenemos que reconocer que son equipos tenaces y aguerridos, es m\u00e1s, La Humada cont\u00f3 con tres chances claras para convertir y no pudo lograrlo.<\/div>\n<div dir=\"auto\"><\/div>\n<\/div>\n<div class=\"l7ghb35v kjdc1dyq kmwttqpk gh25dzvf jikcssrz n3t5jt4f\">\n<div dir=\"auto\">Cuando son\u00f3 el silbatazo de uno de los jueces, desat\u00f3 el festejo no solo de las chicas de Santa Isabel, sino tambi\u00e9n del plantel completo de Escuela Municipal, que encabezan Ada Cerna, Wilson Morales y Mar\u00eda Mansilla.<\/div>\n<div dir=\"auto\"><\/div>\n<div dir=\"auto\"><\/div>\n<\/div>\n","protected":false},"excerpt":{"rendered":"<p>Tras disputarse la \u00faltima fecha de la fase de grupos por la zona 5A, Escuela Municipal se clasific\u00f3 a la instancia de octavos de final del Torneo Provincial de F\u00fatbol Femenino, fue victoria por 9 a 0, aunque solo ese resultado no alcanzaba, sino que deb\u00edan esperar que se diera uno m\u00e1s y ese se [&hellip;]<\/p>\n","protected":false},"author":3,"featured_media":0,"comment_status":"open","ping_status":"open","sticky":false,"template":"","format":"standard","meta":{"_acf_changed":false,"footnotes":""},"categories":[],"tags":[],"class_list":["post-2201","post","type-post","status-publish","format-standard"],"acf":[],"aioseo_notices":[],"_links":{"self":[{"href":"https:\/\/infosports.com.ar\/web\/wp-json\/wp\/v2\/posts\/2201","targetHints":{"allow":["GET"]}}],"collection":[{"href":"https:\/\/infosports.com.ar\/web\/wp-json\/wp\/v2\/posts"}],"about":[{"href":"https:\/\/infosports.com.ar\/web\/wp-json\/wp\/v2\/types\/post"}],"author":[{"embeddable":true,"href":"https:\/\/infosports.com.ar\/web\/wp-json\/wp\/v2\/users\/3"}],"replies":[{"embeddable":true,"href":"https:\/\/infosports.com.ar\/web\/wp-json\/wp\/v2\/comments?post=2201"}],"version-history":[{"count":1,"href":"https:\/\/infosports.com.ar\/web\/wp-json\/wp\/v2\/posts\/2201\/revisions"}],"predecessor-version":[{"id":2203,"href":"https:\/\/infosports.com.ar\/web\/wp-json\/wp\/v2\/posts\/2201\/revisions\/2203"}],"wp:attachment":[{"href":"https:\/\/infosports.com.ar\/web\/wp-json\/wp\/v2\/media?parent=2201"}],"wp:term":[{"taxonomy":"category","embeddable":true,"href":"https:\/\/infosports.com.ar\/web\/wp-json\/wp\/v2\/categories?post=2201"},{"taxonomy":"post_tag","embeddable":true,"href":"https:\/\/infosports.com.ar\/web\/wp-json\/wp\/v2\/tags?post=2201"}],"curies":[{"name":"wp","href":"https:\/\/api.w.org\/{rel}","templated":true}]}}